{"id":98935,"date":"2025-09-08T11:40:29","date_gmt":"2025-09-08T14:40:29","guid":{"rendered":"https:\/\/patagoniambiental.com.ar\/info\/?p=98935"},"modified":"2026-03-19T13:05:06","modified_gmt":"2026-03-19T16:05:06","slug":"cooperativa-nosotras-desde-abajo","status":"publish","type":"post","link":"https:\/\/patagoniambiental.com.ar\/info\/cooperativa-nosotras-desde-abajo\/","title":{"rendered":"Cooperativa \u201cNosotras Desde Abajo\u201d: el faro de la Econom\u00eda Circular de R\u00edo Negro que transforma pl\u00e1stico y crea oportunidades"},"content":{"rendered":"\n<!--more-->\n\n\n\n<h2 class=\"wp-block-heading\" id=\"h-una-historia-de-transformacion-desde-la-periferia-hasta-el-corazon-de-la-economia-circular\">Una historia de transformaci\u00f3n desde la periferia hasta el coraz\u00f3n de la econom\u00eda circular<\/h2>\n\n\n\n<p>Viedma, Rio Negro, 8 de septiembre de 2025. La ciudad de Viedma, capital de R\u00edo Negro, est\u00e1 siendo testigo de un fen\u00f3meno que trasciende lo ambiental y se instala como un ejemplo de inclusi\u00f3n social y generaci\u00f3n de oportunidades econ\u00f3micas. La Cooperativa \u201cNosotras Desde Abajo\u201d, integrada mayoritariamente por mujeres que enfrentaron situaciones de vulnerabilidad, se ha convertido en un actor clave dentro del mapa de econom\u00eda circular de R\u00edo Negro, demostrando que el reciclaje puede ser un motor de desarrollo local.<\/p>\n\n\n\n<p>Lo que comenz\u00f3 como una iniciativa peque\u00f1a, casi artesanal, hoy se proyecta como una organizaci\u00f3n con impacto social, ambiental y cultural. Su nombre no es casual: representa la lucha de mujeres que, desde abajo, construyen un futuro digno, sostenible y lleno de esperanza, convirtiendo pl\u00e1sticos en productos \u00fatiles y creando empleo en una ciudad donde las oportunidades no siempre llegan a todos.<\/p>\n\n\n\n<h2 class=\"wp-block-heading\" id=\"h-la-cooperativa-nosotras-desde-abajo-un-modelo-de-reciclaje-inclusivo-en-viedma\">La Cooperativa \u201cNosotras Desde Abajo\u201d: un modelo de reciclaje inclusivo en Viedma<\/h2>\n\n\n\n<p>La Cooperativa Nosotras Desde Abajo naci\u00f3 con el objetivo de dar respuesta a dos problemas urgentes: la acumulaci\u00f3n de residuos pl\u00e1sticos que contaminaban los barrios y la falta de empleo estable para mujeres jefas de hogar. Hoy, con un taller en funcionamiento, estas mujeres transforman el pl\u00e1stico recuperado en insumos textiles, como telas recicladas, que luego se utilizan para la confecci\u00f3n de productos de uso cotidiano.<\/p>\n\n\n\n<p>En particular, la cooperativa se hizo conocida por la elaboraci\u00f3n de guardapolvos escolares a precios populares, un producto que combina impacto ambiental con justicia social. Cada guardapolvo no solo simboliza el esfuerzo de reciclaje, sino tambi\u00e9n la oportunidad de que familias de bajos recursos accedan a indumentaria escolar de calidad a un costo accesible.<\/p>\n\n\n\n<h2 class=\"wp-block-heading\" id=\"h-economia-circular-de-rio-negro-un-entramado-de-actores-que-marcan-la-diferencia\">Econom\u00eda circular de R\u00edo Negro: un entramado de actores que marcan la diferencia<\/h2>\n\n\n\n<p>El caso de Nosotras Desde Abajo no puede analizarse de forma aislada: forma parte de un entramado mayor de experiencias de econom\u00eda circular en R\u00edo Negro, donde cooperativas, recicladoras, asociaciones y municipios se articulan para dar respuesta a la crisis ambiental.<\/p>\n\n\n\n<p>Experiencias como la de la Recicladora Cipolletti, la Asociaci\u00f3n de Recicladores de Bariloche y los puntos limpios de General Roca y Viedma muestran que la provincia avanza hacia un modelo donde los residuos dejan de ser basura para convertirse en insumos productivos. Este mapa de econom\u00eda circular no solo visibiliza actores, sino que permite crear sinergias y pensar en pol\u00edticas p\u00fablicas de largo plazo.<\/p>\n\n\n\n<h2 class=\"wp-block-heading\" id=\"h-viedma-y-la-inclusion-laboral-mujeres-que-reinventan-su-destino\">Viedma y la inclusi\u00f3n laboral: mujeres que reinventan su destino<\/h2>\n\n\n\n<p>Uno de los aspectos m\u00e1s potentes de la Cooperativa es su impacto en la inclusi\u00f3n laboral de mujeres en Viedma. Muchas de sus integrantes atravesaron situaciones de violencia de g\u00e9nero, desempleo cr\u00f3nico o precarizaci\u00f3n laboral, y encontraron en el reciclaje una oportunidad concreta de reconstruir sus vidas.<\/p>\n\n\n\n<p>El modelo cooperativo les permite tomar decisiones colectivas, gestionar de forma aut\u00f3noma los recursos y garantizar un reparto justo de ingresos, algo que no siempre ocurre en el mercado laboral tradicional. Adem\u00e1s, su ejemplo se multiplica como inspiraci\u00f3n para otras organizaciones sociales y barriales que ven en el reciclaje no solo un negocio, sino una forma de dignificar el trabajo y cuidar el ambiente al mismo tiempo.<\/p>\n\n\n\n<p><a href=\"https:\/\/patagoniambiental.com.ar\/info\/rio-negro-lanza-la-red-de-economia-circular-para-transformar-residuos-en-oportunidades\/\">Te puede interesar: R\u00edo Negro lanza la Red de Econom\u00eda Circular para transformar residuos en oportunidades!<\/a><\/p>\n\n\n\n<h2 class=\"wp-block-heading\" id=\"h-reciclaje-de-plastico-en-viedma-del-residuo-a-la-materia-prima\">Reciclaje de pl\u00e1stico en Viedma: del residuo a la materia prima<\/h2>\n\n\n\n<p>Uno de los principales aportes de Nosotras Desde Abajo es el reciclaje de pl\u00e1stico, un material que representa un enorme desaf\u00edo ambiental en todo el mundo. En Viedma, toneladas de botellas y envases pl\u00e1sticos terminaban en el basural a cielo abierto o en las orillas del r\u00edo Negro, afectando la fauna y el paisaje natural.<\/p>\n\n\n\n<p>Gracias al trabajo de la cooperativa, estos pl\u00e1sticos se transforman en insumos que luego se convierten en telas recicladas para la confecci\u00f3n de productos escolares y comunitarios. Este proceso no solo reduce la contaminaci\u00f3n, sino que adem\u00e1s permite demostrar que los residuos tienen valor econ\u00f3mico y pueden reincorporarse al circuito productivo de manera innovadora.<\/p>\n\n\n\n<h2 class=\"wp-block-heading\" id=\"h-guardapolvos-a-precios-populares-educacion-ambiente-e-inclusion\">Guardapolvos a precios populares: educaci\u00f3n, ambiente e inclusi\u00f3n<\/h2>\n\n\n\n<p>La propuesta de confeccionar guardapolvos escolares a precios populares se convirti\u00f3 en uno de los grandes hitos de la cooperativa. Con esta iniciativa, lograron unir tres dimensiones fundamentales:<\/p>\n\n\n\n<p>Educaci\u00f3n: garantizar que ni\u00f1as y ni\u00f1os de Viedma accedan a guardapolvos sin que el precio sea un obst\u00e1culo.<\/p>\n\n\n\n<p>Ambiente: reducir el volumen de pl\u00e1sticos que contaminan la ciudad y el r\u00edo.<\/p>\n\n\n\n<p>Inclusi\u00f3n: generar ingresos estables para mujeres que antes estaban excluidas del sistema formal de trabajo.<\/p>\n\n\n\n<p>El impacto es tal que muchas familias se acercan directamente al taller para comprar estos productos, reconociendo el valor social detr\u00e1s de cada prenda.<\/p>\n\n\n\n<h2 class=\"wp-block-heading\" id=\"h-educacion-ambiental-y-participacion-ciudadana-en-viedma\">Educaci\u00f3n ambiental y participaci\u00f3n ciudadana en Viedma<\/h2>\n\n\n\n<p>La cooperativa tambi\u00e9n impulsa campa\u00f1as de educaci\u00f3n ambiental, en las que explican a vecinos y estudiantes c\u00f3mo separar residuos en origen y por qu\u00e9 es importante darles una segunda vida. A trav\u00e9s de talleres en escuelas y charlas en centros comunitarios, transmiten el mensaje de que la econom\u00eda circular no es un concepto abstracto, sino una pr\u00e1ctica cotidiana que comienza en cada hogar.<\/p>\n\n\n\n<p>Estas acciones fortalecen la participaci\u00f3n ciudadana y consolidan la idea de que Viedma puede convertirse en una ciudad referente de la econom\u00eda circular en la Patagonia.<\/p>\n\n\n\n<h2 class=\"wp-block-heading\" id=\"h-la-conexion-con-la-asociacion-de-recicladores-de-bariloche\">La conexi\u00f3n con la Asociaci\u00f3n de Recicladores de Bariloche<\/h2>\n\n\n\n<p>El trabajo de Nosotras Desde Abajo dialoga directamente con el de la Asociaci\u00f3n de Recicladores de Bariloche (ARB). Ambas organizaciones representan el coraz\u00f3n de un modelo que combina reciclaje, justicia social y econom\u00eda popular. Mientras la ARB se enfoca en la clasificaci\u00f3n de residuos y en la inclusi\u00f3n de recicladores urbanos, la cooperativa viedmense apuesta a la transformaci\u00f3n de materiales en productos de consumo masivo.<\/p>\n\n\n\n<p>Juntas, estas experiencias demuestran que la econom\u00eda circular de R\u00edo Negro no es una consigna, sino una pr\u00e1ctica concreta con impacto medible en las comunidades.<\/p>\n\n\n\n<h2 class=\"wp-block-heading\" id=\"h-retos-y-desafios-infraestructura-politicas-publicas-y-financiamiento\">Retos y desaf\u00edos: infraestructura, pol\u00edticas p\u00fablicas y financiamiento<\/h2>\n\n\n\n<p>A pesar de los avances, la cooperativa enfrenta desaf\u00edos estructurales que limitan su crecimiento. La falta de maquinaria m\u00e1s moderna para procesar pl\u00e1sticos, la necesidad de ampliar el taller y la dificultad para acceder a cr\u00e9ditos blandos son obst\u00e1culos recurrentes.<\/p>\n\n\n\n<p>Aqu\u00ed es donde el rol del Estado se vuelve clave: pol\u00edticas p\u00fablicas que promuevan la compra de productos reciclados, incentivos fiscales para cooperativas y financiamiento para ampliar la infraestructura podr\u00edan consolidar este modelo como un referente provincial y nacional.<\/p>\n\n\n\n<h2 class=\"wp-block-heading\" id=\"h-innovacion-y-futuro-hacia-un-modelo-replicable-en-toda-la-patagonia\">Innovaci\u00f3n y futuro: hacia un modelo replicable en toda la Patagonia<\/h2>\n\n\n\n<p>El horizonte de la cooperativa no se limita a Viedma. Sus integrantes ya piensan en replicar este modelo en otras ciudades de la Patagonia, generando redes con otras cooperativas y asociaciones. El objetivo es claro: construir una econom\u00eda circular regional que se apoye en la cooperaci\u00f3n, la innovaci\u00f3n y la participaci\u00f3n ciudadana.<\/p>\n\n\n\n<p>El futuro de la Patagonia circular se est\u00e1 escribiendo hoy con cada kilo de pl\u00e1stico recuperado, con cada guardapolvo vendido y con cada mujer que encuentra en el reciclaje un camino de autonom\u00eda y dignidad.<\/p>\n\n\n\n<h2 class=\"wp-block-heading\" id=\"h-una-cooperativa-que-marca-el-camino-de-la-economia-circular\">Una cooperativa que marca el camino de la econom\u00eda circular<\/h2>\n\n\n\n<p>La historia de Nosotras Desde Abajo es mucho m\u00e1s que una noticia local: es un ejemplo poderoso de c\u00f3mo el reciclaje puede transformarse en una herramienta de inclusi\u00f3n, sostenibilidad y desarrollo econ\u00f3mico. Desde Viedma, estas mujeres demuestran que la econom\u00eda circular de R\u00edo Negro tiene rostro, tiene nombre y tiene futuro.<\/p>\n\n\n\n<p>Lo que antes era residuo hoy es recurso. Lo que antes era exclusi\u00f3n hoy es inclusi\u00f3n. Y lo que antes era marginalidad hoy es una nueva forma de construir comunidad, trabajo y esperanza.<\/p>\n","protected":false},"excerpt":{"rendered":"","protected":false},"author":2,"featured_media":98936,"comment_status":"open","ping_status":"open","sticky":false,"template":"","format":"standard","meta":{"site-sidebar-layout":"default","site-content-layout":"","ast-site-content-layout":"default","site-content-style":"default","site-sidebar-style":"default","ast-global-header-display":"","ast-banner-title-visibility":"","ast-main-header-display":"","ast-hfb-above-header-display":"","ast-hfb-below-header-display":"","ast-hfb-mobile-header-display":"","site-post-title":"","ast-breadcrumbs-content":"","ast-featured-img":"","footer-sml-layout":"","ast-disable-related-posts":"","theme-transparent-header-meta":"","adv-header-id-meta":"","stick-header-meta":"","header-above-stick-meta":"","header-main-stick-meta":"","header-below-stick-meta":"","astra-migrate-meta-layouts":"default","ast-page-background-enabled":"default","ast-page-background-meta":{"desktop":{"background-color":"var(--ast-global-color-5)","background-image":"","background-repeat":"repeat","background-position":"center center","background-size":"auto","background-attachment":"scroll","background-type":"","background-media":"","overlay-type":"","overlay-color":"","overlay-opacity":"","overlay-gradient":""},"tablet":{"background-color":"","background-image":"","background-repeat":"repeat","background-position":"center center","background-size":"auto","background-attachment":"scroll","background-type":"","background-media":"","overlay-type":"","overlay-color":"","overlay-opacity":"","overlay-gradient":""},"mobile":{"background-color":"","background-image":"","background-repeat":"repeat","background-position":"center center","background-size":"auto","background-attachment":"scroll","background-type":"","background-media":"","overlay-type":"","overlay-color":"","overlay-opacity":"","overlay-gradient":""}},"ast-content-background-meta":{"desktop":{"background-color":"var(--ast-global-color-4)","background-image":"","background-repeat":"repeat","background-position":"center center","background-size":"auto","background-attachment":"scroll","background-type":"","background-media":"","overlay-type":"","overlay-color":"","overlay-opacity":"","overlay-gradient":""},"tablet":{"background-color":"var(--ast-global-color-4)","background-image":"","background-repeat":"repeat","background-position":"center center","background-size":"auto","background-attachment":"scroll","background-type":"","background-media":"","overlay-type":"","overlay-color":"","overlay-opacity":"","overlay-gradient":""},"mobile":{"background-color":"var(--ast-global-color-4)","background-image":"","background-repeat":"repeat","background-position":"center center","background-size":"auto","background-attachment":"scroll","background-type":"","background-media":"","overlay-type":"","overlay-color":"","overlay-opacity":"","overlay-gradient":""}},"footnotes":""},"categories":[3512,1],"tags":[],"class_list":["post-98935","post","type-post","status-publish","format-standard","has-post-thumbnail","hentry","category-economia-circular","category-noticias"],"yoast_head":"<!-- This site is optimized with the Yoast SEO Premium plugin v23.0 (Yoast SEO v27.5) - https:\/\/yoast.com\/product\/yoast-seo-premium-wordpress\/ -->\n<title>Cooperativa \u201cNosotras Desde Abajo\u201d: el faro de la Econom\u00eda Circular de R\u00edo Negro que transforma pl\u00e1stico y crea oportunidades<\/title>\n<meta name=\"description\" content=\"La ciudad de Viedma, capital de R\u00edo Negro, est\u00e1 siendo testigo de un fen\u00f3meno que trasciende lo ambiental y se instala como un ejemplo de inclusi\u00f3n social y generaci\u00f3n de oportunidades econ\u00f3micas.\" \/>\n<meta name=\"robots\" content=\"index, follow, max-snippet:-1, max-image-preview:large, max-video-preview:-1\" \/>\n<link rel=\"canonical\" href=\"https:\/\/patagoniambiental.com.ar\/info\/cooperativa-nosotras-desde-abajo\/\" \/>\n<meta property=\"og:locale\" content=\"es_ES\" \/>\n<meta property=\"og:type\" content=\"article\" \/>\n<meta property=\"og:title\" content=\"Cooperativa \u201cNosotras Desde Abajo\u201d: el faro de la Econom\u00eda Circular de R\u00edo Negro que transforma pl\u00e1stico y crea oportunidades\" \/>\n<meta property=\"og:description\" content=\"La ciudad de Viedma, capital de R\u00edo Negro, est\u00e1 siendo testigo de un fen\u00f3meno que trasciende lo ambiental y se instala como un ejemplo de inclusi\u00f3n social y generaci\u00f3n de oportunidades econ\u00f3micas.\" \/>\n<meta property=\"og:url\" content=\"https:\/\/patagoniambiental.com.ar\/info\/cooperativa-nosotras-desde-abajo\/\" \/>\n<meta property=\"og:site_name\" content=\"Patagonia Ambiental\" \/>\n<meta property=\"article:publisher\" content=\"https:\/\/www.facebook.com\/patagonia.ambiental\" \/>\n<meta property=\"article:author\" content=\"https:\/\/www.facebook.com\/share\/1C1V8Gv9BX\/?mibextid=qi2Omg\" \/>\n<meta property=\"article:published_time\" content=\"2025-09-08T14:40:29+00:00\" \/>\n<meta property=\"article:modified_time\" content=\"2026-03-19T16:05:06+00:00\" \/>\n<meta property=\"og:image\" content=\"https:\/\/patagoniambiental.com.ar\/info\/wp-content\/uploads\/2025\/09\/FB_IMG_1757342058809.jpg\" \/>\n\t<meta property=\"og:image:width\" content=\"338\" \/>\n\t<meta property=\"og:image:height\" content=\"600\" \/>\n\t<meta property=\"og:image:type\" content=\"image\/jpeg\" \/>\n<meta name=\"author\" content=\"Patagonia Ambiental\" \/>\n<meta name=\"twitter:card\" content=\"summary_large_image\" \/>\n<meta name=\"twitter:creator\" content=\"@PatAmb\" \/>\n<meta name=\"twitter:site\" content=\"@PatAmb\" \/>\n<script type=\"application\/ld+json\" class=\"yoast-schema-graph\">{\"@context\":\"https:\\\/\\\/schema.org\",\"@graph\":[{\"@type\":\"Article\",\"@id\":\"https:\\\/\\\/patagoniambiental.com.ar\\\/info\\\/cooperativa-nosotras-desde-abajo\\\/#article\",\"isPartOf\":{\"@id\":\"https:\\\/\\\/patagoniambiental.com.ar\\\/info\\\/cooperativa-nosotras-desde-abajo\\\/\"},\"author\":{\"name\":\"Patagonia Ambiental\",\"@id\":\"https:\\\/\\\/patagoniambiental.com.ar\\\/info\\\/#\\\/schema\\\/person\\\/db12bff64bbcbf6a253710bf0ea37b5d\"},\"headline\":\"Cooperativa \u201cNosotras Desde Abajo\u201d: el faro de la Econom\u00eda Circular de R\u00edo Negro que transforma pl\u00e1stico y crea oportunidades\",\"datePublished\":\"2025-09-08T14:40:29+00:00\",\"dateModified\":\"2026-03-19T16:05:06+00:00\",\"mainEntityOfPage\":{\"@id\":\"https:\\\/\\\/patagoniambiental.com.ar\\\/info\\\/cooperativa-nosotras-desde-abajo\\\/\"},\"wordCount\":1374,\"commentCount\":0,\"publisher\":{\"@id\":\"https:\\\/\\\/patagoniambiental.com.ar\\\/info\\\/#organization\"},\"image\":{\"@id\":\"https:\\\/\\\/patagoniambiental.com.ar\\\/info\\\/cooperativa-nosotras-desde-abajo\\\/#primaryimage\"},\"thumbnailUrl\":\"https:\\\/\\\/patagoniambiental.com.ar\\\/info\\\/wp-content\\\/uploads\\\/2025\\\/09\\\/FB_IMG_1757342058809.jpg\",\"articleSection\":[\"Econom\u00eda Circular\",\"Noticias\"],\"inLanguage\":\"es\",\"potentialAction\":[{\"@type\":\"CommentAction\",\"name\":\"Comment\",\"target\":[\"https:\\\/\\\/patagoniambiental.com.ar\\\/info\\\/cooperativa-nosotras-desde-abajo\\\/#respond\"]}]},{\"@type\":\"WebPage\",\"@id\":\"https:\\\/\\\/patagoniambiental.com.ar\\\/info\\\/cooperativa-nosotras-desde-abajo\\\/\",\"url\":\"https:\\\/\\\/patagoniambiental.com.ar\\\/info\\\/cooperativa-nosotras-desde-abajo\\\/\",\"name\":\"Cooperativa \u201cNosotras Desde Abajo\u201d: el faro de la Econom\u00eda Circular de R\u00edo Negro que transforma pl\u00e1stico y crea oportunidades\",\"isPartOf\":{\"@id\":\"https:\\\/\\\/patagoniambiental.com.ar\\\/info\\\/#website\"},\"primaryImageOfPage\":{\"@id\":\"https:\\\/\\\/patagoniambiental.com.ar\\\/info\\\/cooperativa-nosotras-desde-abajo\\\/#primaryimage\"},\"image\":{\"@id\":\"https:\\\/\\\/patagoniambiental.com.ar\\\/info\\\/cooperativa-nosotras-desde-abajo\\\/#primaryimage\"},\"thumbnailUrl\":\"https:\\\/\\\/patagoniambiental.com.ar\\\/info\\\/wp-content\\\/uploads\\\/2025\\\/09\\\/FB_IMG_1757342058809.jpg\",\"datePublished\":\"2025-09-08T14:40:29+00:00\",\"dateModified\":\"2026-03-19T16:05:06+00:00\",\"description\":\"La ciudad de Viedma, capital de R\u00edo Negro, est\u00e1 siendo testigo de un fen\u00f3meno que trasciende lo ambiental y se instala como un ejemplo de inclusi\u00f3n social y generaci\u00f3n de oportunidades econ\u00f3micas.\",\"breadcrumb\":{\"@id\":\"https:\\\/\\\/patagoniambiental.com.ar\\\/info\\\/cooperativa-nosotras-desde-abajo\\\/#breadcrumb\"},\"inLanguage\":\"es\",\"potentialAction\":[{\"@type\":\"ReadAction\",\"target\":[\"https:\\\/\\\/patagoniambiental.com.ar\\\/info\\\/cooperativa-nosotras-desde-abajo\\\/\"]}]},{\"@type\":\"ImageObject\",\"inLanguage\":\"es\",\"@id\":\"https:\\\/\\\/patagoniambiental.com.ar\\\/info\\\/cooperativa-nosotras-desde-abajo\\\/#primaryimage\",\"url\":\"https:\\\/\\\/patagoniambiental.com.ar\\\/info\\\/wp-content\\\/uploads\\\/2025\\\/09\\\/FB_IMG_1757342058809.jpg\",\"contentUrl\":\"https:\\\/\\\/patagoniambiental.com.ar\\\/info\\\/wp-content\\\/uploads\\\/2025\\\/09\\\/FB_IMG_1757342058809.jpg\",\"width\":338,\"height\":600,\"caption\":\"Cr\u00e9dito: Cooperativa Nosotras Desde Abajo\"},{\"@type\":\"BreadcrumbList\",\"@id\":\"https:\\\/\\\/patagoniambiental.com.ar\\\/info\\\/cooperativa-nosotras-desde-abajo\\\/#breadcrumb\",\"itemListElement\":[{\"@type\":\"ListItem\",\"position\":1,\"name\":\"Inicio\",\"item\":\"https:\\\/\\\/patagoniambiental.com.ar\\\/info\\\/\"},{\"@type\":\"ListItem\",\"position\":2,\"name\":\"Cooperativa \u201cNosotras Desde Abajo\u201d: el faro de la Econom\u00eda Circular de R\u00edo Negro que transforma pl\u00e1stico y crea oportunidades\"}]},{\"@type\":\"WebSite\",\"@id\":\"https:\\\/\\\/patagoniambiental.com.ar\\\/info\\\/#website\",\"url\":\"https:\\\/\\\/patagoniambiental.com.ar\\\/info\\\/\",\"name\":\"Patagonia Ambiental\",\"description\":\"Monitoreo y an\u00e1lisis de la situaci\u00f3n geopol\u00edtica en el mundo y su implicancia en la Patagonia\",\"publisher\":{\"@id\":\"https:\\\/\\\/patagoniambiental.com.ar\\\/info\\\/#organization\"},\"potentialAction\":[{\"@type\":\"SearchAction\",\"target\":{\"@type\":\"EntryPoint\",\"urlTemplate\":\"https:\\\/\\\/patagoniambiental.com.ar\\\/info\\\/?s={search_term_string}\"},\"query-input\":{\"@type\":\"PropertyValueSpecification\",\"valueRequired\":true,\"valueName\":\"search_term_string\"}}],\"inLanguage\":\"es\"},{\"@type\":\"Organization\",\"@id\":\"https:\\\/\\\/patagoniambiental.com.ar\\\/info\\\/#organization\",\"name\":\"Patagonia Ambiental\",\"url\":\"https:\\\/\\\/patagoniambiental.com.ar\\\/info\\\/\",\"logo\":{\"@type\":\"ImageObject\",\"inLanguage\":\"es\",\"@id\":\"https:\\\/\\\/patagoniambiental.com.ar\\\/info\\\/#\\\/schema\\\/logo\\\/image\\\/\",\"url\":\"https:\\\/\\\/patagoniambiental.com.ar\\\/info\\\/wp-content\\\/uploads\\\/2025\\\/05\\\/LOGO-PATAGONIA-AMBIENTAL.png\",\"contentUrl\":\"https:\\\/\\\/patagoniambiental.com.ar\\\/info\\\/wp-content\\\/uploads\\\/2025\\\/05\\\/LOGO-PATAGONIA-AMBIENTAL.png\",\"width\":433,\"height\":250,\"caption\":\"Patagonia Ambiental\"},\"image\":{\"@id\":\"https:\\\/\\\/patagoniambiental.com.ar\\\/info\\\/#\\\/schema\\\/logo\\\/image\\\/\"},\"sameAs\":[\"https:\\\/\\\/www.facebook.com\\\/patagonia.ambiental\",\"https:\\\/\\\/x.com\\\/PatAmb\"]},{\"@type\":\"Person\",\"@id\":\"https:\\\/\\\/patagoniambiental.com.ar\\\/info\\\/#\\\/schema\\\/person\\\/db12bff64bbcbf6a253710bf0ea37b5d\",\"name\":\"Patagonia Ambiental\",\"description\":\"Andr\u00e9s Nievas T\u00e9cnico en manejo ambiental, consultor Ambiental y escritor para medios locales e internacionales sobre temas de geopolitica y medio ambiente.\",\"sameAs\":[\"http:\\\/\\\/www.patagoniambiental.com.ar\",\"https:\\\/\\\/www.facebook.com\\\/share\\\/1C1V8Gv9BX\\\/?mibextid=qi2Omg\",\"@patagoniambiental\",\"https:\\\/\\\/youtube.com\\\/@patagoniaambiental2023?si=BLt58t0wuXquxlYZ\"]}]}<\/script>\n<!-- \/ Yoast SEO Premium plugin. -->","yoast_head_json":{"title":"Cooperativa \u201cNosotras Desde Abajo\u201d: el faro de la Econom\u00eda Circular de R\u00edo Negro que transforma pl\u00e1stico y crea oportunidades","description":"La ciudad de Viedma, capital de R\u00edo Negro, est\u00e1 siendo testigo de un fen\u00f3meno que trasciende lo ambiental y se instala como un ejemplo de inclusi\u00f3n social y generaci\u00f3n de oportunidades econ\u00f3micas.","robots":{"index":"index","follow":"follow","max-snippet":"max-snippet:-1","max-image-preview":"max-image-preview:large","max-video-preview":"max-video-preview:-1"},"canonical":"https:\/\/patagoniambiental.com.ar\/info\/cooperativa-nosotras-desde-abajo\/","og_locale":"es_ES","og_type":"article","og_title":"Cooperativa \u201cNosotras Desde Abajo\u201d: el faro de la Econom\u00eda Circular de R\u00edo Negro que transforma pl\u00e1stico y crea oportunidades","og_description":"La ciudad de Viedma, capital de R\u00edo Negro, est\u00e1 siendo testigo de un fen\u00f3meno que trasciende lo ambiental y se instala como un ejemplo de inclusi\u00f3n social y generaci\u00f3n de oportunidades econ\u00f3micas.","og_url":"https:\/\/patagoniambiental.com.ar\/info\/cooperativa-nosotras-desde-abajo\/","og_site_name":"Patagonia Ambiental","article_publisher":"https:\/\/www.facebook.com\/patagonia.ambiental","article_author":"https:\/\/www.facebook.com\/share\/1C1V8Gv9BX\/?mibextid=qi2Omg","article_published_time":"2025-09-08T14:40:29+00:00","article_modified_time":"2026-03-19T16:05:06+00:00","og_image":[{"width":338,"height":600,"url":"https:\/\/patagoniambiental.com.ar\/info\/wp-content\/uploads\/2025\/09\/FB_IMG_1757342058809.jpg","type":"image\/jpeg"}],"author":"Patagonia Ambiental","twitter_card":"summary_large_image","twitter_creator":"@PatAmb","twitter_site":"@PatAmb","schema":{"@context":"https:\/\/schema.org","@graph":[{"@type":"Article","@id":"https:\/\/patagoniambiental.com.ar\/info\/cooperativa-nosotras-desde-abajo\/#article","isPartOf":{"@id":"https:\/\/patagoniambiental.com.ar\/info\/cooperativa-nosotras-desde-abajo\/"},"author":{"name":"Patagonia Ambiental","@id":"https:\/\/patagoniambiental.com.ar\/info\/#\/schema\/person\/db12bff64bbcbf6a253710bf0ea37b5d"},"headline":"Cooperativa \u201cNosotras Desde Abajo\u201d: el faro de la Econom\u00eda Circular de R\u00edo Negro que transforma pl\u00e1stico y crea oportunidades","datePublished":"2025-09-08T14:40:29+00:00","dateModified":"2026-03-19T16:05:06+00:00","mainEntityOfPage":{"@id":"https:\/\/patagoniambiental.com.ar\/info\/cooperativa-nosotras-desde-abajo\/"},"wordCount":1374,"commentCount":0,"publisher":{"@id":"https:\/\/patagoniambiental.com.ar\/info\/#organization"},"image":{"@id":"https:\/\/patagoniambiental.com.ar\/info\/cooperativa-nosotras-desde-abajo\/#primaryimage"},"thumbnailUrl":"https:\/\/patagoniambiental.com.ar\/info\/wp-content\/uploads\/2025\/09\/FB_IMG_1757342058809.jpg","articleSection":["Econom\u00eda Circular","Noticias"],"inLanguage":"es","potentialAction":[{"@type":"CommentAction","name":"Comment","target":["https:\/\/patagoniambiental.com.ar\/info\/cooperativa-nosotras-desde-abajo\/#respond"]}]},{"@type":"WebPage","@id":"https:\/\/patagoniambiental.com.ar\/info\/cooperativa-nosotras-desde-abajo\/","url":"https:\/\/patagoniambiental.com.ar\/info\/cooperativa-nosotras-desde-abajo\/","name":"Cooperativa \u201cNosotras Desde Abajo\u201d: el faro de la Econom\u00eda Circular de R\u00edo Negro que transforma pl\u00e1stico y crea oportunidades","isPartOf":{"@id":"https:\/\/patagoniambiental.com.ar\/info\/#website"},"primaryImageOfPage":{"@id":"https:\/\/patagoniambiental.com.ar\/info\/cooperativa-nosotras-desde-abajo\/#primaryimage"},"image":{"@id":"https:\/\/patagoniambiental.com.ar\/info\/cooperativa-nosotras-desde-abajo\/#primaryimage"},"thumbnailUrl":"https:\/\/patagoniambiental.com.ar\/info\/wp-content\/uploads\/2025\/09\/FB_IMG_1757342058809.jpg","datePublished":"2025-09-08T14:40:29+00:00","dateModified":"2026-03-19T16:05:06+00:00","description":"La ciudad de Viedma, capital de R\u00edo Negro, est\u00e1 siendo testigo de un fen\u00f3meno que trasciende lo ambiental y se instala como un ejemplo de inclusi\u00f3n social y generaci\u00f3n de oportunidades econ\u00f3micas.","breadcrumb":{"@id":"https:\/\/patagoniambiental.com.ar\/info\/cooperativa-nosotras-desde-abajo\/#breadcrumb"},"inLanguage":"es","potentialAction":[{"@type":"ReadAction","target":["https:\/\/patagoniambiental.com.ar\/info\/cooperativa-nosotras-desde-abajo\/"]}]},{"@type":"ImageObject","inLanguage":"es","@id":"https:\/\/patagoniambiental.com.ar\/info\/cooperativa-nosotras-desde-abajo\/#primaryimage","url":"https:\/\/patagoniambiental.com.ar\/info\/wp-content\/uploads\/2025\/09\/FB_IMG_1757342058809.jpg","contentUrl":"https:\/\/patagoniambiental.com.ar\/info\/wp-content\/uploads\/2025\/09\/FB_IMG_1757342058809.jpg","width":338,"height":600,"caption":"Cr\u00e9dito: Cooperativa Nosotras Desde Abajo"},{"@type":"BreadcrumbList","@id":"https:\/\/patagoniambiental.com.ar\/info\/cooperativa-nosotras-desde-abajo\/#breadcrumb","itemListElement":[{"@type":"ListItem","position":1,"name":"Inicio","item":"https:\/\/patagoniambiental.com.ar\/info\/"},{"@type":"ListItem","position":2,"name":"Cooperativa \u201cNosotras Desde Abajo\u201d: el faro de la Econom\u00eda Circular de R\u00edo Negro que transforma pl\u00e1stico y crea oportunidades"}]},{"@type":"WebSite","@id":"https:\/\/patagoniambiental.com.ar\/info\/#website","url":"https:\/\/patagoniambiental.com.ar\/info\/","name":"Patagonia Ambiental","description":"Monitoreo y an\u00e1lisis de la situaci\u00f3n geopol\u00edtica en el mundo y su implicancia en la Patagonia","publisher":{"@id":"https:\/\/patagoniambiental.com.ar\/info\/#organization"},"potentialAction":[{"@type":"SearchAction","target":{"@type":"EntryPoint","urlTemplate":"https:\/\/patagoniambiental.com.ar\/info\/?s={search_term_string}"},"query-input":{"@type":"PropertyValueSpecification","valueRequired":true,"valueName":"search_term_string"}}],"inLanguage":"es"},{"@type":"Organization","@id":"https:\/\/patagoniambiental.com.ar\/info\/#organization","name":"Patagonia Ambiental","url":"https:\/\/patagoniambiental.com.ar\/info\/","logo":{"@type":"ImageObject","inLanguage":"es","@id":"https:\/\/patagoniambiental.com.ar\/info\/#\/schema\/logo\/image\/","url":"https:\/\/patagoniambiental.com.ar\/info\/wp-content\/uploads\/2025\/05\/LOGO-PATAGONIA-AMBIENTAL.png","contentUrl":"https:\/\/patagoniambiental.com.ar\/info\/wp-content\/uploads\/2025\/05\/LOGO-PATAGONIA-AMBIENTAL.png","width":433,"height":250,"caption":"Patagonia Ambiental"},"image":{"@id":"https:\/\/patagoniambiental.com.ar\/info\/#\/schema\/logo\/image\/"},"sameAs":["https:\/\/www.facebook.com\/patagonia.ambiental","https:\/\/x.com\/PatAmb"]},{"@type":"Person","@id":"https:\/\/patagoniambiental.com.ar\/info\/#\/schema\/person\/db12bff64bbcbf6a253710bf0ea37b5d","name":"Patagonia Ambiental","description":"Andr\u00e9s Nievas T\u00e9cnico en manejo ambiental, consultor Ambiental y escritor para medios locales e internacionales sobre temas de geopolitica y medio ambiente.","sameAs":["http:\/\/www.patagoniambiental.com.ar","https:\/\/www.facebook.com\/share\/1C1V8Gv9BX\/?mibextid=qi2Omg","@patagoniambiental","https:\/\/youtube.com\/@patagoniaambiental2023?si=BLt58t0wuXquxlYZ"]}]}},"_links":{"self":[{"href":"https:\/\/patagoniambiental.com.ar\/info\/wp-json\/wp\/v2\/posts\/98935","targetHints":{"allow":["GET"]}}],"collection":[{"href":"https:\/\/patagoniambiental.com.ar\/info\/wp-json\/wp\/v2\/posts"}],"about":[{"href":"https:\/\/patagoniambiental.com.ar\/info\/wp-json\/wp\/v2\/types\/post"}],"author":[{"embeddable":true,"href":"https:\/\/patagoniambiental.com.ar\/info\/wp-json\/wp\/v2\/users\/2"}],"replies":[{"embeddable":true,"href":"https:\/\/patagoniambiental.com.ar\/info\/wp-json\/wp\/v2\/comments?post=98935"}],"version-history":[{"count":2,"href":"https:\/\/patagoniambiental.com.ar\/info\/wp-json\/wp\/v2\/posts\/98935\/revisions"}],"predecessor-version":[{"id":100978,"href":"https:\/\/patagoniambiental.com.ar\/info\/wp-json\/wp\/v2\/posts\/98935\/revisions\/100978"}],"wp:featuredmedia":[{"embeddable":true,"href":"https:\/\/patagoniambiental.com.ar\/info\/wp-json\/wp\/v2\/media\/98936"}],"wp:attachment":[{"href":"https:\/\/patagoniambiental.com.ar\/info\/wp-json\/wp\/v2\/media?parent=98935"}],"wp:term":[{"taxonomy":"category","embeddable":true,"href":"https:\/\/patagoniambiental.com.ar\/info\/wp-json\/wp\/v2\/categories?post=98935"},{"taxonomy":"post_tag","embeddable":true,"href":"https:\/\/patagoniambiental.com.ar\/info\/wp-json\/wp\/v2\/tags?post=98935"}],"curies":[{"name":"wp","href":"https:\/\/api.w.org\/{rel}","templated":true}]}}