{"id":99023,"date":"2024-08-17T19:44:00","date_gmt":"2024-08-17T22:44:00","guid":{"rendered":"https:\/\/patagoniambiental.com.ar\/info\/?p=99023"},"modified":"2026-03-19T13:11:58","modified_gmt":"2026-03-19T16:11:58","slug":"deco-klart-fabtica-muebles-reciclados","status":"publish","type":"post","link":"https:\/\/patagoniambiental.com.ar\/info\/deco-klart-fabtica-muebles-reciclados\/","title":{"rendered":"Deco Klart revoluciona R\u00edo Negro! Innovaci\u00f3n en pl\u00e1sticos reciclados y sostenibilidad con impacto social"},"content":{"rendered":"\n<!--more-->\n\n\n\n<p><strong>Un emprendimiento que transforma basura en soluciones sostenibles<\/strong><\/p>\n\n\n\n<p>General Fern\u00e1ndez Oro, Rio Negro, 17 de agosto de 2024. En la ciudad de General Fern\u00e1ndez Oro, ubicada en el coraz\u00f3n de la provincia de R\u00edo Negro, un emprendimiento local est\u00e1 marcando un antes y un despu\u00e9s en la forma en que se gestionan los residuos pl\u00e1sticos. Se trata de <strong>Deco Klart<\/strong>, un proyecto que en tan solo un a\u00f1o ha logrado consolidarse como referente en innovaci\u00f3n, sostenibilidad y compromiso social. Fundado por <strong>Yanina Rodr\u00edguez<\/strong>, este emprendimiento naci\u00f3 de manera casera, con la recolecci\u00f3n y transformaci\u00f3n de pl\u00e1sticos reciclados en el \u00e1mbito dom\u00e9stico, pero r\u00e1pidamente escal\u00f3 hasta establecer un espacio propio en la calle Los Aromos 1488. Hoy, en ese lugar, no solo se recolectan residuos pl\u00e1sticos, sino que tambi\u00e9n se desarrollan productos finales que representan un verdadero ejemplo de econom\u00eda circular aplicada en la vida cotidiana.<\/p>\n\n\n\n<p><a href=\"https:\/\/patagoniambiental.com.ar\/info\/rio-negro-lanza-la-red-de-economia-circular-para-transformar-residuos-en-oportunidades\/\">Te puede interesar: R\u00edo Negro lanza la Red de Econom\u00eda Circular para transformar residuos en oportunidades!<\/a><\/p>\n\n\n\n<p><strong>Pl\u00e1sticos reciclados: un desaf\u00edo ambiental y una oportunidad de negocio<\/strong><\/p>\n\n\n\n<p>La problem\u00e1tica de los pl\u00e1sticos en Argentina es cr\u00edtica: de acuerdo con cifras oficiales del <strong>Ministerio de Medio Ambiente<\/strong>, en el pa\u00eds se generan m\u00e1s de <strong>12 millones de toneladas de residuos s\u00f3lidos al a\u00f1o<\/strong>, de las cuales cerca del 11% corresponde a pl\u00e1sticos. Sin embargo, apenas un cuarto de esos residuos logra ser reciclado, lo que significa que millones de toneladas de pl\u00e1stico terminan en rellenos sanitarios, basurales a cielo abierto o, peor a\u00fan, en r\u00edos y mares. Frente a este panorama alarmante, <strong>Deco Klart surge como una alternativa concreta<\/strong>, demostrando que es posible convertir un problema ambiental en una oportunidad productiva, rentable y con impacto positivo en la comunidad.<\/p>\n\n\n\n<p><strong>Innovaci\u00f3n en reciclaje: de botellas y tapas a productos de dise\u00f1o<\/strong><\/p>\n\n\n\n<p>El enfoque de <strong>Deco Klart<\/strong> no se limita a la simple recolecci\u00f3n de residuos, sino que se basa en la <strong>transformaci\u00f3n inteligente de pl\u00e1sticos desechados en productos modulares, funcionales y est\u00e9ticamente atractivos<\/strong>. Utilizan materiales como el <strong>polietileno de alta densidad (HDPE)<\/strong>, presente en envases de productos de limpieza o cuidado personal; el <strong>polipropileno (PP)<\/strong>, habitual en tapas de botellas y bebidas; y el <strong>poliestireno (PS)<\/strong>, proveniente de envases de l\u00e1cteos y alimentos. A trav\u00e9s de procesos de trituraci\u00f3n, fundici\u00f3n y moldeado, logran piezas que pueden personalizarse en una gran variedad de colores, formas y texturas. Estos productos no solo tienen un valor est\u00e9tico, sino que adem\u00e1s <strong>prolongan la vida \u00fatil de materiales que de otro modo tardar\u00edan siglos en degradarse en el ambiente<\/strong>.<\/p>\n\n\n\n<p><strong>Econom\u00eda circular: el motor del cambio cultural<\/strong><\/p>\n\n\n\n<p>Lo que diferencia a <strong>Deco Klart<\/strong> de otros emprendimientos es su visi\u00f3n integral, alineada con los principios de la <strong>econom\u00eda circular<\/strong>. Cada pieza fabricada con pl\u00e1sticos reciclados representa una segunda oportunidad para materiales que, en el modelo econ\u00f3mico lineal tradicional, ser\u00edan considerados basura. Este cambio de paradigma permite no solo reducir la generaci\u00f3n de desechos, sino tambi\u00e9n crear empleos, fomentar la innovaci\u00f3n y consolidar una cadena de valor sustentable. En Fern\u00e1ndez Oro, la comunidad comienza a ver a los pl\u00e1sticos no como un problema, sino como un recurso que puede alimentar nuevos procesos productivos.<\/p>\n\n\n\n<p><strong>Puntos Limpios y educaci\u00f3n ambiental: sembrando conciencia en la comunidad<\/strong><\/p>\n\n\n\n<p>M\u00e1s all\u00e1 de la producci\u00f3n, <strong>Deco Klart apuesta fuertemente a la educaci\u00f3n ambiental<\/strong> como herramienta para generar un cambio cultural duradero. En colaboraci\u00f3n con el municipio de Fern\u00e1ndez Oro, se han instalado <strong>Puntos Limpios<\/strong> donde los vecinos pueden acercar sus pl\u00e1sticos, asegurando as\u00ed una recolecci\u00f3n m\u00e1s eficiente. Adem\u00e1s, el emprendimiento trabaja en conjunto con escuelas locales, capacitando a estudiantes y docentes en pr\u00e1cticas de separaci\u00f3n en origen, reciclaje y consumo responsable. Este aspecto educativo es clave, ya que apunta a que las nuevas generaciones incorporen la sostenibilidad como un valor esencial en sus h\u00e1bitos cotidianos.<\/p>\n\n\n\n<p><strong>Un modelo premiado: reconocimientos y apoyo institucional<\/strong><\/p>\n\n\n\n<p>El impacto de <strong>Deco Klart<\/strong> ha sido tan significativo que el emprendimiento ha recibido m\u00faltiples reconocimientos. Actualmente participa en el <strong>programa de emprendedores de R\u00edo Negro<\/strong>, impulsado por el Banco Patagonia y la Fundaci\u00f3n Nobleza Obliga, donde accede a financiamiento, mentor\u00edas y capacitaciones. Asimismo, forma parte de <strong>Naves Argentina<\/strong>, una prestigiosa plataforma que conecta a emprendedores con expertos y redes de networking que pueden potenciar el crecimiento del negocio. Estos apoyos refuerzan la legitimidad del proyecto y abren la puerta a una mayor expansi\u00f3n regional.<\/p>\n\n\n\n<p><strong>Declarado de inter\u00e9s comunitario por la Legislatura de R\u00edo Negro<\/strong><\/p>\n\n\n\n<p>En un hecho que confirma la relevancia de este emprendimiento, la <strong>Legislatura de la Provincia de R\u00edo Negro<\/strong> declar\u00f3 a <strong>Deco Klart<\/strong> de inter\u00e9s comunitario, social, educativo y econ\u00f3mico. Esta distinci\u00f3n no solo reconoce el esfuerzo de Yanina Rodr\u00edguez y su equipo, sino que tambi\u00e9n subraya la importancia de impulsar proyectos que integren el cuidado ambiental con el desarrollo econ\u00f3mico y la inclusi\u00f3n social. Que un emprendimiento de origen dom\u00e9stico llegue a ser distinguido oficialmente es un ejemplo inspirador para otros ciudadanos que buscan iniciar sus propios proyectos con impacto positivo.<\/p>\n\n\n\n<p><strong>El liderazgo de Yanina Rodr\u00edguez: una mujer que inspira<\/strong><\/p>\n\n\n\n<p>El rostro detr\u00e1s de <strong>Deco Klart<\/strong> es Yanina Rodr\u00edguez, una emprendedora que decidi\u00f3 transformar su preocupaci\u00f3n por los residuos pl\u00e1sticos en acci\u00f3n concreta. Su historia refleja el poder del liderazgo femenino en el \u00e1mbito de la sostenibilidad y la innovaci\u00f3n. Desde sus primeros pasos en la cocina de su casa hasta la consolidaci\u00f3n de un taller propio y el reconocimiento institucional, Yanina demuestra que con visi\u00f3n, esfuerzo y creatividad es posible construir proyectos capaces de mejorar la calidad de vida de toda una comunidad.<\/p>\n\n\n\n<p><strong>Impacto ambiental positivo: reduciendo la huella del pl\u00e1stico en la Patagonia<\/strong><\/p>\n\n\n\n<p>Cada producto fabricado por <strong>Deco Klart<\/strong> representa kilos de pl\u00e1stico que no terminan en la naturaleza. Si bien a\u00fan es dif\u00edcil cuantificar el total de residuos recuperados, los c\u00e1lculos iniciales indican que el emprendimiento ha logrado reciclar cientos de kilos en apenas un a\u00f1o de funcionamiento. A medida que el proyecto escale y aumente su capacidad productiva, esta cifra crecer\u00e1 exponencialmente, aportando a la reducci\u00f3n de la huella ambiental en la regi\u00f3n patag\u00f3nica. El desaf\u00edo, a futuro, ser\u00e1 multiplicar este tipo de iniciativas en toda la provincia y en el resto del pa\u00eds.<\/p>\n\n\n\n<p><strong>Responsabilidad social: m\u00e1s que un emprendimiento, un compromiso colectivo<\/strong><\/p>\n\n\n\n<p>El valor de <strong>Deco Klart<\/strong> no se limita a la innovaci\u00f3n tecnol\u00f3gica ni al reciclaje de pl\u00e1sticos. Su verdadero aporte radica en el <strong>compromiso social<\/strong>: educar, inspirar y demostrar que cada ciudadano tiene un rol en la construcci\u00f3n de un futuro m\u00e1s sostenible. En tiempos donde la crisis ambiental se percibe como un desaf\u00edo global abrumador, proyectos como este ofrecen una mirada esperanzadora y pr\u00e1ctica sobre c\u00f3mo empezar a cambiar desde lo local.<\/p>\n\n\n\n<p><strong>Proyecci\u00f3n a futuro: de Fern\u00e1ndez Oro al resto de la Argentina<\/strong><\/p>\n\n\n\n<p>El modelo de <strong>Deco Klart<\/strong> es perfectamente replicable en otras ciudades de Argentina. La combinaci\u00f3n de infraestructura b\u00e1sica, procesos de bajo costo y un fuerte componente educativo hace que este tipo de emprendimientos puedan multiplicarse en localidades grandes y peque\u00f1as. El desaf\u00edo para Yanina Rodr\u00edguez y su equipo ser\u00e1 escalar el negocio sin perder la esencia comunitaria que lo caracteriza, consolidando as\u00ed una red de producci\u00f3n y educaci\u00f3n ambiental a nivel nacional.<\/p>\n\n\n\n<p><strong>Un mensaje que trasciende fronteras: pl\u00e1sticos reciclados como s\u00edmbolo de cambio<\/strong><\/p>\n\n\n\n<p>M\u00e1s all\u00e1 de R\u00edo Negro, <strong>Deco Klart<\/strong> se suma a una tendencia global que busca repensar el v\u00ednculo de las sociedades con el pl\u00e1stico. Cada vez m\u00e1s pa\u00edses, empresas y comunidades entienden que la gesti\u00f3n responsable de los residuos no es una opci\u00f3n, sino una necesidad urgente. El ejemplo de este emprendimiento demuestra que con creatividad e innovaci\u00f3n es posible convertir un material tan problem\u00e1tico como el pl\u00e1stico en un recurso valioso, reduciendo impactos ambientales y fortaleciendo la econom\u00eda local.<\/p>\n","protected":false},"excerpt":{"rendered":"","protected":false},"author":2,"featured_media":99024,"comment_status":"open","ping_status":"open","sticky":false,"template":"","format":"standard","meta":{"site-sidebar-layout":"default","site-content-layout":"","ast-site-content-layout":"default","site-content-style":"default","site-sidebar-style":"default","ast-global-header-display":"","ast-banner-title-visibility":"","ast-main-header-display":"","ast-hfb-above-header-display":"","ast-hfb-below-header-display":"","ast-hfb-mobile-header-display":"","site-post-title":"","ast-breadcrumbs-content":"","ast-featured-img":"","footer-sml-layout":"","ast-disable-related-posts":"","theme-transparent-header-meta":"","adv-header-id-meta":"","stick-header-meta":"","header-above-stick-meta":"","header-main-stick-meta":"","header-below-stick-meta":"","astra-migrate-meta-layouts":"default","ast-page-background-enabled":"default","ast-page-background-meta":{"desktop":{"background-color":"var(--ast-global-color-5)","background-image":"","background-repeat":"repeat","background-position":"center center","background-size":"auto","background-attachment":"scroll","background-type":"","background-media":"","overlay-type":"","overlay-color":"","overlay-opacity":"","overlay-gradient":""},"tablet":{"background-color":"","background-image":"","background-repeat":"repeat","background-position":"center center","background-size":"auto","background-attachment":"scroll","background-type":"","background-media":"","overlay-type":"","overlay-color":"","overlay-opacity":"","overlay-gradient":""},"mobile":{"background-color":"","background-image":"","background-repeat":"repeat","background-position":"center center","background-size":"auto","background-attachment":"scroll","background-type":"","background-media":"","overlay-type":"","overlay-color":"","overlay-opacity":"","overlay-gradient":""}},"ast-content-background-meta":{"desktop":{"background-color":"var(--ast-global-color-4)","background-image":"","background-repeat":"repeat","background-position":"center center","background-size":"auto","background-attachment":"scroll","background-type":"","background-media":"","overlay-type":"","overlay-color":"","overlay-opacity":"","overlay-gradient":""},"tablet":{"background-color":"var(--ast-global-color-4)","background-image":"","background-repeat":"repeat","background-position":"center center","background-size":"auto","background-attachment":"scroll","background-type":"","background-media":"","overlay-type":"","overlay-color":"","overlay-opacity":"","overlay-gradient":""},"mobile":{"background-color":"var(--ast-global-color-4)","background-image":"","background-repeat":"repeat","background-position":"center center","background-size":"auto","background-attachment":"scroll","background-type":"","background-media":"","overlay-type":"","overlay-color":"","overlay-opacity":"","overlay-gradient":""}},"footnotes":""},"categories":[3512,1],"tags":[],"class_list":["post-99023","post","type-post","status-publish","format-standard","has-post-thumbnail","hentry","category-economia-circular","category-noticias"],"yoast_head":"<!-- This site is optimized with the Yoast SEO Premium plugin v23.0 (Yoast SEO v27.5) - https:\/\/yoast.com\/product\/yoast-seo-premium-wordpress\/ -->\n<title>Deco Klart revoluciona R\u00edo Negro! Innovaci\u00f3n en pl\u00e1sticos reciclados y sostenibilidad con impacto social En la ciudad de General Fern\u00e1ndez Oro, un emprendimiento local est\u00e1 marcando un antes y un despu\u00e9s<\/title>\n<meta name=\"description\" content=\"En la ciudad de General Fern\u00e1ndez Oro, un emprendimiento local est\u00e1 marcando un antes y un despu\u00e9s en la forma en que se gestionan los residuos pl\u00e1sticos.\" \/>\n<meta name=\"robots\" content=\"index, follow, max-snippet:-1, max-image-preview:large, max-video-preview:-1\" \/>\n<link rel=\"canonical\" href=\"https:\/\/patagoniambiental.com.ar\/info\/deco-klart-fabtica-muebles-reciclados\/\" \/>\n<meta property=\"og:locale\" content=\"es_ES\" \/>\n<meta property=\"og:type\" content=\"article\" \/>\n<meta property=\"og:title\" content=\"Deco Klart revoluciona R\u00edo Negro! Innovaci\u00f3n en pl\u00e1sticos reciclados y sostenibilidad con impacto social\" \/>\n<meta property=\"og:description\" content=\"En la ciudad de General Fern\u00e1ndez Oro, un emprendimiento local est\u00e1 marcando un antes y un despu\u00e9s en la forma en que se gestionan los residuos pl\u00e1sticos.\" \/>\n<meta property=\"og:url\" content=\"https:\/\/patagoniambiental.com.ar\/info\/deco-klart-fabtica-muebles-reciclados\/\" \/>\n<meta property=\"og:site_name\" content=\"Patagonia Ambiental\" \/>\n<meta property=\"article:publisher\" content=\"https:\/\/www.facebook.com\/patagonia.ambiental\" \/>\n<meta property=\"article:author\" content=\"https:\/\/www.facebook.com\/share\/1C1V8Gv9BX\/?mibextid=qi2Omg\" \/>\n<meta property=\"article:published_time\" content=\"2024-08-17T22:44:00+00:00\" \/>\n<meta property=\"article:modified_time\" content=\"2026-03-19T16:11:58+00:00\" \/>\n<meta property=\"og:image\" content=\"https:\/\/patagoniambiental.com.ar\/info\/wp-content\/uploads\/2025\/09\/Screenshot_20240825-125955-3.jpg\" \/>\n\t<meta property=\"og:image:width\" content=\"952\" \/>\n\t<meta property=\"og:image:height\" content=\"600\" \/>\n\t<meta property=\"og:image:type\" content=\"image\/jpeg\" \/>\n<meta name=\"author\" content=\"Patagonia Ambiental\" \/>\n<meta name=\"twitter:card\" content=\"summary_large_image\" \/>\n<meta name=\"twitter:creator\" content=\"@PatAmb\" \/>\n<meta name=\"twitter:site\" content=\"@PatAmb\" \/>\n<script type=\"application\/ld+json\" class=\"yoast-schema-graph\">{\"@context\":\"https:\\\/\\\/schema.org\",\"@graph\":[{\"@type\":\"Article\",\"@id\":\"https:\\\/\\\/patagoniambiental.com.ar\\\/info\\\/deco-klart-fabtica-muebles-reciclados\\\/#article\",\"isPartOf\":{\"@id\":\"https:\\\/\\\/patagoniambiental.com.ar\\\/info\\\/deco-klart-fabtica-muebles-reciclados\\\/\"},\"author\":{\"name\":\"Patagonia Ambiental\",\"@id\":\"https:\\\/\\\/patagoniambiental.com.ar\\\/info\\\/#\\\/schema\\\/person\\\/db12bff64bbcbf6a253710bf0ea37b5d\"},\"headline\":\"Deco Klart revoluciona R\u00edo Negro! Innovaci\u00f3n en pl\u00e1sticos reciclados y sostenibilidad con impacto social\",\"datePublished\":\"2024-08-17T22:44:00+00:00\",\"dateModified\":\"2026-03-19T16:11:58+00:00\",\"mainEntityOfPage\":{\"@id\":\"https:\\\/\\\/patagoniambiental.com.ar\\\/info\\\/deco-klart-fabtica-muebles-reciclados\\\/\"},\"wordCount\":1417,\"commentCount\":0,\"publisher\":{\"@id\":\"https:\\\/\\\/patagoniambiental.com.ar\\\/info\\\/#organization\"},\"image\":{\"@id\":\"https:\\\/\\\/patagoniambiental.com.ar\\\/info\\\/deco-klart-fabtica-muebles-reciclados\\\/#primaryimage\"},\"thumbnailUrl\":\"https:\\\/\\\/patagoniambiental.com.ar\\\/info\\\/wp-content\\\/uploads\\\/2025\\\/09\\\/Screenshot_20240825-125955-3.jpg\",\"articleSection\":[\"Econom\u00eda Circular\",\"Noticias\"],\"inLanguage\":\"es\",\"potentialAction\":[{\"@type\":\"CommentAction\",\"name\":\"Comment\",\"target\":[\"https:\\\/\\\/patagoniambiental.com.ar\\\/info\\\/deco-klart-fabtica-muebles-reciclados\\\/#respond\"]}]},{\"@type\":\"WebPage\",\"@id\":\"https:\\\/\\\/patagoniambiental.com.ar\\\/info\\\/deco-klart-fabtica-muebles-reciclados\\\/\",\"url\":\"https:\\\/\\\/patagoniambiental.com.ar\\\/info\\\/deco-klart-fabtica-muebles-reciclados\\\/\",\"name\":\"Deco Klart revoluciona R\u00edo Negro! Innovaci\u00f3n en pl\u00e1sticos reciclados y sostenibilidad con impacto social En la ciudad de General Fern\u00e1ndez Oro, un emprendimiento local est\u00e1 marcando un antes y un despu\u00e9s\",\"isPartOf\":{\"@id\":\"https:\\\/\\\/patagoniambiental.com.ar\\\/info\\\/#website\"},\"primaryImageOfPage\":{\"@id\":\"https:\\\/\\\/patagoniambiental.com.ar\\\/info\\\/deco-klart-fabtica-muebles-reciclados\\\/#primaryimage\"},\"image\":{\"@id\":\"https:\\\/\\\/patagoniambiental.com.ar\\\/info\\\/deco-klart-fabtica-muebles-reciclados\\\/#primaryimage\"},\"thumbnailUrl\":\"https:\\\/\\\/patagoniambiental.com.ar\\\/info\\\/wp-content\\\/uploads\\\/2025\\\/09\\\/Screenshot_20240825-125955-3.jpg\",\"datePublished\":\"2024-08-17T22:44:00+00:00\",\"dateModified\":\"2026-03-19T16:11:58+00:00\",\"description\":\"En la ciudad de General Fern\u00e1ndez Oro, un emprendimiento local est\u00e1 marcando un antes y un despu\u00e9s en la forma en que se gestionan los residuos pl\u00e1sticos.\",\"breadcrumb\":{\"@id\":\"https:\\\/\\\/patagoniambiental.com.ar\\\/info\\\/deco-klart-fabtica-muebles-reciclados\\\/#breadcrumb\"},\"inLanguage\":\"es\",\"potentialAction\":[{\"@type\":\"ReadAction\",\"target\":[\"https:\\\/\\\/patagoniambiental.com.ar\\\/info\\\/deco-klart-fabtica-muebles-reciclados\\\/\"]}]},{\"@type\":\"ImageObject\",\"inLanguage\":\"es\",\"@id\":\"https:\\\/\\\/patagoniambiental.com.ar\\\/info\\\/deco-klart-fabtica-muebles-reciclados\\\/#primaryimage\",\"url\":\"https:\\\/\\\/patagoniambiental.com.ar\\\/info\\\/wp-content\\\/uploads\\\/2025\\\/09\\\/Screenshot_20240825-125955-3.jpg\",\"contentUrl\":\"https:\\\/\\\/patagoniambiental.com.ar\\\/info\\\/wp-content\\\/uploads\\\/2025\\\/09\\\/Screenshot_20240825-125955-3.jpg\",\"width\":952,\"height\":600,\"caption\":\"Cr\u00e9dito: Deco Klart\"},{\"@type\":\"BreadcrumbList\",\"@id\":\"https:\\\/\\\/patagoniambiental.com.ar\\\/info\\\/deco-klart-fabtica-muebles-reciclados\\\/#breadcrumb\",\"itemListElement\":[{\"@type\":\"ListItem\",\"position\":1,\"name\":\"Inicio\",\"item\":\"https:\\\/\\\/patagoniambiental.com.ar\\\/info\\\/\"},{\"@type\":\"ListItem\",\"position\":2,\"name\":\"Deco Klart revoluciona R\u00edo Negro! Innovaci\u00f3n en pl\u00e1sticos reciclados y sostenibilidad con impacto social\"}]},{\"@type\":\"WebSite\",\"@id\":\"https:\\\/\\\/patagoniambiental.com.ar\\\/info\\\/#website\",\"url\":\"https:\\\/\\\/patagoniambiental.com.ar\\\/info\\\/\",\"name\":\"Patagonia Ambiental\",\"description\":\"Monitoreo y an\u00e1lisis de la situaci\u00f3n geopol\u00edtica en el mundo y su implicancia en la Patagonia\",\"publisher\":{\"@id\":\"https:\\\/\\\/patagoniambiental.com.ar\\\/info\\\/#organization\"},\"potentialAction\":[{\"@type\":\"SearchAction\",\"target\":{\"@type\":\"EntryPoint\",\"urlTemplate\":\"https:\\\/\\\/patagoniambiental.com.ar\\\/info\\\/?s={search_term_string}\"},\"query-input\":{\"@type\":\"PropertyValueSpecification\",\"valueRequired\":true,\"valueName\":\"search_term_string\"}}],\"inLanguage\":\"es\"},{\"@type\":\"Organization\",\"@id\":\"https:\\\/\\\/patagoniambiental.com.ar\\\/info\\\/#organization\",\"name\":\"Patagonia Ambiental\",\"url\":\"https:\\\/\\\/patagoniambiental.com.ar\\\/info\\\/\",\"logo\":{\"@type\":\"ImageObject\",\"inLanguage\":\"es\",\"@id\":\"https:\\\/\\\/patagoniambiental.com.ar\\\/info\\\/#\\\/schema\\\/logo\\\/image\\\/\",\"url\":\"https:\\\/\\\/patagoniambiental.com.ar\\\/info\\\/wp-content\\\/uploads\\\/2025\\\/05\\\/LOGO-PATAGONIA-AMBIENTAL.png\",\"contentUrl\":\"https:\\\/\\\/patagoniambiental.com.ar\\\/info\\\/wp-content\\\/uploads\\\/2025\\\/05\\\/LOGO-PATAGONIA-AMBIENTAL.png\",\"width\":433,\"height\":250,\"caption\":\"Patagonia Ambiental\"},\"image\":{\"@id\":\"https:\\\/\\\/patagoniambiental.com.ar\\\/info\\\/#\\\/schema\\\/logo\\\/image\\\/\"},\"sameAs\":[\"https:\\\/\\\/www.facebook.com\\\/patagonia.ambiental\",\"https:\\\/\\\/x.com\\\/PatAmb\"]},{\"@type\":\"Person\",\"@id\":\"https:\\\/\\\/patagoniambiental.com.ar\\\/info\\\/#\\\/schema\\\/person\\\/db12bff64bbcbf6a253710bf0ea37b5d\",\"name\":\"Patagonia Ambiental\",\"description\":\"Andr\u00e9s Nievas T\u00e9cnico en manejo ambiental, consultor Ambiental y escritor para medios locales e internacionales sobre temas de geopolitica y medio ambiente.\",\"sameAs\":[\"http:\\\/\\\/www.patagoniambiental.com.ar\",\"https:\\\/\\\/www.facebook.com\\\/share\\\/1C1V8Gv9BX\\\/?mibextid=qi2Omg\",\"@patagoniambiental\",\"https:\\\/\\\/youtube.com\\\/@patagoniaambiental2023?si=BLt58t0wuXquxlYZ\"]}]}<\/script>\n<!-- \/ Yoast SEO Premium plugin. -->","yoast_head_json":{"title":"Deco Klart revoluciona R\u00edo Negro! Innovaci\u00f3n en pl\u00e1sticos reciclados y sostenibilidad con impacto social En la ciudad de General Fern\u00e1ndez Oro, un emprendimiento local est\u00e1 marcando un antes y un despu\u00e9s","description":"En la ciudad de General Fern\u00e1ndez Oro, un emprendimiento local est\u00e1 marcando un antes y un despu\u00e9s en la forma en que se gestionan los residuos pl\u00e1sticos.","robots":{"index":"index","follow":"follow","max-snippet":"max-snippet:-1","max-image-preview":"max-image-preview:large","max-video-preview":"max-video-preview:-1"},"canonical":"https:\/\/patagoniambiental.com.ar\/info\/deco-klart-fabtica-muebles-reciclados\/","og_locale":"es_ES","og_type":"article","og_title":"Deco Klart revoluciona R\u00edo Negro! Innovaci\u00f3n en pl\u00e1sticos reciclados y sostenibilidad con impacto social","og_description":"En la ciudad de General Fern\u00e1ndez Oro, un emprendimiento local est\u00e1 marcando un antes y un despu\u00e9s en la forma en que se gestionan los residuos pl\u00e1sticos.","og_url":"https:\/\/patagoniambiental.com.ar\/info\/deco-klart-fabtica-muebles-reciclados\/","og_site_name":"Patagonia Ambiental","article_publisher":"https:\/\/www.facebook.com\/patagonia.ambiental","article_author":"https:\/\/www.facebook.com\/share\/1C1V8Gv9BX\/?mibextid=qi2Omg","article_published_time":"2024-08-17T22:44:00+00:00","article_modified_time":"2026-03-19T16:11:58+00:00","og_image":[{"width":952,"height":600,"url":"https:\/\/patagoniambiental.com.ar\/info\/wp-content\/uploads\/2025\/09\/Screenshot_20240825-125955-3.jpg","type":"image\/jpeg"}],"author":"Patagonia Ambiental","twitter_card":"summary_large_image","twitter_creator":"@PatAmb","twitter_site":"@PatAmb","schema":{"@context":"https:\/\/schema.org","@graph":[{"@type":"Article","@id":"https:\/\/patagoniambiental.com.ar\/info\/deco-klart-fabtica-muebles-reciclados\/#article","isPartOf":{"@id":"https:\/\/patagoniambiental.com.ar\/info\/deco-klart-fabtica-muebles-reciclados\/"},"author":{"name":"Patagonia Ambiental","@id":"https:\/\/patagoniambiental.com.ar\/info\/#\/schema\/person\/db12bff64bbcbf6a253710bf0ea37b5d"},"headline":"Deco Klart revoluciona R\u00edo Negro! Innovaci\u00f3n en pl\u00e1sticos reciclados y sostenibilidad con impacto social","datePublished":"2024-08-17T22:44:00+00:00","dateModified":"2026-03-19T16:11:58+00:00","mainEntityOfPage":{"@id":"https:\/\/patagoniambiental.com.ar\/info\/deco-klart-fabtica-muebles-reciclados\/"},"wordCount":1417,"commentCount":0,"publisher":{"@id":"https:\/\/patagoniambiental.com.ar\/info\/#organization"},"image":{"@id":"https:\/\/patagoniambiental.com.ar\/info\/deco-klart-fabtica-muebles-reciclados\/#primaryimage"},"thumbnailUrl":"https:\/\/patagoniambiental.com.ar\/info\/wp-content\/uploads\/2025\/09\/Screenshot_20240825-125955-3.jpg","articleSection":["Econom\u00eda Circular","Noticias"],"inLanguage":"es","potentialAction":[{"@type":"CommentAction","name":"Comment","target":["https:\/\/patagoniambiental.com.ar\/info\/deco-klart-fabtica-muebles-reciclados\/#respond"]}]},{"@type":"WebPage","@id":"https:\/\/patagoniambiental.com.ar\/info\/deco-klart-fabtica-muebles-reciclados\/","url":"https:\/\/patagoniambiental.com.ar\/info\/deco-klart-fabtica-muebles-reciclados\/","name":"Deco Klart revoluciona R\u00edo Negro! Innovaci\u00f3n en pl\u00e1sticos reciclados y sostenibilidad con impacto social En la ciudad de General Fern\u00e1ndez Oro, un emprendimiento local est\u00e1 marcando un antes y un despu\u00e9s","isPartOf":{"@id":"https:\/\/patagoniambiental.com.ar\/info\/#website"},"primaryImageOfPage":{"@id":"https:\/\/patagoniambiental.com.ar\/info\/deco-klart-fabtica-muebles-reciclados\/#primaryimage"},"image":{"@id":"https:\/\/patagoniambiental.com.ar\/info\/deco-klart-fabtica-muebles-reciclados\/#primaryimage"},"thumbnailUrl":"https:\/\/patagoniambiental.com.ar\/info\/wp-content\/uploads\/2025\/09\/Screenshot_20240825-125955-3.jpg","datePublished":"2024-08-17T22:44:00+00:00","dateModified":"2026-03-19T16:11:58+00:00","description":"En la ciudad de General Fern\u00e1ndez Oro, un emprendimiento local est\u00e1 marcando un antes y un despu\u00e9s en la forma en que se gestionan los residuos pl\u00e1sticos.","breadcrumb":{"@id":"https:\/\/patagoniambiental.com.ar\/info\/deco-klart-fabtica-muebles-reciclados\/#breadcrumb"},"inLanguage":"es","potentialAction":[{"@type":"ReadAction","target":["https:\/\/patagoniambiental.com.ar\/info\/deco-klart-fabtica-muebles-reciclados\/"]}]},{"@type":"ImageObject","inLanguage":"es","@id":"https:\/\/patagoniambiental.com.ar\/info\/deco-klart-fabtica-muebles-reciclados\/#primaryimage","url":"https:\/\/patagoniambiental.com.ar\/info\/wp-content\/uploads\/2025\/09\/Screenshot_20240825-125955-3.jpg","contentUrl":"https:\/\/patagoniambiental.com.ar\/info\/wp-content\/uploads\/2025\/09\/Screenshot_20240825-125955-3.jpg","width":952,"height":600,"caption":"Cr\u00e9dito: Deco Klart"},{"@type":"BreadcrumbList","@id":"https:\/\/patagoniambiental.com.ar\/info\/deco-klart-fabtica-muebles-reciclados\/#breadcrumb","itemListElement":[{"@type":"ListItem","position":1,"name":"Inicio","item":"https:\/\/patagoniambiental.com.ar\/info\/"},{"@type":"ListItem","position":2,"name":"Deco Klart revoluciona R\u00edo Negro! Innovaci\u00f3n en pl\u00e1sticos reciclados y sostenibilidad con impacto social"}]},{"@type":"WebSite","@id":"https:\/\/patagoniambiental.com.ar\/info\/#website","url":"https:\/\/patagoniambiental.com.ar\/info\/","name":"Patagonia Ambiental","description":"Monitoreo y an\u00e1lisis de la situaci\u00f3n geopol\u00edtica en el mundo y su implicancia en la Patagonia","publisher":{"@id":"https:\/\/patagoniambiental.com.ar\/info\/#organization"},"potentialAction":[{"@type":"SearchAction","target":{"@type":"EntryPoint","urlTemplate":"https:\/\/patagoniambiental.com.ar\/info\/?s={search_term_string}"},"query-input":{"@type":"PropertyValueSpecification","valueRequired":true,"valueName":"search_term_string"}}],"inLanguage":"es"},{"@type":"Organization","@id":"https:\/\/patagoniambiental.com.ar\/info\/#organization","name":"Patagonia Ambiental","url":"https:\/\/patagoniambiental.com.ar\/info\/","logo":{"@type":"ImageObject","inLanguage":"es","@id":"https:\/\/patagoniambiental.com.ar\/info\/#\/schema\/logo\/image\/","url":"https:\/\/patagoniambiental.com.ar\/info\/wp-content\/uploads\/2025\/05\/LOGO-PATAGONIA-AMBIENTAL.png","contentUrl":"https:\/\/patagoniambiental.com.ar\/info\/wp-content\/uploads\/2025\/05\/LOGO-PATAGONIA-AMBIENTAL.png","width":433,"height":250,"caption":"Patagonia Ambiental"},"image":{"@id":"https:\/\/patagoniambiental.com.ar\/info\/#\/schema\/logo\/image\/"},"sameAs":["https:\/\/www.facebook.com\/patagonia.ambiental","https:\/\/x.com\/PatAmb"]},{"@type":"Person","@id":"https:\/\/patagoniambiental.com.ar\/info\/#\/schema\/person\/db12bff64bbcbf6a253710bf0ea37b5d","name":"Patagonia Ambiental","description":"Andr\u00e9s Nievas T\u00e9cnico en manejo ambiental, consultor Ambiental y escritor para medios locales e internacionales sobre temas de geopolitica y medio ambiente.","sameAs":["http:\/\/www.patagoniambiental.com.ar","https:\/\/www.facebook.com\/share\/1C1V8Gv9BX\/?mibextid=qi2Omg","@patagoniambiental","https:\/\/youtube.com\/@patagoniaambiental2023?si=BLt58t0wuXquxlYZ"]}]}},"_links":{"self":[{"href":"https:\/\/patagoniambiental.com.ar\/info\/wp-json\/wp\/v2\/posts\/99023","targetHints":{"allow":["GET"]}}],"collection":[{"href":"https:\/\/patagoniambiental.com.ar\/info\/wp-json\/wp\/v2\/posts"}],"about":[{"href":"https:\/\/patagoniambiental.com.ar\/info\/wp-json\/wp\/v2\/types\/post"}],"author":[{"embeddable":true,"href":"https:\/\/patagoniambiental.com.ar\/info\/wp-json\/wp\/v2\/users\/2"}],"replies":[{"embeddable":true,"href":"https:\/\/patagoniambiental.com.ar\/info\/wp-json\/wp\/v2\/comments?post=99023"}],"version-history":[{"count":2,"href":"https:\/\/patagoniambiental.com.ar\/info\/wp-json\/wp\/v2\/posts\/99023\/revisions"}],"predecessor-version":[{"id":100981,"href":"https:\/\/patagoniambiental.com.ar\/info\/wp-json\/wp\/v2\/posts\/99023\/revisions\/100981"}],"wp:featuredmedia":[{"embeddable":true,"href":"https:\/\/patagoniambiental.com.ar\/info\/wp-json\/wp\/v2\/media\/99024"}],"wp:attachment":[{"href":"https:\/\/patagoniambiental.com.ar\/info\/wp-json\/wp\/v2\/media?parent=99023"}],"wp:term":[{"taxonomy":"category","embeddable":true,"href":"https:\/\/patagoniambiental.com.ar\/info\/wp-json\/wp\/v2\/categories?post=99023"},{"taxonomy":"post_tag","embeddable":true,"href":"https:\/\/patagoniambiental.com.ar\/info\/wp-json\/wp\/v2\/tags?post=99023"}],"curies":[{"name":"wp","href":"https:\/\/api.w.org\/{rel}","templated":true}]}}