{"id":99035,"date":"2025-09-14T12:03:16","date_gmt":"2025-09-14T15:03:16","guid":{"rendered":"https:\/\/patagoniambiental.com.ar\/info\/?p=99035"},"modified":"2025-09-14T12:03:17","modified_gmt":"2025-09-14T15:03:17","slug":"charla-sobre-agroecologia-unrn","status":"publish","type":"post","link":"https:\/\/patagoniambiental.com.ar\/info\/charla-sobre-agroecologia-unrn\/","title":{"rendered":"La agroecolog\u00eda se impone: crecimiento y desaf\u00edos en la Patagonia y el mundo"},"content":{"rendered":"\n<!--more-->\n\n\n\n<h2 class=\"wp-block-heading\" id=\"h-por-que-la-agroecologia-es-hoy-el-centro-del-debate-mundial\">\u00bfPor qu\u00e9 la agroecolog\u00eda es hoy el centro del debate mundial?<\/h2>\n\n\n\n<p>Bariloche, Rio Negro, 14 de septiembre de 2025.La agroecolog\u00eda se ha convertido en una de las palabras m\u00e1s buscadas y debatidas dentro del \u00e1mbito acad\u00e9mico, pol\u00edtico y productivo de Argentina y el mundo. Este enfoque, que combina el conocimiento cient\u00edfico con las pr\u00e1cticas ancestrales y sostenibles de producci\u00f3n de alimentos, ya no es solo una alternativa al modelo agroindustrial dominante, sino que emerge como un movimiento social, econ\u00f3mico y cultural con enorme capacidad de transformaci\u00f3n. En este marco, la Universidad Nacional de R\u00edo Negro (UNRN) organiza una conferencia clave titulada \u201cCrecimiento y desaf\u00edos de la agroecolog\u00eda\u201d, que se desarrollar\u00e1 el pr\u00f3ximo 16 de septiembre a las 19.00 horas a trav\u00e9s de Google Meet, convirti\u00e9ndose en un espacio de referencia para profesionales, estudiantes, investigadores y productores interesados en pensar el futuro de los sistemas alimentarios.<\/p>\n\n\n\n<h2 class=\"wp-block-heading\" id=\"h-la-agroecologia-en-argentina-un-crecimiento-sostenido\">La agroecolog\u00eda en Argentina: un crecimiento sostenido<\/h2>\n\n\n\n<p>En los \u00faltimos diez a\u00f1os, la agroecolog\u00eda en Argentina ha experimentado un crecimiento exponencial, con experiencias en diversas provincias que abarcan desde la producci\u00f3n hort\u00edcola en cinturones verdes hasta pr\u00e1cticas ganaderas adaptadas a ecosistemas fr\u00e1giles. Organizaciones sociales, municipios, cooperativas y universidades han impulsado una transici\u00f3n que busca reducir la dependencia de insumos qu\u00edmicos, proteger la biodiversidad y garantizar alimentos sanos para las comunidades locales. Este crecimiento no es casualidad, sino la respuesta a una creciente preocupaci\u00f3n por los impactos del modelo agroindustrial en la salud, el ambiente y la soberan\u00eda alimentaria.<\/p>\n\n\n\n<h2 class=\"wp-block-heading\" id=\"h-que-desafios-enfrenta-la-agroecologia-en-el-futuro-inmediato\">\u00bfQu\u00e9 desaf\u00edos enfrenta la agroecolog\u00eda en el futuro inmediato?<\/h2>\n\n\n\n<p>Aunque los avances son notables, los desaf\u00edos de la agroecolog\u00eda en Argentina y el mundo siguen siendo complejos y variados. Entre ellos destacan la falta de pol\u00edticas p\u00fablicas consistentes, las dificultades de acceso a mercados para peque\u00f1os productores, la necesidad de mayor inversi\u00f3n en investigaci\u00f3n cient\u00edfica y la resistencia cultural frente a un modelo dominante basado en agroqu\u00edmicos y monocultivos. En este sentido, la conferencia de la UNRN busca abrir un debate amplio y cr\u00edtico que permita delinear estrategias para consolidar este paradigma en un contexto global atravesado por el cambio clim\u00e1tico, la crisis energ\u00e9tica y la inseguridad alimentaria.<\/p>\n\n\n\n<h2 class=\"wp-block-heading\" id=\"h-un-evento-academico-con-impacto-regional-y-nacional\">Un evento acad\u00e9mico con impacto regional y nacional<\/h2>\n\n\n\n<p>La jornada \u201cCrecimiento y desaf\u00edos de la agroecolog\u00eda\u201d organizada por la Sede Andina de la Universidad Nacional de R\u00edo Negro no es un evento m\u00e1s en la agenda acad\u00e9mica. Se trata de un espacio que combina formaci\u00f3n, reflexi\u00f3n y di\u00e1logo interdisciplinario. La modalidad virtual a trav\u00e9s de Google Meet permite que estudiantes, docentes, profesionales del agro y p\u00fablico en general puedan participar desde cualquier lugar del pa\u00eds, potenciando as\u00ed la democratizaci\u00f3n del conocimiento. Adem\u00e1s, el evento se enmarca en la agenda de posgrados de la instituci\u00f3n, lo que le otorga un respaldo acad\u00e9mico de gran relevancia en t\u00e9rminos de E-A-T (Expertise, Authoritativeness, Trustworthiness).<\/p>\n\n\n\n<h2 class=\"wp-block-heading\" id=\"h-agroecologia-y-soberania-alimentaria-una-relacion-inseparable\">Agroecolog\u00eda y soberan\u00eda alimentaria: una relaci\u00f3n inseparable<\/h2>\n\n\n\n<p>Una de las grandes contribuciones de la agroecolog\u00eda es que no solo se centra en la producci\u00f3n de alimentos, sino tambi\u00e9n en el derecho de los pueblos a decidir qu\u00e9, c\u00f3mo y d\u00f3nde producir lo que consumen. La soberan\u00eda alimentaria es un concepto que gana fuerza en Am\u00e9rica Latina y que encuentra en la agroecolog\u00eda su mejor expresi\u00f3n pr\u00e1ctica. Este enfoque desaf\u00eda la dependencia de cadenas globales dominadas por grandes corporaciones y abre la puerta a sistemas m\u00e1s locales, resilientes y justos.<\/p>\n\n\n\n<h2 class=\"wp-block-heading\" id=\"h-agroecologia-y-cambio-climatico-una-respuesta-desde-los-territorios\">Agroecolog\u00eda y cambio clim\u00e1tico: una respuesta desde los territorios<\/h2>\n\n\n\n<p>Los impactos del cambio clim\u00e1tico son cada vez m\u00e1s evidentes en la Patagonia: sequ\u00edas prolongadas, p\u00e9rdida de fertilidad de los suelos, retroceso de glaciares y alteraciones en los ciclos productivos. En este escenario, la agroecolog\u00eda surge como una estrategia fundamental para la adaptaci\u00f3n y mitigaci\u00f3n, ya que promueve pr\u00e1cticas que capturan carbono, conservan agua, regeneran suelos y protegen la biodiversidad. En la conferencia de la UNRN, especialistas abordar\u00e1n c\u00f3mo estas pr\u00e1cticas pueden ser escaladas para convertirse en pol\u00edticas nacionales de resiliencia clim\u00e1tica.<\/p>\n\n\n\n<h2 class=\"wp-block-heading\" id=\"h-el-rol-de-las-universidades-en-la-formacion-agroecologica\">El rol de las universidades en la formaci\u00f3n agroecol\u00f3gica<\/h2>\n\n\n\n<p>Las universidades p\u00fablicas de Argentina han sido protagonistas en la expansi\u00f3n de la agroecolog\u00eda, no solo a trav\u00e9s de la investigaci\u00f3n, sino tambi\u00e9n mediante la formaci\u00f3n de nuevas generaciones de profesionales comprometidos con la sustentabilidad. La UNRN, junto con otras instituciones de la Patagonia, ha dise\u00f1ado programas de posgrado y cursos espec\u00edficos que integran teor\u00eda y pr\u00e1ctica. Este evento reafirma ese compromiso y fortalece la idea de que la academia debe ser un puente entre el conocimiento cient\u00edfico y las demandas sociales y productivas de los territorios.<\/p>\n\n\n\n<h2 class=\"wp-block-heading\" id=\"h-testimonios-y-experiencias-locales-en-agroecologia\">Testimonios y experiencias locales en agroecolog\u00eda<\/h2>\n\n\n\n<p>Durante la conferencia se espera la participaci\u00f3n de productores y referentes que compartir\u00e1n experiencias concretas de transici\u00f3n agroecol\u00f3gica. Estas historias son fundamentales porque demuestran que la agroecolog\u00eda no es una utop\u00eda, sino una realidad palpable en chacras, campos y huertas comunitarias. Casos de \u00e9xito en R\u00edo Negro, Neuqu\u00e9n y Chubut ya muestran que es posible aumentar la productividad, reducir costos y mejorar la calidad de vida sin recurrir a agroqu\u00edmicos da\u00f1inos.<\/p>\n\n\n\n<h2 class=\"wp-block-heading\" id=\"h-la-agroecologia-como-politica-publica-utopia-o-necesidad-urgente\">La agroecolog\u00eda como pol\u00edtica p\u00fablica: \u00bfutop\u00eda o necesidad urgente?<\/h2>\n\n\n\n<p>Uno de los debates m\u00e1s esperados de la conferencia es el referido a la institucionalizaci\u00f3n de la agroecolog\u00eda en pol\u00edticas p\u00fablicas nacionales y provinciales. Pa\u00edses como Brasil ya han demostrado que es posible dise\u00f1ar programas de compras p\u00fablicas de alimentos agroecol\u00f3gicos para escuelas y hospitales. En Argentina, a\u00fan quedan muchos pasos por dar, pero la creaci\u00f3n de redes provinciales y municipales marca un camino que cada vez suma m\u00e1s adhesiones.<\/p>\n\n\n\n<h2 class=\"wp-block-heading\" id=\"h-perspectiva-global-la-agroecologia-en-el-mundo\">Perspectiva global: la agroecolog\u00eda en el mundo<\/h2>\n\n\n\n<p>La agroecolog\u00eda no es solo una bandera de Am\u00e9rica Latina. Naciones Unidas, a trav\u00e9s de la FAO, la reconoce como un camino clave para cumplir con los Objetivos de Desarrollo Sostenible (ODS). En Europa, existen pol\u00edticas agr\u00edcolas que promueven sistemas org\u00e1nicos y agroecol\u00f3gicos como parte de la estrategia para la neutralidad clim\u00e1tica. En \u00c1frica y Asia, miles de peque\u00f1os productores han adoptado este enfoque para enfrentar la desertificaci\u00f3n y la pobreza rural. El evento de la UNRN se inscribe en esta tendencia global, aportando la mirada patag\u00f3nica al debate internacional.<\/p>\n\n\n\n<h2 class=\"wp-block-heading\" id=\"h-google-meet-como-herramienta-de-democratizacion-del-conocimiento\">Google Meet como herramienta de democratizaci\u00f3n del conocimiento<\/h2>\n\n\n\n<p>El hecho de que la conferencia se realice a trav\u00e9s de Google Meet facilita la participaci\u00f3n masiva, eliminando barreras geogr\u00e1ficas y econ\u00f3micas. Esta modalidad refuerza la idea de que la agroecolog\u00eda no debe ser un tema exclusivo de expertos, sino una conversaci\u00f3n abierta en la que cualquier persona interesada pueda aprender, opinar y proponer soluciones.<\/p>\n\n\n\n<h2 class=\"wp-block-heading\" id=\"h-agroecologia-y-juventud-sembrando-el-futuro\">Agroecolog\u00eda y juventud: sembrando el futuro<\/h2>\n\n\n\n<p>Un aspecto central que no puede pasar desapercibido es el rol de la juventud en la consolidaci\u00f3n de la agroecolog\u00eda. Estudiantes universitarios, organizaciones juveniles y colectivos ambientales est\u00e1n liderando proyectos de huertas urbanas, ferias agroecol\u00f3gicas y campa\u00f1as de sensibilizaci\u00f3n que muestran c\u00f3mo nuevas generaciones ya no conciben la producci\u00f3n de alimentos sin una mirada sostenible.<\/p>\n\n\n\n<h2 class=\"wp-block-heading\" id=\"h-como-participar-del-evento\">C\u00f3mo participar del evento<\/h2>\n\n\n\n<p>La conferencia \u201cCrecimiento y desaf\u00edos de la agroecolog\u00eda\u201d se llevar\u00e1 a cabo el 16 de septiembre a las 19:00 horas a trav\u00e9s de Google Meet. La inscripci\u00f3n es gratuita y abierta al p\u00fablico, y para obtener m\u00e1s informaci\u00f3n los interesados pueden comunicarse al correo: posgrado.andina@unrn.edu.ar.<\/p>\n\n\n\n<p>link meet<br>https:\/\/meet.google.com\/rfh-nrqe-qqz<\/p>\n","protected":false},"excerpt":{"rendered":"","protected":false},"author":2,"featured_media":99036,"comment_status":"open","ping_status":"open","sticky":false,"template":"","format":"standard","meta":{"site-sidebar-layout":"default","site-content-layout":"","ast-site-content-layout":"default","site-content-style":"default","site-sidebar-style":"default","ast-global-header-display":"","ast-banner-title-visibility":"","ast-main-header-display":"","ast-hfb-above-header-display":"","ast-hfb-below-header-display":"","ast-hfb-mobile-header-display":"","site-post-title":"","ast-breadcrumbs-content":"","ast-featured-img":"","footer-sml-layout":"","ast-disable-related-posts":"","theme-transparent-header-meta":"","adv-header-id-meta":"","stick-header-meta":"","header-above-stick-meta":"","header-main-stick-meta":"","header-below-stick-meta":"","astra-migrate-meta-layouts":"default","ast-page-background-enabled":"default","ast-page-background-meta":{"desktop":{"background-color":"var(--ast-global-color-5)","background-image":"","background-repeat":"repeat","background-position":"center center","background-size":"auto","background-attachment":"scroll","background-type":"","background-media":"","overlay-type":"","overlay-color":"","overlay-opacity":"","overlay-gradient":""},"tablet":{"background-color":"","background-image":"","background-repeat":"repeat","background-position":"center center","background-size":"auto","background-attachment":"scroll","background-type":"","background-media":"","overlay-type":"","overlay-color":"","overlay-opacity":"","overlay-gradient":""},"mobile":{"background-color":"","background-image":"","background-repeat":"repeat","background-position":"center center","background-size":"auto","background-attachment":"scroll","background-type":"","background-media":"","overlay-type":"","overlay-color":"","overlay-opacity":"","overlay-gradient":""}},"ast-content-background-meta":{"desktop":{"background-color":"var(--ast-global-color-4)","background-image":"","background-repeat":"repeat","background-position":"center center","background-size":"auto","background-attachment":"scroll","background-type":"","background-media":"","overlay-type":"","overlay-color":"","overlay-opacity":"","overlay-gradient":""},"tablet":{"background-color":"var(--ast-global-color-4)","background-image":"","background-repeat":"repeat","background-position":"center center","background-size":"auto","background-attachment":"scroll","background-type":"","background-media":"","overlay-type":"","overlay-color":"","overlay-opacity":"","overlay-gradient":""},"mobile":{"background-color":"var(--ast-global-color-4)","background-image":"","background-repeat":"repeat","background-position":"center center","background-size":"auto","background-attachment":"scroll","background-type":"","background-media":"","overlay-type":"","overlay-color":"","overlay-opacity":"","overlay-gradient":""}},"footnotes":""},"categories":[12,1],"tags":[],"class_list":["post-99035","post","type-post","status-publish","format-standard","has-post-thumbnail","hentry","category-agenda-ambiental","category-noticias"],"yoast_head":"<!-- This site is optimized with the Yoast SEO Premium plugin v23.0 (Yoast SEO v27.5) - https:\/\/yoast.com\/product\/yoast-seo-premium-wordpress\/ -->\n<title>La agroecolog\u00eda se impone: crecimiento y desaf\u00edos en la Patagonia y el mundo La agroecolog\u00eda se ha convertido en una de las palabras m\u00e1s buscadas y debatidas<\/title>\n<meta name=\"description\" content=\"La agroecolog\u00eda se ha convertido en una de las palabras m\u00e1s buscadas y debatidas dentro del \u00e1mbito acad\u00e9mico, pol\u00edtico y productivo de Argentina y el mundo.\" \/>\n<meta name=\"robots\" content=\"index, follow, max-snippet:-1, max-image-preview:large, max-video-preview:-1\" \/>\n<link rel=\"canonical\" href=\"https:\/\/patagoniambiental.com.ar\/info\/charla-sobre-agroecologia-unrn\/\" \/>\n<meta property=\"og:locale\" content=\"es_ES\" \/>\n<meta property=\"og:type\" content=\"article\" \/>\n<meta property=\"og:title\" content=\"La agroecolog\u00eda se impone: crecimiento y desaf\u00edos en la Patagonia y el mundo\" \/>\n<meta property=\"og:description\" content=\"La agroecolog\u00eda se ha convertido en una de las palabras m\u00e1s buscadas y debatidas dentro del \u00e1mbito acad\u00e9mico, pol\u00edtico y productivo de Argentina y el mundo.\" \/>\n<meta property=\"og:url\" content=\"https:\/\/patagoniambiental.com.ar\/info\/charla-sobre-agroecologia-unrn\/\" \/>\n<meta property=\"og:site_name\" content=\"Patagonia Ambiental\" \/>\n<meta property=\"article:publisher\" content=\"https:\/\/www.facebook.com\/patagonia.ambiental\" \/>\n<meta property=\"article:author\" content=\"https:\/\/www.facebook.com\/share\/1C1V8Gv9BX\/?mibextid=qi2Omg\" \/>\n<meta property=\"article:published_time\" content=\"2025-09-14T15:03:16+00:00\" \/>\n<meta property=\"article:modified_time\" content=\"2025-09-14T15:03:17+00:00\" \/>\n<meta property=\"og:image\" content=\"https:\/\/patagoniambiental.com.ar\/info\/wp-content\/uploads\/2025\/09\/1000175976.jpg\" \/>\n\t<meta property=\"og:image:width\" content=\"600\" \/>\n\t<meta property=\"og:image:height\" content=\"600\" \/>\n\t<meta property=\"og:image:type\" content=\"image\/jpeg\" \/>\n<meta name=\"author\" content=\"Patagonia Ambiental\" \/>\n<meta name=\"twitter:card\" content=\"summary_large_image\" \/>\n<meta name=\"twitter:creator\" content=\"@PatAmb\" \/>\n<meta name=\"twitter:site\" content=\"@PatAmb\" \/>\n<script type=\"application\/ld+json\" class=\"yoast-schema-graph\">{\"@context\":\"https:\\\/\\\/schema.org\",\"@graph\":[{\"@type\":\"Article\",\"@id\":\"https:\\\/\\\/patagoniambiental.com.ar\\\/info\\\/charla-sobre-agroecologia-unrn\\\/#article\",\"isPartOf\":{\"@id\":\"https:\\\/\\\/patagoniambiental.com.ar\\\/info\\\/charla-sobre-agroecologia-unrn\\\/\"},\"author\":{\"name\":\"Patagonia Ambiental\",\"@id\":\"https:\\\/\\\/patagoniambiental.com.ar\\\/info\\\/#\\\/schema\\\/person\\\/db12bff64bbcbf6a253710bf0ea37b5d\"},\"headline\":\"La agroecolog\u00eda se impone: crecimiento y desaf\u00edos en la Patagonia y el mundo\",\"datePublished\":\"2025-09-14T15:03:16+00:00\",\"dateModified\":\"2025-09-14T15:03:17+00:00\",\"mainEntityOfPage\":{\"@id\":\"https:\\\/\\\/patagoniambiental.com.ar\\\/info\\\/charla-sobre-agroecologia-unrn\\\/\"},\"wordCount\":1349,\"commentCount\":0,\"publisher\":{\"@id\":\"https:\\\/\\\/patagoniambiental.com.ar\\\/info\\\/#organization\"},\"image\":{\"@id\":\"https:\\\/\\\/patagoniambiental.com.ar\\\/info\\\/charla-sobre-agroecologia-unrn\\\/#primaryimage\"},\"thumbnailUrl\":\"https:\\\/\\\/patagoniambiental.com.ar\\\/info\\\/wp-content\\\/uploads\\\/2025\\\/09\\\/1000175976.jpg\",\"articleSection\":[\"Agenda Ambiental\",\"Noticias\"],\"inLanguage\":\"es\",\"potentialAction\":[{\"@type\":\"CommentAction\",\"name\":\"Comment\",\"target\":[\"https:\\\/\\\/patagoniambiental.com.ar\\\/info\\\/charla-sobre-agroecologia-unrn\\\/#respond\"]}]},{\"@type\":\"WebPage\",\"@id\":\"https:\\\/\\\/patagoniambiental.com.ar\\\/info\\\/charla-sobre-agroecologia-unrn\\\/\",\"url\":\"https:\\\/\\\/patagoniambiental.com.ar\\\/info\\\/charla-sobre-agroecologia-unrn\\\/\",\"name\":\"La agroecolog\u00eda se impone: crecimiento y desaf\u00edos en la Patagonia y el mundo La agroecolog\u00eda se ha convertido en una de las palabras m\u00e1s buscadas y debatidas\",\"isPartOf\":{\"@id\":\"https:\\\/\\\/patagoniambiental.com.ar\\\/info\\\/#website\"},\"primaryImageOfPage\":{\"@id\":\"https:\\\/\\\/patagoniambiental.com.ar\\\/info\\\/charla-sobre-agroecologia-unrn\\\/#primaryimage\"},\"image\":{\"@id\":\"https:\\\/\\\/patagoniambiental.com.ar\\\/info\\\/charla-sobre-agroecologia-unrn\\\/#primaryimage\"},\"thumbnailUrl\":\"https:\\\/\\\/patagoniambiental.com.ar\\\/info\\\/wp-content\\\/uploads\\\/2025\\\/09\\\/1000175976.jpg\",\"datePublished\":\"2025-09-14T15:03:16+00:00\",\"dateModified\":\"2025-09-14T15:03:17+00:00\",\"description\":\"La agroecolog\u00eda se ha convertido en una de las palabras m\u00e1s buscadas y debatidas dentro del \u00e1mbito acad\u00e9mico, pol\u00edtico y productivo de Argentina y el mundo.\",\"breadcrumb\":{\"@id\":\"https:\\\/\\\/patagoniambiental.com.ar\\\/info\\\/charla-sobre-agroecologia-unrn\\\/#breadcrumb\"},\"inLanguage\":\"es\",\"potentialAction\":[{\"@type\":\"ReadAction\",\"target\":[\"https:\\\/\\\/patagoniambiental.com.ar\\\/info\\\/charla-sobre-agroecologia-unrn\\\/\"]}]},{\"@type\":\"ImageObject\",\"inLanguage\":\"es\",\"@id\":\"https:\\\/\\\/patagoniambiental.com.ar\\\/info\\\/charla-sobre-agroecologia-unrn\\\/#primaryimage\",\"url\":\"https:\\\/\\\/patagoniambiental.com.ar\\\/info\\\/wp-content\\\/uploads\\\/2025\\\/09\\\/1000175976.jpg\",\"contentUrl\":\"https:\\\/\\\/patagoniambiental.com.ar\\\/info\\\/wp-content\\\/uploads\\\/2025\\\/09\\\/1000175976.jpg\",\"width\":600,\"height\":600,\"caption\":\"Imagen ilustrativa hecha con IA\"},{\"@type\":\"BreadcrumbList\",\"@id\":\"https:\\\/\\\/patagoniambiental.com.ar\\\/info\\\/charla-sobre-agroecologia-unrn\\\/#breadcrumb\",\"itemListElement\":[{\"@type\":\"ListItem\",\"position\":1,\"name\":\"Inicio\",\"item\":\"https:\\\/\\\/patagoniambiental.com.ar\\\/info\\\/\"},{\"@type\":\"ListItem\",\"position\":2,\"name\":\"La agroecolog\u00eda se impone: crecimiento y desaf\u00edos en la Patagonia y el mundo\"}]},{\"@type\":\"WebSite\",\"@id\":\"https:\\\/\\\/patagoniambiental.com.ar\\\/info\\\/#website\",\"url\":\"https:\\\/\\\/patagoniambiental.com.ar\\\/info\\\/\",\"name\":\"Patagonia Ambiental\",\"description\":\"Monitoreo y an\u00e1lisis de la situaci\u00f3n geopol\u00edtica en el mundo y su implicancia en la Patagonia\",\"publisher\":{\"@id\":\"https:\\\/\\\/patagoniambiental.com.ar\\\/info\\\/#organization\"},\"potentialAction\":[{\"@type\":\"SearchAction\",\"target\":{\"@type\":\"EntryPoint\",\"urlTemplate\":\"https:\\\/\\\/patagoniambiental.com.ar\\\/info\\\/?s={search_term_string}\"},\"query-input\":{\"@type\":\"PropertyValueSpecification\",\"valueRequired\":true,\"valueName\":\"search_term_string\"}}],\"inLanguage\":\"es\"},{\"@type\":\"Organization\",\"@id\":\"https:\\\/\\\/patagoniambiental.com.ar\\\/info\\\/#organization\",\"name\":\"Patagonia Ambiental\",\"url\":\"https:\\\/\\\/patagoniambiental.com.ar\\\/info\\\/\",\"logo\":{\"@type\":\"ImageObject\",\"inLanguage\":\"es\",\"@id\":\"https:\\\/\\\/patagoniambiental.com.ar\\\/info\\\/#\\\/schema\\\/logo\\\/image\\\/\",\"url\":\"https:\\\/\\\/patagoniambiental.com.ar\\\/info\\\/wp-content\\\/uploads\\\/2025\\\/05\\\/LOGO-PATAGONIA-AMBIENTAL.png\",\"contentUrl\":\"https:\\\/\\\/patagoniambiental.com.ar\\\/info\\\/wp-content\\\/uploads\\\/2025\\\/05\\\/LOGO-PATAGONIA-AMBIENTAL.png\",\"width\":433,\"height\":250,\"caption\":\"Patagonia Ambiental\"},\"image\":{\"@id\":\"https:\\\/\\\/patagoniambiental.com.ar\\\/info\\\/#\\\/schema\\\/logo\\\/image\\\/\"},\"sameAs\":[\"https:\\\/\\\/www.facebook.com\\\/patagonia.ambiental\",\"https:\\\/\\\/x.com\\\/PatAmb\"]},{\"@type\":\"Person\",\"@id\":\"https:\\\/\\\/patagoniambiental.com.ar\\\/info\\\/#\\\/schema\\\/person\\\/db12bff64bbcbf6a253710bf0ea37b5d\",\"name\":\"Patagonia Ambiental\",\"description\":\"Andr\u00e9s Nievas T\u00e9cnico en manejo ambiental, consultor Ambiental y escritor para medios locales e internacionales sobre temas de geopolitica y medio ambiente.\",\"sameAs\":[\"http:\\\/\\\/www.patagoniambiental.com.ar\",\"https:\\\/\\\/www.facebook.com\\\/share\\\/1C1V8Gv9BX\\\/?mibextid=qi2Omg\",\"@patagoniambiental\",\"https:\\\/\\\/youtube.com\\\/@patagoniaambiental2023?si=BLt58t0wuXquxlYZ\"]}]}<\/script>\n<!-- \/ Yoast SEO Premium plugin. -->","yoast_head_json":{"title":"La agroecolog\u00eda se impone: crecimiento y desaf\u00edos en la Patagonia y el mundo La agroecolog\u00eda se ha convertido en una de las palabras m\u00e1s buscadas y debatidas","description":"La agroecolog\u00eda se ha convertido en una de las palabras m\u00e1s buscadas y debatidas dentro del \u00e1mbito acad\u00e9mico, pol\u00edtico y productivo de Argentina y el mundo.","robots":{"index":"index","follow":"follow","max-snippet":"max-snippet:-1","max-image-preview":"max-image-preview:large","max-video-preview":"max-video-preview:-1"},"canonical":"https:\/\/patagoniambiental.com.ar\/info\/charla-sobre-agroecologia-unrn\/","og_locale":"es_ES","og_type":"article","og_title":"La agroecolog\u00eda se impone: crecimiento y desaf\u00edos en la Patagonia y el mundo","og_description":"La agroecolog\u00eda se ha convertido en una de las palabras m\u00e1s buscadas y debatidas dentro del \u00e1mbito acad\u00e9mico, pol\u00edtico y productivo de Argentina y el mundo.","og_url":"https:\/\/patagoniambiental.com.ar\/info\/charla-sobre-agroecologia-unrn\/","og_site_name":"Patagonia Ambiental","article_publisher":"https:\/\/www.facebook.com\/patagonia.ambiental","article_author":"https:\/\/www.facebook.com\/share\/1C1V8Gv9BX\/?mibextid=qi2Omg","article_published_time":"2025-09-14T15:03:16+00:00","article_modified_time":"2025-09-14T15:03:17+00:00","og_image":[{"width":600,"height":600,"url":"https:\/\/patagoniambiental.com.ar\/info\/wp-content\/uploads\/2025\/09\/1000175976.jpg","type":"image\/jpeg"}],"author":"Patagonia Ambiental","twitter_card":"summary_large_image","twitter_creator":"@PatAmb","twitter_site":"@PatAmb","schema":{"@context":"https:\/\/schema.org","@graph":[{"@type":"Article","@id":"https:\/\/patagoniambiental.com.ar\/info\/charla-sobre-agroecologia-unrn\/#article","isPartOf":{"@id":"https:\/\/patagoniambiental.com.ar\/info\/charla-sobre-agroecologia-unrn\/"},"author":{"name":"Patagonia Ambiental","@id":"https:\/\/patagoniambiental.com.ar\/info\/#\/schema\/person\/db12bff64bbcbf6a253710bf0ea37b5d"},"headline":"La agroecolog\u00eda se impone: crecimiento y desaf\u00edos en la Patagonia y el mundo","datePublished":"2025-09-14T15:03:16+00:00","dateModified":"2025-09-14T15:03:17+00:00","mainEntityOfPage":{"@id":"https:\/\/patagoniambiental.com.ar\/info\/charla-sobre-agroecologia-unrn\/"},"wordCount":1349,"commentCount":0,"publisher":{"@id":"https:\/\/patagoniambiental.com.ar\/info\/#organization"},"image":{"@id":"https:\/\/patagoniambiental.com.ar\/info\/charla-sobre-agroecologia-unrn\/#primaryimage"},"thumbnailUrl":"https:\/\/patagoniambiental.com.ar\/info\/wp-content\/uploads\/2025\/09\/1000175976.jpg","articleSection":["Agenda Ambiental","Noticias"],"inLanguage":"es","potentialAction":[{"@type":"CommentAction","name":"Comment","target":["https:\/\/patagoniambiental.com.ar\/info\/charla-sobre-agroecologia-unrn\/#respond"]}]},{"@type":"WebPage","@id":"https:\/\/patagoniambiental.com.ar\/info\/charla-sobre-agroecologia-unrn\/","url":"https:\/\/patagoniambiental.com.ar\/info\/charla-sobre-agroecologia-unrn\/","name":"La agroecolog\u00eda se impone: crecimiento y desaf\u00edos en la Patagonia y el mundo La agroecolog\u00eda se ha convertido en una de las palabras m\u00e1s buscadas y debatidas","isPartOf":{"@id":"https:\/\/patagoniambiental.com.ar\/info\/#website"},"primaryImageOfPage":{"@id":"https:\/\/patagoniambiental.com.ar\/info\/charla-sobre-agroecologia-unrn\/#primaryimage"},"image":{"@id":"https:\/\/patagoniambiental.com.ar\/info\/charla-sobre-agroecologia-unrn\/#primaryimage"},"thumbnailUrl":"https:\/\/patagoniambiental.com.ar\/info\/wp-content\/uploads\/2025\/09\/1000175976.jpg","datePublished":"2025-09-14T15:03:16+00:00","dateModified":"2025-09-14T15:03:17+00:00","description":"La agroecolog\u00eda se ha convertido en una de las palabras m\u00e1s buscadas y debatidas dentro del \u00e1mbito acad\u00e9mico, pol\u00edtico y productivo de Argentina y el mundo.","breadcrumb":{"@id":"https:\/\/patagoniambiental.com.ar\/info\/charla-sobre-agroecologia-unrn\/#breadcrumb"},"inLanguage":"es","potentialAction":[{"@type":"ReadAction","target":["https:\/\/patagoniambiental.com.ar\/info\/charla-sobre-agroecologia-unrn\/"]}]},{"@type":"ImageObject","inLanguage":"es","@id":"https:\/\/patagoniambiental.com.ar\/info\/charla-sobre-agroecologia-unrn\/#primaryimage","url":"https:\/\/patagoniambiental.com.ar\/info\/wp-content\/uploads\/2025\/09\/1000175976.jpg","contentUrl":"https:\/\/patagoniambiental.com.ar\/info\/wp-content\/uploads\/2025\/09\/1000175976.jpg","width":600,"height":600,"caption":"Imagen ilustrativa hecha con IA"},{"@type":"BreadcrumbList","@id":"https:\/\/patagoniambiental.com.ar\/info\/charla-sobre-agroecologia-unrn\/#breadcrumb","itemListElement":[{"@type":"ListItem","position":1,"name":"Inicio","item":"https:\/\/patagoniambiental.com.ar\/info\/"},{"@type":"ListItem","position":2,"name":"La agroecolog\u00eda se impone: crecimiento y desaf\u00edos en la Patagonia y el mundo"}]},{"@type":"WebSite","@id":"https:\/\/patagoniambiental.com.ar\/info\/#website","url":"https:\/\/patagoniambiental.com.ar\/info\/","name":"Patagonia Ambiental","description":"Monitoreo y an\u00e1lisis de la situaci\u00f3n geopol\u00edtica en el mundo y su implicancia en la Patagonia","publisher":{"@id":"https:\/\/patagoniambiental.com.ar\/info\/#organization"},"potentialAction":[{"@type":"SearchAction","target":{"@type":"EntryPoint","urlTemplate":"https:\/\/patagoniambiental.com.ar\/info\/?s={search_term_string}"},"query-input":{"@type":"PropertyValueSpecification","valueRequired":true,"valueName":"search_term_string"}}],"inLanguage":"es"},{"@type":"Organization","@id":"https:\/\/patagoniambiental.com.ar\/info\/#organization","name":"Patagonia Ambiental","url":"https:\/\/patagoniambiental.com.ar\/info\/","logo":{"@type":"ImageObject","inLanguage":"es","@id":"https:\/\/patagoniambiental.com.ar\/info\/#\/schema\/logo\/image\/","url":"https:\/\/patagoniambiental.com.ar\/info\/wp-content\/uploads\/2025\/05\/LOGO-PATAGONIA-AMBIENTAL.png","contentUrl":"https:\/\/patagoniambiental.com.ar\/info\/wp-content\/uploads\/2025\/05\/LOGO-PATAGONIA-AMBIENTAL.png","width":433,"height":250,"caption":"Patagonia Ambiental"},"image":{"@id":"https:\/\/patagoniambiental.com.ar\/info\/#\/schema\/logo\/image\/"},"sameAs":["https:\/\/www.facebook.com\/patagonia.ambiental","https:\/\/x.com\/PatAmb"]},{"@type":"Person","@id":"https:\/\/patagoniambiental.com.ar\/info\/#\/schema\/person\/db12bff64bbcbf6a253710bf0ea37b5d","name":"Patagonia Ambiental","description":"Andr\u00e9s Nievas T\u00e9cnico en manejo ambiental, consultor Ambiental y escritor para medios locales e internacionales sobre temas de geopolitica y medio ambiente.","sameAs":["http:\/\/www.patagoniambiental.com.ar","https:\/\/www.facebook.com\/share\/1C1V8Gv9BX\/?mibextid=qi2Omg","@patagoniambiental","https:\/\/youtube.com\/@patagoniaambiental2023?si=BLt58t0wuXquxlYZ"]}]}},"_links":{"self":[{"href":"https:\/\/patagoniambiental.com.ar\/info\/wp-json\/wp\/v2\/posts\/99035","targetHints":{"allow":["GET"]}}],"collection":[{"href":"https:\/\/patagoniambiental.com.ar\/info\/wp-json\/wp\/v2\/posts"}],"about":[{"href":"https:\/\/patagoniambiental.com.ar\/info\/wp-json\/wp\/v2\/types\/post"}],"author":[{"embeddable":true,"href":"https:\/\/patagoniambiental.com.ar\/info\/wp-json\/wp\/v2\/users\/2"}],"replies":[{"embeddable":true,"href":"https:\/\/patagoniambiental.com.ar\/info\/wp-json\/wp\/v2\/comments?post=99035"}],"version-history":[{"count":1,"href":"https:\/\/patagoniambiental.com.ar\/info\/wp-json\/wp\/v2\/posts\/99035\/revisions"}],"predecessor-version":[{"id":99037,"href":"https:\/\/patagoniambiental.com.ar\/info\/wp-json\/wp\/v2\/posts\/99035\/revisions\/99037"}],"wp:featuredmedia":[{"embeddable":true,"href":"https:\/\/patagoniambiental.com.ar\/info\/wp-json\/wp\/v2\/media\/99036"}],"wp:attachment":[{"href":"https:\/\/patagoniambiental.com.ar\/info\/wp-json\/wp\/v2\/media?parent=99035"}],"wp:term":[{"taxonomy":"category","embeddable":true,"href":"https:\/\/patagoniambiental.com.ar\/info\/wp-json\/wp\/v2\/categories?post=99035"},{"taxonomy":"post_tag","embeddable":true,"href":"https:\/\/patagoniambiental.com.ar\/info\/wp-json\/wp\/v2\/tags?post=99035"}],"curies":[{"name":"wp","href":"https:\/\/api.w.org\/{rel}","templated":true}]}}