{"id":99248,"date":"2025-09-26T11:18:14","date_gmt":"2025-09-26T14:18:14","guid":{"rendered":"https:\/\/patagoniambiental.com.ar\/info\/?p=99248"},"modified":"2025-09-26T11:18:15","modified_gmt":"2025-09-26T14:18:15","slug":"dia-mundial-salud-ambiental","status":"publish","type":"post","link":"https:\/\/patagoniambiental.com.ar\/info\/dia-mundial-salud-ambiental\/","title":{"rendered":"Salud Ambiental: R\u00edo Negro refuerza acciones clave para proteger la poblaci\u00f3n y los ecosistemas"},"content":{"rendered":"\n<!--more-->\n\n\n\n<p><strong>R\u00edo Negro avanza en pol\u00edticas de salud ambiental para enfrentar riesgos emergentes<\/strong><\/p>\n\n\n\n<p>Viedma, Rio Negro, 26 de septiembre de 2025. En el marco del <strong>D\u00eda Mundial de la Salud Ambiental<\/strong>, la provincia de R\u00edo Negro reafirma su compromiso con la protecci\u00f3n de la poblaci\u00f3n y la preservaci\u00f3n de los ecosistemas, implementando <strong>pol\u00edticas p\u00fablicas integrales<\/strong> que combinan educaci\u00f3n, prevenci\u00f3n y control. La salud ambiental, un campo estrat\u00e9gico y transversal, busca garantizar un entorno seguro, sano y resiliente frente a desaf\u00edos como la contaminaci\u00f3n, los efectos del cambio clim\u00e1tico y la aparici\u00f3n de nuevas enfermedades. En esta l\u00ednea, la Secretar\u00eda de Ambiente y Cambio Clim\u00e1tico se encuentra desplegando acciones concretas para mejorar la calidad de vida de los ciudadanos y promover la sostenibilidad de los recursos naturales.<\/p>\n\n\n\n<p><strong>La importancia de la salud ambiental en la regi\u00f3n<\/strong><\/p>\n\n\n\n<p>La <strong>salud ambiental<\/strong> se centra en el an\u00e1lisis de los factores del entorno que pueden impactar directa o indirectamente en la salud de las personas. Entre estos factores se encuentran la presencia de contaminantes en el agua, aire y suelo, la exposici\u00f3n a productos qu\u00edmicos y la propagaci\u00f3n de enfermedades zoon\u00f3ticas, aquellas transmitidas de animales a humanos. R\u00edo Negro enfrenta desaf\u00edos adicionales derivados del <strong>cambio clim\u00e1tico<\/strong>, que propicia la expansi\u00f3n de vectores de enfermedades como el dengue hacia zonas donde previamente no se registraban casos. Por ello, las estrategias provinciales buscan anticiparse a estos riesgos mediante <strong>programas preventivos y educativos<\/strong>.<\/p>\n\n\n\n<p><strong>Educaci\u00f3n y concientizaci\u00f3n: pilares de la gesti\u00f3n ambiental<\/strong><\/p>\n\n\n\n<p>Uno de los ejes fundamentales del plan provincial es la <strong>educaci\u00f3n ambiental<\/strong>. La Secretar\u00eda de Ambiente y Cambio Clim\u00e1tico realiza campa\u00f1as de concientizaci\u00f3n dirigidas a la poblaci\u00f3n, con el objetivo de informar sobre pr\u00e1cticas de higiene, manejo de residuos y cuidado de ecosistemas sensibles. Estas iniciativas buscan empoderar a los ciudadanos para que adopten h\u00e1bitos responsables que contribuyan a reducir la exposici\u00f3n a riesgos sanitarios y fomenten un estilo de vida saludable. Adem\u00e1s, se promueve la participaci\u00f3n activa de escuelas, comunidades y organizaciones locales para <strong>fortalecer la cultura ambiental en toda la provincia<\/strong>.<\/p>\n\n\n\n<p><strong>Controles de calidad del aire y manejo de residuos<\/strong><\/p>\n\n\n\n<p>El monitoreo constante de la <strong>calidad del aire<\/strong> es otro componente cr\u00edtico de las acciones de salud ambiental en R\u00edo Negro. Se realizan mediciones peri\u00f3dicas de contaminantes atmosf\u00e9ricos, como part\u00edculas en suspensi\u00f3n y gases t\u00f3xicos, que permiten evaluar los niveles de riesgo para la poblaci\u00f3n. Asimismo, la gesti\u00f3n de residuos s\u00f3lidos y l\u00edquidos se optimiza mediante regulaciones estrictas y programas de separaci\u00f3n, reciclaje y disposici\u00f3n segura. Estas medidas contribuyen no solo a la protecci\u00f3n de la salud humana, sino tambi\u00e9n a la <strong>preservaci\u00f3n de los ecosistemas locales<\/strong> y la biodiversidad de la regi\u00f3n.<\/p>\n\n\n\n<p><strong>Regulaci\u00f3n de productos qu\u00edmicos y prevenci\u00f3n de riesgos<\/strong><\/p>\n\n\n\n<p>R\u00edo Negro tambi\u00e9n centra esfuerzos en la <strong>regulaci\u00f3n de productos qu\u00edmicos<\/strong>, desde pesticidas hasta sustancias industriales, asegurando que su uso cumpla con est\u00e1ndares de seguridad y minimice impactos ambientales. La fiscalizaci\u00f3n se combina con campa\u00f1as informativas sobre los riesgos asociados y las buenas pr\u00e1cticas de manejo. Este enfoque integral permite prevenir intoxicaciones, accidentes y la contaminaci\u00f3n de recursos naturales cr\u00edticos, consolidando la <strong>salud ambiental como una prioridad gubernamental<\/strong>.<\/p>\n\n\n\n<p><strong>Plan Provincial de Cambio Clim\u00e1tico: una herramienta estrat\u00e9gica<\/strong><\/p>\n\n\n\n<p>La provincia se encuentra avanzando en la validaci\u00f3n del <strong>Plan Provincial de Cambio Clim\u00e1tico<\/strong>, un instrumento clave para articular pol\u00edticas p\u00fablicas que reduzcan los riesgos sanitarios y ambientales asociados a la crisis clim\u00e1tica. Este plan incluye estrategias de mitigaci\u00f3n y adaptaci\u00f3n, como el fortalecimiento de sistemas de alerta temprana, la promoci\u00f3n de energ\u00edas limpias y la protecci\u00f3n de \u00e1reas naturales sensibles. Con su implementaci\u00f3n, R\u00edo Negro asegura que la <strong>salud ambiental sea un eje transversal en la toma de decisiones gubernamentales<\/strong>, contribuyendo a un desarrollo sostenible y resiliente frente a los cambios globales.<\/p>\n\n\n\n<p><strong>Integraci\u00f3n de ecosistemas y salud humana<\/strong><\/p>\n\n\n\n<p>Uno de los conceptos centrales en la gesti\u00f3n provincial es la <strong>interconexi\u00f3n entre ecosistemas saludables y bienestar humano<\/strong>. La degradaci\u00f3n ambiental no solo afecta la biodiversidad, sino que tambi\u00e9n incrementa la vulnerabilidad de la poblaci\u00f3n frente a enfermedades y desastres naturales. Por eso, las pol\u00edticas de salud ambiental incluyen la conservaci\u00f3n de \u00e1reas verdes, el monitoreo de fauna y flora aut\u00f3ctona, y la protecci\u00f3n de cuencas h\u00eddricas, reconociendo que un entorno equilibrado es esencial para garantizar la calidad de vida de las generaciones actuales y futuras.<\/p>\n\n\n\n<p><strong>Desaf\u00edos emergentes: enfermedades zoon\u00f3ticas y vectores clim\u00e1ticos<\/strong><\/p>\n\n\n\n<p>El cambio clim\u00e1tico ha modificado la distribuci\u00f3n de enfermedades transmitidas por vectores, como el dengue y la leishmaniasis, generando la necesidad de <strong>planes de prevenci\u00f3n adaptativos y basados en evidencia cient\u00edfica<\/strong>. R\u00edo Negro se enfoca en la vigilancia epidemiol\u00f3gica, la educaci\u00f3n sobre la eliminaci\u00f3n de criaderos de mosquitos y la cooperaci\u00f3n con organismos nacionales e internacionales. Estas acciones permiten anticipar brotes y minimizar su impacto, fortaleciendo la <strong>resiliencia de la comunidad frente a amenazas sanitarias emergentes<\/strong>.<\/p>\n\n\n\n<p><strong>Participaci\u00f3n comunitaria y responsabilidad social<\/strong><\/p>\n\n\n\n<p>El \u00e9xito de la estrategia de salud ambiental depende en gran medida de la <strong>participaci\u00f3n activa de la sociedad<\/strong>. La provincia promueve espacios de colaboraci\u00f3n entre ciudadanos, empresas, escuelas y organizaciones no gubernamentales para implementar buenas pr\u00e1cticas ambientales y de salud. Desde campa\u00f1as de reforestaci\u00f3n hasta talleres sobre manejo de residuos y reducci\u00f3n de contaminantes, la comunidad se convierte en un actor clave para garantizar la sostenibilidad de las acciones y la <strong>difusi\u00f3n de h\u00e1bitos saludables<\/strong> en todos los niveles.<\/p>\n\n\n\n<p><strong>Uso de tecnolog\u00eda y datos para la toma de decisiones<\/strong><\/p>\n\n\n\n<p>El monitoreo ambiental y la gesti\u00f3n de la salud p\u00fablica en R\u00edo Negro se apoyan en <strong>herramientas tecnol\u00f3gicas y sistemas de informaci\u00f3n geogr\u00e1fica (SIG)<\/strong>. Estos recursos permiten analizar datos de calidad del aire, agua y suelo, detectar focos de contaminaci\u00f3n y proyectar escenarios de riesgo. La disponibilidad de informaci\u00f3n confiable y actualizada facilita la toma de decisiones estrat\u00e9gicas, la priorizaci\u00f3n de intervenciones y la evaluaci\u00f3n del impacto de las pol\u00edticas p\u00fablicas, fortaleciendo la <strong>autoridad y la credibilidad de la gesti\u00f3n gubernamental<\/strong>.<\/p>\n\n\n\n<p><strong>Comunicaci\u00f3n y sensibilizaci\u00f3n: un enfoque integral<\/strong><\/p>\n\n\n\n<p>La provincia ha desarrollado una estrategia de comunicaci\u00f3n que combina medios tradicionales, plataformas digitales y actividades presenciales para <strong>sensibilizar a la poblaci\u00f3n sobre la importancia de la salud ambiental<\/strong>. Boletines informativos, videos educativos, infograf\u00edas y publicaciones en redes sociales permiten llegar a distintos segmentos de la sociedad, generando conciencia sobre la relaci\u00f3n entre ambiente y bienestar humano. Este enfoque integral contribuye a construir <strong>una cultura de prevenci\u00f3n y responsabilidad ambiental<\/strong> que trasciende los programas gubernamentales.<\/p>\n\n\n\n<p><strong>Implicancias para la pol\u00edtica p\u00fablica y desarrollo sostenible<\/strong><\/p>\n\n\n\n<p>Las acciones de salud ambiental en R\u00edo Negro no solo buscan proteger la salud de la poblaci\u00f3n, sino tambi\u00e9n impulsar un <strong>desarrollo sostenible y equitativo<\/strong>. La integraci\u00f3n de criterios ambientales en la planificaci\u00f3n urbana, la gesti\u00f3n de recursos naturales y la regulaci\u00f3n de actividades econ\u00f3micas asegura que las decisiones gubernamentales promuevan la resiliencia, la eficiencia y la justicia ambiental. Adem\u00e1s, la implementaci\u00f3n de estas pol\u00edticas fortalece la posici\u00f3n de la provincia como referente en gesti\u00f3n ambiental en el \u00e1mbito nacional.<\/p>\n\n\n\n<p><strong>Retos futuros y seguimiento estrat\u00e9gico<\/strong><\/p>\n\n\n\n<p>A pesar de los avances, R\u00edo Negro reconoce que los <strong>retos futuros en salud ambiental<\/strong> requieren vigilancia constante, innovaci\u00f3n y adaptaci\u00f3n a nuevas amenazas. La colaboraci\u00f3n con universidades, institutos de investigaci\u00f3n y organismos internacionales es fundamental para mantener la efectividad de las pol\u00edticas. Asimismo, el seguimiento de indicadores de calidad ambiental y sanitaria permite evaluar resultados, ajustar estrategias y garantizar que la provincia contin\u00fae avanzando hacia un entorno seguro, saludable y sostenible.<\/p>\n\n\n\n<p><strong>Salud ambiental como eje de bienestar y sostenibilidad<\/strong><\/p>\n\n\n\n<p>La conmemoraci\u00f3n del D\u00eda Mundial de la Salud Ambiental en R\u00edo Negro destaca la necesidad de <strong>un compromiso permanente con la protecci\u00f3n de las personas y los ecosistemas<\/strong>. Mediante educaci\u00f3n, prevenci\u00f3n, regulaci\u00f3n y planificaci\u00f3n estrat\u00e9gica, la provincia establece un modelo integral que combina salud p\u00fablica, conservaci\u00f3n ambiental y desarrollo sostenible. Esta visi\u00f3n hol\u00edstica asegura que las futuras generaciones disfruten de un entorno saludable, seguro y resiliente frente a los desaf\u00edos ambientales y sanitarios que plantea el siglo XXI.<br><br><\/p>\n","protected":false},"excerpt":{"rendered":"","protected":false},"author":2,"featured_media":99249,"comment_status":"open","ping_status":"open","sticky":false,"template":"","format":"standard","meta":{"site-sidebar-layout":"default","site-content-layout":"","ast-site-content-layout":"default","site-content-style":"default","site-sidebar-style":"default","ast-global-header-display":"","ast-banner-title-visibility":"","ast-main-header-display":"","ast-hfb-above-header-display":"","ast-hfb-below-header-display":"","ast-hfb-mobile-header-display":"","site-post-title":"","ast-breadcrumbs-content":"","ast-featured-img":"","footer-sml-layout":"","ast-disable-related-posts":"","theme-transparent-header-meta":"","adv-header-id-meta":"","stick-header-meta":"","header-above-stick-meta":"","header-main-stick-meta":"","header-below-stick-meta":"","astra-migrate-meta-layouts":"default","ast-page-background-enabled":"default","ast-page-background-meta":{"desktop":{"background-color":"var(--ast-global-color-5)","background-image":"","background-repeat":"repeat","background-position":"center center","background-size":"auto","background-attachment":"scroll","background-type":"","background-media":"","overlay-type":"","overlay-color":"","overlay-opacity":"","overlay-gradient":""},"tablet":{"background-color":"","background-image":"","background-repeat":"repeat","background-position":"center center","background-size":"auto","background-attachment":"scroll","background-type":"","background-media":"","overlay-type":"","overlay-color":"","overlay-opacity":"","overlay-gradient":""},"mobile":{"background-color":"","background-image":"","background-repeat":"repeat","background-position":"center center","background-size":"auto","background-attachment":"scroll","background-type":"","background-media":"","overlay-type":"","overlay-color":"","overlay-opacity":"","overlay-gradient":""}},"ast-content-background-meta":{"desktop":{"background-color":"var(--ast-global-color-4)","background-image":"","background-repeat":"repeat","background-position":"center center","background-size":"auto","background-attachment":"scroll","background-type":"","background-media":"","overlay-type":"","overlay-color":"","overlay-opacity":"","overlay-gradient":""},"tablet":{"background-color":"var(--ast-global-color-4)","background-image":"","background-repeat":"repeat","background-position":"center center","background-size":"auto","background-attachment":"scroll","background-type":"","background-media":"","overlay-type":"","overlay-color":"","overlay-opacity":"","overlay-gradient":""},"mobile":{"background-color":"var(--ast-global-color-4)","background-image":"","background-repeat":"repeat","background-position":"center center","background-size":"auto","background-attachment":"scroll","background-type":"","background-media":"","overlay-type":"","overlay-color":"","overlay-opacity":"","overlay-gradient":""}},"footnotes":""},"categories":[3439,1],"tags":[],"class_list":["post-99248","post","type-post","status-publish","format-standard","has-post-thumbnail","hentry","category-medio-ambiente-y-salud","category-noticias"],"yoast_head":"<!-- This site is optimized with the Yoast SEO Premium plugin v23.0 (Yoast SEO v27.5) - https:\/\/yoast.com\/product\/yoast-seo-premium-wordpress\/ -->\n<title>Salud Ambiental: R\u00edo Negro refuerza acciones clave para proteger la poblaci\u00f3n y los ecosistemas En el marco del D\u00eda Mundial de la Salud Ambiental, la provincia de R\u00edo Negro reafirma su compromiso con la protecci\u00f3n de la poblaci\u00f3n<\/title>\n<meta name=\"description\" content=\"En el marco del D\u00eda Mundial de la Salud Ambiental, la provincia de R\u00edo Negro reafirma su compromiso con la protecci\u00f3n de la poblaci\u00f3n y la preservaci\u00f3n de los ecosistemas, implementando pol\u00edticas p\u00fablicas integrales que combinan educaci\u00f3n, prevenci\u00f3n y control.\" \/>\n<meta name=\"robots\" content=\"index, follow, max-snippet:-1, max-image-preview:large, max-video-preview:-1\" \/>\n<link rel=\"canonical\" href=\"https:\/\/patagoniambiental.com.ar\/info\/dia-mundial-salud-ambiental\/\" \/>\n<meta property=\"og:locale\" content=\"es_ES\" \/>\n<meta property=\"og:type\" content=\"article\" \/>\n<meta property=\"og:title\" content=\"Salud Ambiental: R\u00edo Negro refuerza acciones clave para proteger la poblaci\u00f3n y los ecosistemas\" \/>\n<meta property=\"og:description\" content=\"En el marco del D\u00eda Mundial de la Salud Ambiental, la provincia de R\u00edo Negro reafirma su compromiso con la protecci\u00f3n de la poblaci\u00f3n y la preservaci\u00f3n de los ecosistemas, implementando pol\u00edticas p\u00fablicas integrales que combinan educaci\u00f3n, prevenci\u00f3n y control.\" \/>\n<meta property=\"og:url\" content=\"https:\/\/patagoniambiental.com.ar\/info\/dia-mundial-salud-ambiental\/\" \/>\n<meta property=\"og:site_name\" content=\"Patagonia Ambiental\" \/>\n<meta property=\"article:publisher\" content=\"https:\/\/www.facebook.com\/patagonia.ambiental\" \/>\n<meta property=\"article:author\" content=\"https:\/\/www.facebook.com\/share\/1C1V8Gv9BX\/?mibextid=qi2Omg\" \/>\n<meta property=\"article:published_time\" content=\"2025-09-26T14:18:14+00:00\" \/>\n<meta property=\"article:modified_time\" content=\"2025-09-26T14:18:15+00:00\" \/>\n<meta property=\"og:image\" content=\"https:\/\/patagoniambiental.com.ar\/info\/wp-content\/uploads\/2025\/09\/1000182238-1.jpg\" \/>\n\t<meta property=\"og:image:width\" content=\"600\" \/>\n\t<meta property=\"og:image:height\" content=\"600\" \/>\n\t<meta property=\"og:image:type\" content=\"image\/jpeg\" \/>\n<meta name=\"author\" content=\"Patagonia Ambiental\" \/>\n<meta name=\"twitter:card\" content=\"summary_large_image\" \/>\n<meta name=\"twitter:creator\" content=\"@PatAmb\" \/>\n<meta name=\"twitter:site\" content=\"@PatAmb\" \/>\n<script type=\"application\/ld+json\" class=\"yoast-schema-graph\">{\"@context\":\"https:\\\/\\\/schema.org\",\"@graph\":[{\"@type\":\"Article\",\"@id\":\"https:\\\/\\\/patagoniambiental.com.ar\\\/info\\\/dia-mundial-salud-ambiental\\\/#article\",\"isPartOf\":{\"@id\":\"https:\\\/\\\/patagoniambiental.com.ar\\\/info\\\/dia-mundial-salud-ambiental\\\/\"},\"author\":{\"name\":\"Patagonia Ambiental\",\"@id\":\"https:\\\/\\\/patagoniambiental.com.ar\\\/info\\\/#\\\/schema\\\/person\\\/db12bff64bbcbf6a253710bf0ea37b5d\"},\"headline\":\"Salud Ambiental: R\u00edo Negro refuerza acciones clave para proteger la poblaci\u00f3n y los ecosistemas\",\"datePublished\":\"2025-09-26T14:18:14+00:00\",\"dateModified\":\"2025-09-26T14:18:15+00:00\",\"mainEntityOfPage\":{\"@id\":\"https:\\\/\\\/patagoniambiental.com.ar\\\/info\\\/dia-mundial-salud-ambiental\\\/\"},\"wordCount\":1489,\"commentCount\":0,\"publisher\":{\"@id\":\"https:\\\/\\\/patagoniambiental.com.ar\\\/info\\\/#organization\"},\"image\":{\"@id\":\"https:\\\/\\\/patagoniambiental.com.ar\\\/info\\\/dia-mundial-salud-ambiental\\\/#primaryimage\"},\"thumbnailUrl\":\"https:\\\/\\\/patagoniambiental.com.ar\\\/info\\\/wp-content\\\/uploads\\\/2025\\\/09\\\/1000182238-1.jpg\",\"articleSection\":[\"Medio Ambiente y Salud\",\"Noticias\"],\"inLanguage\":\"es\",\"potentialAction\":[{\"@type\":\"CommentAction\",\"name\":\"Comment\",\"target\":[\"https:\\\/\\\/patagoniambiental.com.ar\\\/info\\\/dia-mundial-salud-ambiental\\\/#respond\"]}]},{\"@type\":\"WebPage\",\"@id\":\"https:\\\/\\\/patagoniambiental.com.ar\\\/info\\\/dia-mundial-salud-ambiental\\\/\",\"url\":\"https:\\\/\\\/patagoniambiental.com.ar\\\/info\\\/dia-mundial-salud-ambiental\\\/\",\"name\":\"Salud Ambiental: R\u00edo Negro refuerza acciones clave para proteger la poblaci\u00f3n y los ecosistemas En el marco del D\u00eda Mundial de la Salud Ambiental, la provincia de R\u00edo Negro reafirma su compromiso con la protecci\u00f3n de la poblaci\u00f3n\",\"isPartOf\":{\"@id\":\"https:\\\/\\\/patagoniambiental.com.ar\\\/info\\\/#website\"},\"primaryImageOfPage\":{\"@id\":\"https:\\\/\\\/patagoniambiental.com.ar\\\/info\\\/dia-mundial-salud-ambiental\\\/#primaryimage\"},\"image\":{\"@id\":\"https:\\\/\\\/patagoniambiental.com.ar\\\/info\\\/dia-mundial-salud-ambiental\\\/#primaryimage\"},\"thumbnailUrl\":\"https:\\\/\\\/patagoniambiental.com.ar\\\/info\\\/wp-content\\\/uploads\\\/2025\\\/09\\\/1000182238-1.jpg\",\"datePublished\":\"2025-09-26T14:18:14+00:00\",\"dateModified\":\"2025-09-26T14:18:15+00:00\",\"description\":\"En el marco del D\u00eda Mundial de la Salud Ambiental, la provincia de R\u00edo Negro reafirma su compromiso con la protecci\u00f3n de la poblaci\u00f3n y la preservaci\u00f3n de los ecosistemas, implementando pol\u00edticas p\u00fablicas integrales que combinan educaci\u00f3n, prevenci\u00f3n y control.\",\"breadcrumb\":{\"@id\":\"https:\\\/\\\/patagoniambiental.com.ar\\\/info\\\/dia-mundial-salud-ambiental\\\/#breadcrumb\"},\"inLanguage\":\"es\",\"potentialAction\":[{\"@type\":\"ReadAction\",\"target\":[\"https:\\\/\\\/patagoniambiental.com.ar\\\/info\\\/dia-mundial-salud-ambiental\\\/\"]}]},{\"@type\":\"ImageObject\",\"inLanguage\":\"es\",\"@id\":\"https:\\\/\\\/patagoniambiental.com.ar\\\/info\\\/dia-mundial-salud-ambiental\\\/#primaryimage\",\"url\":\"https:\\\/\\\/patagoniambiental.com.ar\\\/info\\\/wp-content\\\/uploads\\\/2025\\\/09\\\/1000182238-1.jpg\",\"contentUrl\":\"https:\\\/\\\/patagoniambiental.com.ar\\\/info\\\/wp-content\\\/uploads\\\/2025\\\/09\\\/1000182238-1.jpg\",\"width\":600,\"height\":600,\"caption\":\"Imagen ilustrativa hecha con IA\"},{\"@type\":\"BreadcrumbList\",\"@id\":\"https:\\\/\\\/patagoniambiental.com.ar\\\/info\\\/dia-mundial-salud-ambiental\\\/#breadcrumb\",\"itemListElement\":[{\"@type\":\"ListItem\",\"position\":1,\"name\":\"Inicio\",\"item\":\"https:\\\/\\\/patagoniambiental.com.ar\\\/info\\\/\"},{\"@type\":\"ListItem\",\"position\":2,\"name\":\"Salud Ambiental: R\u00edo Negro refuerza acciones clave para proteger la poblaci\u00f3n y los ecosistemas\"}]},{\"@type\":\"WebSite\",\"@id\":\"https:\\\/\\\/patagoniambiental.com.ar\\\/info\\\/#website\",\"url\":\"https:\\\/\\\/patagoniambiental.com.ar\\\/info\\\/\",\"name\":\"Patagonia Ambiental\",\"description\":\"Monitoreo y an\u00e1lisis de la situaci\u00f3n geopol\u00edtica en el mundo y su implicancia en la Patagonia\",\"publisher\":{\"@id\":\"https:\\\/\\\/patagoniambiental.com.ar\\\/info\\\/#organization\"},\"potentialAction\":[{\"@type\":\"SearchAction\",\"target\":{\"@type\":\"EntryPoint\",\"urlTemplate\":\"https:\\\/\\\/patagoniambiental.com.ar\\\/info\\\/?s={search_term_string}\"},\"query-input\":{\"@type\":\"PropertyValueSpecification\",\"valueRequired\":true,\"valueName\":\"search_term_string\"}}],\"inLanguage\":\"es\"},{\"@type\":\"Organization\",\"@id\":\"https:\\\/\\\/patagoniambiental.com.ar\\\/info\\\/#organization\",\"name\":\"Patagonia Ambiental\",\"url\":\"https:\\\/\\\/patagoniambiental.com.ar\\\/info\\\/\",\"logo\":{\"@type\":\"ImageObject\",\"inLanguage\":\"es\",\"@id\":\"https:\\\/\\\/patagoniambiental.com.ar\\\/info\\\/#\\\/schema\\\/logo\\\/image\\\/\",\"url\":\"https:\\\/\\\/patagoniambiental.com.ar\\\/info\\\/wp-content\\\/uploads\\\/2025\\\/05\\\/LOGO-PATAGONIA-AMBIENTAL.png\",\"contentUrl\":\"https:\\\/\\\/patagoniambiental.com.ar\\\/info\\\/wp-content\\\/uploads\\\/2025\\\/05\\\/LOGO-PATAGONIA-AMBIENTAL.png\",\"width\":433,\"height\":250,\"caption\":\"Patagonia Ambiental\"},\"image\":{\"@id\":\"https:\\\/\\\/patagoniambiental.com.ar\\\/info\\\/#\\\/schema\\\/logo\\\/image\\\/\"},\"sameAs\":[\"https:\\\/\\\/www.facebook.com\\\/patagonia.ambiental\",\"https:\\\/\\\/x.com\\\/PatAmb\"]},{\"@type\":\"Person\",\"@id\":\"https:\\\/\\\/patagoniambiental.com.ar\\\/info\\\/#\\\/schema\\\/person\\\/db12bff64bbcbf6a253710bf0ea37b5d\",\"name\":\"Patagonia Ambiental\",\"description\":\"Andr\u00e9s Nievas T\u00e9cnico en manejo ambiental, consultor Ambiental y escritor para medios locales e internacionales sobre temas de geopolitica y medio ambiente.\",\"sameAs\":[\"http:\\\/\\\/www.patagoniambiental.com.ar\",\"https:\\\/\\\/www.facebook.com\\\/share\\\/1C1V8Gv9BX\\\/?mibextid=qi2Omg\",\"@patagoniambiental\",\"https:\\\/\\\/youtube.com\\\/@patagoniaambiental2023?si=BLt58t0wuXquxlYZ\"]}]}<\/script>\n<!-- \/ Yoast SEO Premium plugin. -->","yoast_head_json":{"title":"Salud Ambiental: R\u00edo Negro refuerza acciones clave para proteger la poblaci\u00f3n y los ecosistemas En el marco del D\u00eda Mundial de la Salud Ambiental, la provincia de R\u00edo Negro reafirma su compromiso con la protecci\u00f3n de la poblaci\u00f3n","description":"En el marco del D\u00eda Mundial de la Salud Ambiental, la provincia de R\u00edo Negro reafirma su compromiso con la protecci\u00f3n de la poblaci\u00f3n y la preservaci\u00f3n de los ecosistemas, implementando pol\u00edticas p\u00fablicas integrales que combinan educaci\u00f3n, prevenci\u00f3n y control.","robots":{"index":"index","follow":"follow","max-snippet":"max-snippet:-1","max-image-preview":"max-image-preview:large","max-video-preview":"max-video-preview:-1"},"canonical":"https:\/\/patagoniambiental.com.ar\/info\/dia-mundial-salud-ambiental\/","og_locale":"es_ES","og_type":"article","og_title":"Salud Ambiental: R\u00edo Negro refuerza acciones clave para proteger la poblaci\u00f3n y los ecosistemas","og_description":"En el marco del D\u00eda Mundial de la Salud Ambiental, la provincia de R\u00edo Negro reafirma su compromiso con la protecci\u00f3n de la poblaci\u00f3n y la preservaci\u00f3n de los ecosistemas, implementando pol\u00edticas p\u00fablicas integrales que combinan educaci\u00f3n, prevenci\u00f3n y control.","og_url":"https:\/\/patagoniambiental.com.ar\/info\/dia-mundial-salud-ambiental\/","og_site_name":"Patagonia Ambiental","article_publisher":"https:\/\/www.facebook.com\/patagonia.ambiental","article_author":"https:\/\/www.facebook.com\/share\/1C1V8Gv9BX\/?mibextid=qi2Omg","article_published_time":"2025-09-26T14:18:14+00:00","article_modified_time":"2025-09-26T14:18:15+00:00","og_image":[{"width":600,"height":600,"url":"https:\/\/patagoniambiental.com.ar\/info\/wp-content\/uploads\/2025\/09\/1000182238-1.jpg","type":"image\/jpeg"}],"author":"Patagonia Ambiental","twitter_card":"summary_large_image","twitter_creator":"@PatAmb","twitter_site":"@PatAmb","schema":{"@context":"https:\/\/schema.org","@graph":[{"@type":"Article","@id":"https:\/\/patagoniambiental.com.ar\/info\/dia-mundial-salud-ambiental\/#article","isPartOf":{"@id":"https:\/\/patagoniambiental.com.ar\/info\/dia-mundial-salud-ambiental\/"},"author":{"name":"Patagonia Ambiental","@id":"https:\/\/patagoniambiental.com.ar\/info\/#\/schema\/person\/db12bff64bbcbf6a253710bf0ea37b5d"},"headline":"Salud Ambiental: R\u00edo Negro refuerza acciones clave para proteger la poblaci\u00f3n y los ecosistemas","datePublished":"2025-09-26T14:18:14+00:00","dateModified":"2025-09-26T14:18:15+00:00","mainEntityOfPage":{"@id":"https:\/\/patagoniambiental.com.ar\/info\/dia-mundial-salud-ambiental\/"},"wordCount":1489,"commentCount":0,"publisher":{"@id":"https:\/\/patagoniambiental.com.ar\/info\/#organization"},"image":{"@id":"https:\/\/patagoniambiental.com.ar\/info\/dia-mundial-salud-ambiental\/#primaryimage"},"thumbnailUrl":"https:\/\/patagoniambiental.com.ar\/info\/wp-content\/uploads\/2025\/09\/1000182238-1.jpg","articleSection":["Medio Ambiente y Salud","Noticias"],"inLanguage":"es","potentialAction":[{"@type":"CommentAction","name":"Comment","target":["https:\/\/patagoniambiental.com.ar\/info\/dia-mundial-salud-ambiental\/#respond"]}]},{"@type":"WebPage","@id":"https:\/\/patagoniambiental.com.ar\/info\/dia-mundial-salud-ambiental\/","url":"https:\/\/patagoniambiental.com.ar\/info\/dia-mundial-salud-ambiental\/","name":"Salud Ambiental: R\u00edo Negro refuerza acciones clave para proteger la poblaci\u00f3n y los ecosistemas En el marco del D\u00eda Mundial de la Salud Ambiental, la provincia de R\u00edo Negro reafirma su compromiso con la protecci\u00f3n de la poblaci\u00f3n","isPartOf":{"@id":"https:\/\/patagoniambiental.com.ar\/info\/#website"},"primaryImageOfPage":{"@id":"https:\/\/patagoniambiental.com.ar\/info\/dia-mundial-salud-ambiental\/#primaryimage"},"image":{"@id":"https:\/\/patagoniambiental.com.ar\/info\/dia-mundial-salud-ambiental\/#primaryimage"},"thumbnailUrl":"https:\/\/patagoniambiental.com.ar\/info\/wp-content\/uploads\/2025\/09\/1000182238-1.jpg","datePublished":"2025-09-26T14:18:14+00:00","dateModified":"2025-09-26T14:18:15+00:00","description":"En el marco del D\u00eda Mundial de la Salud Ambiental, la provincia de R\u00edo Negro reafirma su compromiso con la protecci\u00f3n de la poblaci\u00f3n y la preservaci\u00f3n de los ecosistemas, implementando pol\u00edticas p\u00fablicas integrales que combinan educaci\u00f3n, prevenci\u00f3n y control.","breadcrumb":{"@id":"https:\/\/patagoniambiental.com.ar\/info\/dia-mundial-salud-ambiental\/#breadcrumb"},"inLanguage":"es","potentialAction":[{"@type":"ReadAction","target":["https:\/\/patagoniambiental.com.ar\/info\/dia-mundial-salud-ambiental\/"]}]},{"@type":"ImageObject","inLanguage":"es","@id":"https:\/\/patagoniambiental.com.ar\/info\/dia-mundial-salud-ambiental\/#primaryimage","url":"https:\/\/patagoniambiental.com.ar\/info\/wp-content\/uploads\/2025\/09\/1000182238-1.jpg","contentUrl":"https:\/\/patagoniambiental.com.ar\/info\/wp-content\/uploads\/2025\/09\/1000182238-1.jpg","width":600,"height":600,"caption":"Imagen ilustrativa hecha con IA"},{"@type":"BreadcrumbList","@id":"https:\/\/patagoniambiental.com.ar\/info\/dia-mundial-salud-ambiental\/#breadcrumb","itemListElement":[{"@type":"ListItem","position":1,"name":"Inicio","item":"https:\/\/patagoniambiental.com.ar\/info\/"},{"@type":"ListItem","position":2,"name":"Salud Ambiental: R\u00edo Negro refuerza acciones clave para proteger la poblaci\u00f3n y los ecosistemas"}]},{"@type":"WebSite","@id":"https:\/\/patagoniambiental.com.ar\/info\/#website","url":"https:\/\/patagoniambiental.com.ar\/info\/","name":"Patagonia Ambiental","description":"Monitoreo y an\u00e1lisis de la situaci\u00f3n geopol\u00edtica en el mundo y su implicancia en la Patagonia","publisher":{"@id":"https:\/\/patagoniambiental.com.ar\/info\/#organization"},"potentialAction":[{"@type":"SearchAction","target":{"@type":"EntryPoint","urlTemplate":"https:\/\/patagoniambiental.com.ar\/info\/?s={search_term_string}"},"query-input":{"@type":"PropertyValueSpecification","valueRequired":true,"valueName":"search_term_string"}}],"inLanguage":"es"},{"@type":"Organization","@id":"https:\/\/patagoniambiental.com.ar\/info\/#organization","name":"Patagonia Ambiental","url":"https:\/\/patagoniambiental.com.ar\/info\/","logo":{"@type":"ImageObject","inLanguage":"es","@id":"https:\/\/patagoniambiental.com.ar\/info\/#\/schema\/logo\/image\/","url":"https:\/\/patagoniambiental.com.ar\/info\/wp-content\/uploads\/2025\/05\/LOGO-PATAGONIA-AMBIENTAL.png","contentUrl":"https:\/\/patagoniambiental.com.ar\/info\/wp-content\/uploads\/2025\/05\/LOGO-PATAGONIA-AMBIENTAL.png","width":433,"height":250,"caption":"Patagonia Ambiental"},"image":{"@id":"https:\/\/patagoniambiental.com.ar\/info\/#\/schema\/logo\/image\/"},"sameAs":["https:\/\/www.facebook.com\/patagonia.ambiental","https:\/\/x.com\/PatAmb"]},{"@type":"Person","@id":"https:\/\/patagoniambiental.com.ar\/info\/#\/schema\/person\/db12bff64bbcbf6a253710bf0ea37b5d","name":"Patagonia Ambiental","description":"Andr\u00e9s Nievas T\u00e9cnico en manejo ambiental, consultor Ambiental y escritor para medios locales e internacionales sobre temas de geopolitica y medio ambiente.","sameAs":["http:\/\/www.patagoniambiental.com.ar","https:\/\/www.facebook.com\/share\/1C1V8Gv9BX\/?mibextid=qi2Omg","@patagoniambiental","https:\/\/youtube.com\/@patagoniaambiental2023?si=BLt58t0wuXquxlYZ"]}]}},"_links":{"self":[{"href":"https:\/\/patagoniambiental.com.ar\/info\/wp-json\/wp\/v2\/posts\/99248","targetHints":{"allow":["GET"]}}],"collection":[{"href":"https:\/\/patagoniambiental.com.ar\/info\/wp-json\/wp\/v2\/posts"}],"about":[{"href":"https:\/\/patagoniambiental.com.ar\/info\/wp-json\/wp\/v2\/types\/post"}],"author":[{"embeddable":true,"href":"https:\/\/patagoniambiental.com.ar\/info\/wp-json\/wp\/v2\/users\/2"}],"replies":[{"embeddable":true,"href":"https:\/\/patagoniambiental.com.ar\/info\/wp-json\/wp\/v2\/comments?post=99248"}],"version-history":[{"count":1,"href":"https:\/\/patagoniambiental.com.ar\/info\/wp-json\/wp\/v2\/posts\/99248\/revisions"}],"predecessor-version":[{"id":99250,"href":"https:\/\/patagoniambiental.com.ar\/info\/wp-json\/wp\/v2\/posts\/99248\/revisions\/99250"}],"wp:featuredmedia":[{"embeddable":true,"href":"https:\/\/patagoniambiental.com.ar\/info\/wp-json\/wp\/v2\/media\/99249"}],"wp:attachment":[{"href":"https:\/\/patagoniambiental.com.ar\/info\/wp-json\/wp\/v2\/media?parent=99248"}],"wp:term":[{"taxonomy":"category","embeddable":true,"href":"https:\/\/patagoniambiental.com.ar\/info\/wp-json\/wp\/v2\/categories?post=99248"},{"taxonomy":"post_tag","embeddable":true,"href":"https:\/\/patagoniambiental.com.ar\/info\/wp-json\/wp\/v2\/tags?post=99248"}],"curies":[{"name":"wp","href":"https:\/\/api.w.org\/{rel}","templated":true}]}}