{"id":99348,"date":"2025-10-02T14:07:06","date_gmt":"2025-10-02T17:07:06","guid":{"rendered":"https:\/\/patagoniambiental.com.ar\/info\/?p=99348"},"modified":"2025-10-02T14:09:32","modified_gmt":"2025-10-02T17:09:32","slug":"educacion-ambiental-curso-neuquen","status":"publish","type":"post","link":"https:\/\/patagoniambiental.com.ar\/info\/educacion-ambiental-curso-neuquen\/","title":{"rendered":"Educaci\u00f3n ambiental integral y gesti\u00f3n del Agua: formaci\u00f3n docente para Neuqu\u00e9n"},"content":{"rendered":"\n<!--more-->\n\n\n\n<p>Neuqu\u00e9n, Provincia de Neuquen, 1 de octubre de 2025. La educaci\u00f3n ambiental se ha convertido en un eje fundamental para garantizar un futuro sostenible, y en la Patagonia Norte, una innovadora propuesta est\u00e1 marcando un antes y un despu\u00e9s en la formaci\u00f3n docente. Se trata del <strong>3\u00b0 Encuentro Regional Ambiental<\/strong>, un programa articulado entre los ministerios de Educaci\u00f3n de <strong>Neuqu\u00e9n<\/strong> y <strong>R\u00edo Negro<\/strong>, la <strong>Universidad Nacional del Comahue (UNCo)<\/strong> y la <strong>Autoridad Interjurisdiccional de Cuencas (AIC)<\/strong>, que busca fortalecer las capacidades pedag\u00f3gicas de los docentes en torno a <strong>el agua y el ambiente<\/strong>. Esta formaci\u00f3n se desarrollar\u00e1 los d\u00edas <strong>7, 15 y 23 de octubre de 2025<\/strong>, con una modalidad combinada que incluye encuentros presenciales, virtuales y actividades asincr\u00f3nicas, garantizando flexibilidad y accesibilidad para todos los docentes interesados.<\/p>\n\n\n\n<p><strong>Por qu\u00e9 esta formaci\u00f3n es crucial para la regi\u00f3n<\/strong><\/p>\n\n\n\n<p>La Patagonia Norte enfrenta desaf\u00edos ambientales espec\u00edficos, desde la <strong>gesti\u00f3n sostenible del agua<\/strong> hasta la <strong>adaptaci\u00f3n al cambio clim\u00e1tico<\/strong>, pasando por la preservaci\u00f3n de ecosistemas y la promoci\u00f3n de pr\u00e1cticas responsables en las comunidades escolares. Este curso surge como respuesta directa a estas problem\u00e1ticas, enmarcado en la <strong>Ley Nacional N.\u00ba 27.621<\/strong>, que establece la <strong>Educaci\u00f3n Ambiental Integral (EAI)<\/strong> como un derecho y una pol\u00edtica p\u00fablica en Argentina. La iniciativa tiene como objetivo <strong>preparar a los docentes para formar ciudadanos cr\u00edticos y comprometidos<\/strong>, capaces de comprender y transformar los problemas ambientales desde un enfoque interdisciplinario y transformador.<\/p>\n\n\n\n<p><strong>Contenidos y m\u00f3dulos de la formaci\u00f3n docente<\/strong><\/p>\n\n\n\n<p>El encuentro est\u00e1 estructurado en tres m\u00f3dulos tem\u00e1ticos que dialogan con los dise\u00f1os curriculares de ambas provincias:<\/p>\n\n\n\n<p><strong>Ambiente, Desarrollo Sustentable y Educaci\u00f3n Ambiental Integral:<\/strong> Este m\u00f3dulo proporciona a los docentes herramientas conceptuales y pr\u00e1cticas para integrar la sostenibilidad en el aula, promoviendo la reflexi\u00f3n cr\u00edtica y la acci\u00f3n local.<br><\/p>\n\n\n\n<p><strong>Cambio Clim\u00e1tico:<\/strong> Aqu\u00ed se analizan las causas y efectos del cambio clim\u00e1tico, con \u00e9nfasis en su impacto regional y las estrategias de mitigaci\u00f3n y adaptaci\u00f3n que pueden implementarse en escuelas y comunidades.<br><\/p>\n\n\n\n<p><strong>Gesti\u00f3n Integral del Recurso H\u00eddrico:<\/strong> Este m\u00f3dulo aborda la administraci\u00f3n responsable de las cuencas compartidas entre Neuqu\u00e9n y R\u00edo Negro, incluyendo la importancia de pol\u00edticas p\u00fablicas, manejo comunitario y pr\u00e1cticas pedag\u00f3gicas para ense\u00f1ar la conservaci\u00f3n del agua.<br><\/p>\n\n\n\n<p><br>Cada m\u00f3dulo combina <strong>contenidos acad\u00e9micos actualizados<\/strong>, <strong>marco legal vigente<\/strong> y un <strong>enfoque pedag\u00f3gico basado en la pedagog\u00eda del conflicto ambiental<\/strong>, concebido como una oportunidad para aprender de los problemas ambientales y generar soluciones colectivas.<\/p>\n\n\n\n<p><strong>Modalidad h\u00edbrida y flexibilidad para los docentes<\/strong><\/p>\n\n\n\n<p>La formaci\u00f3n se ofrecer\u00e1 en modalidad h\u00edbrida, combinando <strong>cursado presencial opcional en la UNCo<\/strong>, <strong>transmisi\u00f3n en vivo por YouTube<\/strong> y actividades asincr\u00f3nicas a trav\u00e9s de una <strong>plataforma educativa<\/strong> que incluir\u00e1 foros, evaluaciones y recursos interactivos. La carga horaria total es de <strong>30 horas reloj<\/strong>, distribuidas en tres encuentros sincr\u00f3nicos de tres horas cada uno. Esta flexibilidad permite que los docentes puedan participar desde distintos puntos de la regi\u00f3n sin comprometer sus responsabilidades habituales.<\/p>\n\n\n\n<p><strong>Inscripci\u00f3n y participaci\u00f3n<\/strong><\/p>\n\n\n\n<p>Para participar, los docentes interesados deben <strong>inscribirse previamente<\/strong> a trav\u00e9s del formulario disponible en l\u00ednea. La inscripci\u00f3n garantiza el acceso a todos los materiales educativos, encuentros y certificados de participaci\u00f3n, fortaleciendo el reconocimiento profesional de quienes completan el trayecto formativo.<\/p>\n\n\n\n<p><strong>Impacto esperado en la educaci\u00f3n y la ciudadan\u00eda<\/strong><\/p>\n\n\n\n<p>M\u00e1s all\u00e1 de la formaci\u00f3n te\u00f3rica, este programa busca consolidar a las <strong>escuelas secundarias como espacios de construcci\u00f3n de ciudadan\u00eda<\/strong>, donde los estudiantes puedan desarrollar habilidades cr\u00edticas y tomar decisiones responsables sobre el medio ambiente. Al abordar problemas locales y globales, se fomenta un aprendizaje situado y comunitario, preparando a los j\u00f3venes para ser agentes activos en la <strong>transformaci\u00f3n de su entorno<\/strong> y la promoci\u00f3n de la sostenibilidad.<\/p>\n\n\n\n<p><strong>Beneficios de la educaci\u00f3n ambiental integral<\/strong><\/p>\n\n\n\n<p>La <strong>Educaci\u00f3n Ambiental Integral (EAI)<\/strong> permite a los docentes:<\/p>\n\n\n\n<p>Introducir conceptos de <strong>sustentabilidad y gesti\u00f3n del agua<\/strong> en el curr\u00edculo escolar.<br><\/p>\n\n\n\n<p>Desarrollar proyectos pr\u00e1cticos que involucren a estudiantes, familias y comunidades.<br><\/p>\n\n\n\n<p>Fomentar la <strong>conciencia ecol\u00f3gica y la responsabilidad social<\/strong> en los j\u00f3venes.<br><\/p>\n\n\n\n<p>Comprender los <strong>desaf\u00edos legales y sociales<\/strong> vinculados a la gesti\u00f3n ambiental en la regi\u00f3n.<br><\/p>\n\n\n\n<p><br>Estas competencias son esenciales para enfrentar problem\u00e1ticas como la escasez de agua, la degradaci\u00f3n de ecosistemas y los impactos del cambio clim\u00e1tico.<\/p>\n\n\n\n<p><strong>La Patagonia Norte como laboratorio de innovaci\u00f3n educativa<\/strong><\/p>\n\n\n\n<p>Neuqu\u00e9n y R\u00edo Negro se posicionan como referentes en <strong>innovaci\u00f3n pedag\u00f3gica ambiental<\/strong>, al articular esfuerzos entre universidades, ministerios y organismos interjurisdiccionales. Este encuentro demuestra c\u00f3mo la cooperaci\u00f3n regional puede traducirse en <strong>proyectos educativos transformadores<\/strong>, que combinan conocimiento acad\u00e9mico, compromiso social y herramientas pr\u00e1cticas para la gesti\u00f3n sostenible del agua y el ambiente.<\/p>\n\n\n\n<p><strong>La importancia de la colaboraci\u00f3n interinstitucional<\/strong><\/p>\n\n\n\n<p>La coordinaci\u00f3n entre la <strong>UNCo, los ministerios de Educaci\u00f3n y la AIC<\/strong> permite integrar perspectivas acad\u00e9micas, legales y comunitarias en un \u00fanico programa formativo. Esta colaboraci\u00f3n asegura que los docentes reciban <strong>informaci\u00f3n actualizada y relevante<\/strong>, basada en evidencias cient\u00edficas y experiencias locales, fortaleciendo la <strong>autoridad y confiabilidad del contenido<\/strong>.<\/p>\n\n\n\n<p><strong>Estrategias pedag\u00f3gicas innovadoras<\/strong><\/p>\n\n\n\n<p>El enfoque del curso se basa en la <strong>pedagog\u00eda del conflicto ambiental<\/strong>, que considera los problemas ecol\u00f3gicos como <strong>procesos socio-hist\u00f3ricos complejos<\/strong> y oportunidades para el aprendizaje colaborativo. Esta metodolog\u00eda fomenta:<\/p>\n\n\n\n<p>El pensamiento cr\u00edtico.<br><\/p>\n\n\n\n<p>La resoluci\u00f3n de problemas en contextos reales.<br><\/p>\n\n\n\n<p>La participaci\u00f3n activa de estudiantes en la construcci\u00f3n de soluciones sostenibles.<br><\/p>\n\n\n\n<p><br><strong>Complemento multimedia y recursos educativos<\/strong><\/p>\n\n\n\n<p>El programa incluye <strong>recursos audiovisuales, gr\u00e1ficos y documentos descargables<\/strong>, que permiten a los docentes <strong>visualizar y aplicar conceptos<\/strong> de manera pr\u00e1ctica. Se recomienda complementar la noticia con <strong>videos de las cuencas, entrevistas a expertos y material did\u00e1ctico<\/strong> que ampl\u00ede la comprensi\u00f3n del impacto del agua y la gesti\u00f3n ambiental en la regi\u00f3n.<\/p>\n\n\n\n<p><strong>Conexi\u00f3n con pol\u00edticas p\u00fablicas y legislaci\u00f3n vigente<\/strong><\/p>\n\n\n\n<p>El curso se encuentra alineado con la <strong>Ley Nacional N.\u00ba 27.621<\/strong>, asegurando que la educaci\u00f3n ambiental sea un <strong>derecho garantizado<\/strong> y un eje estrat\u00e9gico de pol\u00edticas p\u00fablicas. Esto otorga al programa <strong>respaldo institucional y legitimidad<\/strong>, elementos clave para reforzar la confianza de los docentes y la comunidad en general.<\/p>\n\n\n\n<p><strong>C\u00f3mo esta formaci\u00f3n fortalece la resiliencia regional<\/strong><\/p>\n\n\n\n<p>Al capacitar a docentes en <strong>gesti\u00f3n del agua y cambio clim\u00e1tico<\/strong>, se promueve la <strong>resiliencia social y ambiental<\/strong> en la Patagonia Norte. La poblaci\u00f3n estudiantil y las comunidades locales se benefician directamente, desarrollando habilidades para <strong>adaptarse a desaf\u00edos ambientales<\/strong> y fomentar la conservaci\u00f3n de recursos cr\u00edticos.<\/p>\n\n\n\n<p><strong>Conclusi\u00f3n: Un paso clave hacia la sostenibilidad educativa<\/strong><\/p>\n\n\n\n<p>El <strong>3\u00b0 Encuentro Regional Ambiental Patagonia Norte<\/strong> representa una oportunidad \u00fanica para los docentes de Neuqu\u00e9n y R\u00edo Negro de <strong>profundizar sus conocimientos sobre agua, ambiente y sostenibilidad<\/strong>, aplicando metodolog\u00edas innovadoras que impactan directamente en la formaci\u00f3n de futuras generaciones comprometidas con el planeta. Esta iniciativa no solo fortalece la educaci\u00f3n ambiental, sino que tambi\u00e9n promueve la <strong>ciudadan\u00eda activa y responsable<\/strong>, consolidando a la Patagonia Norte como un referente en innovaci\u00f3n educativa y gesti\u00f3n ambiental.<\/p>\n\n\n\n<p>Para participar del encuentro se requiere inscripci\u00f3n, que puede hacerse a trav\u00e9s del siguiente enlace:<\/p>\n\n\n\n<figure class=\"wp-block-embed\"><div class=\"wp-block-embed__wrapper\">\nhttps:\/\/docs.google.com\/forms\/d\/e\/1FAIpQLSfmtNRFAKViIGU7NJuvXLujtL1qoxpd-mWLtYPkONCP7Sa5EA\/viewform\n<\/div><\/figure>\n\n\n\n<p><br><\/p>\n","protected":false},"excerpt":{"rendered":"","protected":false},"author":2,"featured_media":99349,"comment_status":"open","ping_status":"open","sticky":false,"template":"","format":"standard","meta":{"site-sidebar-layout":"default","site-content-layout":"","ast-site-content-layout":"default","site-content-style":"default","site-sidebar-style":"default","ast-global-header-display":"","ast-banner-title-visibility":"","ast-main-header-display":"","ast-hfb-above-header-display":"","ast-hfb-below-header-display":"","ast-hfb-mobile-header-display":"","site-post-title":"","ast-breadcrumbs-content":"","ast-featured-img":"","footer-sml-layout":"","ast-disable-related-posts":"","theme-transparent-header-meta":"","adv-header-id-meta":"","stick-header-meta":"","header-above-stick-meta":"","header-main-stick-meta":"","header-below-stick-meta":"","astra-migrate-meta-layouts":"default","ast-page-background-enabled":"default","ast-page-background-meta":{"desktop":{"background-color":"var(--ast-global-color-5)","background-image":"","background-repeat":"repeat","background-position":"center center","background-size":"auto","background-attachment":"scroll","background-type":"","background-media":"","overlay-type":"","overlay-color":"","overlay-opacity":"","overlay-gradient":""},"tablet":{"background-color":"","background-image":"","background-repeat":"repeat","background-position":"center center","background-size":"auto","background-attachment":"scroll","background-type":"","background-media":"","overlay-type":"","overlay-color":"","overlay-opacity":"","overlay-gradient":""},"mobile":{"background-color":"","background-image":"","background-repeat":"repeat","background-position":"center center","background-size":"auto","background-attachment":"scroll","background-type":"","background-media":"","overlay-type":"","overlay-color":"","overlay-opacity":"","overlay-gradient":""}},"ast-content-background-meta":{"desktop":{"background-color":"var(--ast-global-color-4)","background-image":"","background-repeat":"repeat","background-position":"center center","background-size":"auto","background-attachment":"scroll","background-type":"","background-media":"","overlay-type":"","overlay-color":"","overlay-opacity":"","overlay-gradient":""},"tablet":{"background-color":"var(--ast-global-color-4)","background-image":"","background-repeat":"repeat","background-position":"center center","background-size":"auto","background-attachment":"scroll","background-type":"","background-media":"","overlay-type":"","overlay-color":"","overlay-opacity":"","overlay-gradient":""},"mobile":{"background-color":"var(--ast-global-color-4)","background-image":"","background-repeat":"repeat","background-position":"center center","background-size":"auto","background-attachment":"scroll","background-type":"","background-media":"","overlay-type":"","overlay-color":"","overlay-opacity":"","overlay-gradient":""}},"footnotes":""},"categories":[12,1],"tags":[],"class_list":["post-99348","post","type-post","status-publish","format-standard","has-post-thumbnail","hentry","category-agenda-ambiental","category-noticias"],"yoast_head":"<!-- This site is optimized with the Yoast SEO Premium plugin v23.0 (Yoast SEO v27.5) - https:\/\/yoast.com\/product\/yoast-seo-premium-wordpress\/ -->\n<title>Educaci\u00f3n ambiental integral y gesti\u00f3n del Agua: formaci\u00f3n docente para Neuqu\u00e9n La educaci\u00f3n ambiental se ha convertido en un eje fundamental para garantizar un futuro sostenible,<\/title>\n<meta name=\"description\" content=\"La educaci\u00f3n ambiental se ha convertido en un eje fundamental para garantizar un futuro sostenible, y en la Patagonia Norte, una innovadora propuesta est\u00e1 marcando un antes y un despu\u00e9s en la formaci\u00f3n docente.\" \/>\n<meta name=\"robots\" content=\"index, follow, max-snippet:-1, max-image-preview:large, max-video-preview:-1\" \/>\n<link rel=\"canonical\" href=\"https:\/\/patagoniambiental.com.ar\/info\/educacion-ambiental-curso-neuquen\/\" \/>\n<meta property=\"og:locale\" content=\"es_ES\" \/>\n<meta property=\"og:type\" content=\"article\" \/>\n<meta property=\"og:title\" content=\"Educaci\u00f3n ambiental integral y gesti\u00f3n del Agua: formaci\u00f3n docente para Neuqu\u00e9n\" \/>\n<meta property=\"og:description\" content=\"La educaci\u00f3n ambiental se ha convertido en un eje fundamental para garantizar un futuro sostenible, y en la Patagonia Norte, una innovadora propuesta est\u00e1 marcando un antes y un despu\u00e9s en la formaci\u00f3n docente.\" \/>\n<meta property=\"og:url\" content=\"https:\/\/patagoniambiental.com.ar\/info\/educacion-ambiental-curso-neuquen\/\" \/>\n<meta property=\"og:site_name\" content=\"Patagonia Ambiental\" \/>\n<meta property=\"article:publisher\" content=\"https:\/\/www.facebook.com\/patagonia.ambiental\" \/>\n<meta property=\"article:author\" content=\"https:\/\/www.facebook.com\/share\/1C1V8Gv9BX\/?mibextid=qi2Omg\" \/>\n<meta property=\"article:published_time\" content=\"2025-10-02T17:07:06+00:00\" \/>\n<meta property=\"article:modified_time\" content=\"2025-10-02T17:09:32+00:00\" \/>\n<meta property=\"og:image\" content=\"https:\/\/patagoniambiental.com.ar\/info\/wp-content\/uploads\/2025\/10\/md-46.webp\" \/>\n\t<meta property=\"og:image:width\" content=\"900\" \/>\n\t<meta property=\"og:image:height\" content=\"600\" \/>\n\t<meta property=\"og:image:type\" content=\"image\/webp\" \/>\n<meta name=\"author\" content=\"Patagonia Ambiental\" \/>\n<meta name=\"twitter:card\" content=\"summary_large_image\" \/>\n<meta name=\"twitter:creator\" content=\"@PatAmb\" \/>\n<meta name=\"twitter:site\" content=\"@PatAmb\" \/>\n<script type=\"application\/ld+json\" class=\"yoast-schema-graph\">{\"@context\":\"https:\\\/\\\/schema.org\",\"@graph\":[{\"@type\":\"Article\",\"@id\":\"https:\\\/\\\/patagoniambiental.com.ar\\\/info\\\/educacion-ambiental-curso-neuquen\\\/#article\",\"isPartOf\":{\"@id\":\"https:\\\/\\\/patagoniambiental.com.ar\\\/info\\\/educacion-ambiental-curso-neuquen\\\/\"},\"author\":{\"name\":\"Patagonia Ambiental\",\"@id\":\"https:\\\/\\\/patagoniambiental.com.ar\\\/info\\\/#\\\/schema\\\/person\\\/db12bff64bbcbf6a253710bf0ea37b5d\"},\"headline\":\"Educaci\u00f3n ambiental integral y gesti\u00f3n del Agua: formaci\u00f3n docente para Neuqu\u00e9n\",\"datePublished\":\"2025-10-02T17:07:06+00:00\",\"dateModified\":\"2025-10-02T17:09:32+00:00\",\"mainEntityOfPage\":{\"@id\":\"https:\\\/\\\/patagoniambiental.com.ar\\\/info\\\/educacion-ambiental-curso-neuquen\\\/\"},\"wordCount\":1281,\"commentCount\":0,\"publisher\":{\"@id\":\"https:\\\/\\\/patagoniambiental.com.ar\\\/info\\\/#organization\"},\"image\":{\"@id\":\"https:\\\/\\\/patagoniambiental.com.ar\\\/info\\\/educacion-ambiental-curso-neuquen\\\/#primaryimage\"},\"thumbnailUrl\":\"https:\\\/\\\/patagoniambiental.com.ar\\\/info\\\/wp-content\\\/uploads\\\/2025\\\/10\\\/md-46.webp\",\"articleSection\":[\"Agenda Ambiental\",\"Noticias\"],\"inLanguage\":\"es\",\"potentialAction\":[{\"@type\":\"CommentAction\",\"name\":\"Comment\",\"target\":[\"https:\\\/\\\/patagoniambiental.com.ar\\\/info\\\/educacion-ambiental-curso-neuquen\\\/#respond\"]}]},{\"@type\":\"WebPage\",\"@id\":\"https:\\\/\\\/patagoniambiental.com.ar\\\/info\\\/educacion-ambiental-curso-neuquen\\\/\",\"url\":\"https:\\\/\\\/patagoniambiental.com.ar\\\/info\\\/educacion-ambiental-curso-neuquen\\\/\",\"name\":\"Educaci\u00f3n ambiental integral y gesti\u00f3n del Agua: formaci\u00f3n docente para Neuqu\u00e9n La educaci\u00f3n ambiental se ha convertido en un eje fundamental para garantizar un futuro sostenible,\",\"isPartOf\":{\"@id\":\"https:\\\/\\\/patagoniambiental.com.ar\\\/info\\\/#website\"},\"primaryImageOfPage\":{\"@id\":\"https:\\\/\\\/patagoniambiental.com.ar\\\/info\\\/educacion-ambiental-curso-neuquen\\\/#primaryimage\"},\"image\":{\"@id\":\"https:\\\/\\\/patagoniambiental.com.ar\\\/info\\\/educacion-ambiental-curso-neuquen\\\/#primaryimage\"},\"thumbnailUrl\":\"https:\\\/\\\/patagoniambiental.com.ar\\\/info\\\/wp-content\\\/uploads\\\/2025\\\/10\\\/md-46.webp\",\"datePublished\":\"2025-10-02T17:07:06+00:00\",\"dateModified\":\"2025-10-02T17:09:32+00:00\",\"description\":\"La educaci\u00f3n ambiental se ha convertido en un eje fundamental para garantizar un futuro sostenible, y en la Patagonia Norte, una innovadora propuesta est\u00e1 marcando un antes y un despu\u00e9s en la formaci\u00f3n docente.\",\"breadcrumb\":{\"@id\":\"https:\\\/\\\/patagoniambiental.com.ar\\\/info\\\/educacion-ambiental-curso-neuquen\\\/#breadcrumb\"},\"inLanguage\":\"es\",\"potentialAction\":[{\"@type\":\"ReadAction\",\"target\":[\"https:\\\/\\\/patagoniambiental.com.ar\\\/info\\\/educacion-ambiental-curso-neuquen\\\/\"]}]},{\"@type\":\"ImageObject\",\"inLanguage\":\"es\",\"@id\":\"https:\\\/\\\/patagoniambiental.com.ar\\\/info\\\/educacion-ambiental-curso-neuquen\\\/#primaryimage\",\"url\":\"https:\\\/\\\/patagoniambiental.com.ar\\\/info\\\/wp-content\\\/uploads\\\/2025\\\/10\\\/md-46.webp\",\"contentUrl\":\"https:\\\/\\\/patagoniambiental.com.ar\\\/info\\\/wp-content\\\/uploads\\\/2025\\\/10\\\/md-46.webp\",\"width\":900,\"height\":600,\"caption\":\"Cr\u00e9dito: Gobierno de Neuquen\"},{\"@type\":\"BreadcrumbList\",\"@id\":\"https:\\\/\\\/patagoniambiental.com.ar\\\/info\\\/educacion-ambiental-curso-neuquen\\\/#breadcrumb\",\"itemListElement\":[{\"@type\":\"ListItem\",\"position\":1,\"name\":\"Inicio\",\"item\":\"https:\\\/\\\/patagoniambiental.com.ar\\\/info\\\/\"},{\"@type\":\"ListItem\",\"position\":2,\"name\":\"Educaci\u00f3n ambiental integral y gesti\u00f3n del Agua: formaci\u00f3n docente para Neuqu\u00e9n\"}]},{\"@type\":\"WebSite\",\"@id\":\"https:\\\/\\\/patagoniambiental.com.ar\\\/info\\\/#website\",\"url\":\"https:\\\/\\\/patagoniambiental.com.ar\\\/info\\\/\",\"name\":\"Patagonia Ambiental\",\"description\":\"Monitoreo y an\u00e1lisis de la situaci\u00f3n geopol\u00edtica en el mundo y su implicancia en la Patagonia\",\"publisher\":{\"@id\":\"https:\\\/\\\/patagoniambiental.com.ar\\\/info\\\/#organization\"},\"potentialAction\":[{\"@type\":\"SearchAction\",\"target\":{\"@type\":\"EntryPoint\",\"urlTemplate\":\"https:\\\/\\\/patagoniambiental.com.ar\\\/info\\\/?s={search_term_string}\"},\"query-input\":{\"@type\":\"PropertyValueSpecification\",\"valueRequired\":true,\"valueName\":\"search_term_string\"}}],\"inLanguage\":\"es\"},{\"@type\":\"Organization\",\"@id\":\"https:\\\/\\\/patagoniambiental.com.ar\\\/info\\\/#organization\",\"name\":\"Patagonia Ambiental\",\"url\":\"https:\\\/\\\/patagoniambiental.com.ar\\\/info\\\/\",\"logo\":{\"@type\":\"ImageObject\",\"inLanguage\":\"es\",\"@id\":\"https:\\\/\\\/patagoniambiental.com.ar\\\/info\\\/#\\\/schema\\\/logo\\\/image\\\/\",\"url\":\"https:\\\/\\\/patagoniambiental.com.ar\\\/info\\\/wp-content\\\/uploads\\\/2025\\\/05\\\/LOGO-PATAGONIA-AMBIENTAL.png\",\"contentUrl\":\"https:\\\/\\\/patagoniambiental.com.ar\\\/info\\\/wp-content\\\/uploads\\\/2025\\\/05\\\/LOGO-PATAGONIA-AMBIENTAL.png\",\"width\":433,\"height\":250,\"caption\":\"Patagonia Ambiental\"},\"image\":{\"@id\":\"https:\\\/\\\/patagoniambiental.com.ar\\\/info\\\/#\\\/schema\\\/logo\\\/image\\\/\"},\"sameAs\":[\"https:\\\/\\\/www.facebook.com\\\/patagonia.ambiental\",\"https:\\\/\\\/x.com\\\/PatAmb\"]},{\"@type\":\"Person\",\"@id\":\"https:\\\/\\\/patagoniambiental.com.ar\\\/info\\\/#\\\/schema\\\/person\\\/db12bff64bbcbf6a253710bf0ea37b5d\",\"name\":\"Patagonia Ambiental\",\"description\":\"Andr\u00e9s Nievas T\u00e9cnico en manejo ambiental, consultor Ambiental y escritor para medios locales e internacionales sobre temas de geopolitica y medio ambiente.\",\"sameAs\":[\"http:\\\/\\\/www.patagoniambiental.com.ar\",\"https:\\\/\\\/www.facebook.com\\\/share\\\/1C1V8Gv9BX\\\/?mibextid=qi2Omg\",\"@patagoniambiental\",\"https:\\\/\\\/youtube.com\\\/@patagoniaambiental2023?si=BLt58t0wuXquxlYZ\"]}]}<\/script>\n<!-- \/ Yoast SEO Premium plugin. -->","yoast_head_json":{"title":"Educaci\u00f3n ambiental integral y gesti\u00f3n del Agua: formaci\u00f3n docente para Neuqu\u00e9n La educaci\u00f3n ambiental se ha convertido en un eje fundamental para garantizar un futuro sostenible,","description":"La educaci\u00f3n ambiental se ha convertido en un eje fundamental para garantizar un futuro sostenible, y en la Patagonia Norte, una innovadora propuesta est\u00e1 marcando un antes y un despu\u00e9s en la formaci\u00f3n docente.","robots":{"index":"index","follow":"follow","max-snippet":"max-snippet:-1","max-image-preview":"max-image-preview:large","max-video-preview":"max-video-preview:-1"},"canonical":"https:\/\/patagoniambiental.com.ar\/info\/educacion-ambiental-curso-neuquen\/","og_locale":"es_ES","og_type":"article","og_title":"Educaci\u00f3n ambiental integral y gesti\u00f3n del Agua: formaci\u00f3n docente para Neuqu\u00e9n","og_description":"La educaci\u00f3n ambiental se ha convertido en un eje fundamental para garantizar un futuro sostenible, y en la Patagonia Norte, una innovadora propuesta est\u00e1 marcando un antes y un despu\u00e9s en la formaci\u00f3n docente.","og_url":"https:\/\/patagoniambiental.com.ar\/info\/educacion-ambiental-curso-neuquen\/","og_site_name":"Patagonia Ambiental","article_publisher":"https:\/\/www.facebook.com\/patagonia.ambiental","article_author":"https:\/\/www.facebook.com\/share\/1C1V8Gv9BX\/?mibextid=qi2Omg","article_published_time":"2025-10-02T17:07:06+00:00","article_modified_time":"2025-10-02T17:09:32+00:00","og_image":[{"width":900,"height":600,"url":"https:\/\/patagoniambiental.com.ar\/info\/wp-content\/uploads\/2025\/10\/md-46.webp","type":"image\/webp"}],"author":"Patagonia Ambiental","twitter_card":"summary_large_image","twitter_creator":"@PatAmb","twitter_site":"@PatAmb","schema":{"@context":"https:\/\/schema.org","@graph":[{"@type":"Article","@id":"https:\/\/patagoniambiental.com.ar\/info\/educacion-ambiental-curso-neuquen\/#article","isPartOf":{"@id":"https:\/\/patagoniambiental.com.ar\/info\/educacion-ambiental-curso-neuquen\/"},"author":{"name":"Patagonia Ambiental","@id":"https:\/\/patagoniambiental.com.ar\/info\/#\/schema\/person\/db12bff64bbcbf6a253710bf0ea37b5d"},"headline":"Educaci\u00f3n ambiental integral y gesti\u00f3n del Agua: formaci\u00f3n docente para Neuqu\u00e9n","datePublished":"2025-10-02T17:07:06+00:00","dateModified":"2025-10-02T17:09:32+00:00","mainEntityOfPage":{"@id":"https:\/\/patagoniambiental.com.ar\/info\/educacion-ambiental-curso-neuquen\/"},"wordCount":1281,"commentCount":0,"publisher":{"@id":"https:\/\/patagoniambiental.com.ar\/info\/#organization"},"image":{"@id":"https:\/\/patagoniambiental.com.ar\/info\/educacion-ambiental-curso-neuquen\/#primaryimage"},"thumbnailUrl":"https:\/\/patagoniambiental.com.ar\/info\/wp-content\/uploads\/2025\/10\/md-46.webp","articleSection":["Agenda Ambiental","Noticias"],"inLanguage":"es","potentialAction":[{"@type":"CommentAction","name":"Comment","target":["https:\/\/patagoniambiental.com.ar\/info\/educacion-ambiental-curso-neuquen\/#respond"]}]},{"@type":"WebPage","@id":"https:\/\/patagoniambiental.com.ar\/info\/educacion-ambiental-curso-neuquen\/","url":"https:\/\/patagoniambiental.com.ar\/info\/educacion-ambiental-curso-neuquen\/","name":"Educaci\u00f3n ambiental integral y gesti\u00f3n del Agua: formaci\u00f3n docente para Neuqu\u00e9n La educaci\u00f3n ambiental se ha convertido en un eje fundamental para garantizar un futuro sostenible,","isPartOf":{"@id":"https:\/\/patagoniambiental.com.ar\/info\/#website"},"primaryImageOfPage":{"@id":"https:\/\/patagoniambiental.com.ar\/info\/educacion-ambiental-curso-neuquen\/#primaryimage"},"image":{"@id":"https:\/\/patagoniambiental.com.ar\/info\/educacion-ambiental-curso-neuquen\/#primaryimage"},"thumbnailUrl":"https:\/\/patagoniambiental.com.ar\/info\/wp-content\/uploads\/2025\/10\/md-46.webp","datePublished":"2025-10-02T17:07:06+00:00","dateModified":"2025-10-02T17:09:32+00:00","description":"La educaci\u00f3n ambiental se ha convertido en un eje fundamental para garantizar un futuro sostenible, y en la Patagonia Norte, una innovadora propuesta est\u00e1 marcando un antes y un despu\u00e9s en la formaci\u00f3n docente.","breadcrumb":{"@id":"https:\/\/patagoniambiental.com.ar\/info\/educacion-ambiental-curso-neuquen\/#breadcrumb"},"inLanguage":"es","potentialAction":[{"@type":"ReadAction","target":["https:\/\/patagoniambiental.com.ar\/info\/educacion-ambiental-curso-neuquen\/"]}]},{"@type":"ImageObject","inLanguage":"es","@id":"https:\/\/patagoniambiental.com.ar\/info\/educacion-ambiental-curso-neuquen\/#primaryimage","url":"https:\/\/patagoniambiental.com.ar\/info\/wp-content\/uploads\/2025\/10\/md-46.webp","contentUrl":"https:\/\/patagoniambiental.com.ar\/info\/wp-content\/uploads\/2025\/10\/md-46.webp","width":900,"height":600,"caption":"Cr\u00e9dito: Gobierno de Neuquen"},{"@type":"BreadcrumbList","@id":"https:\/\/patagoniambiental.com.ar\/info\/educacion-ambiental-curso-neuquen\/#breadcrumb","itemListElement":[{"@type":"ListItem","position":1,"name":"Inicio","item":"https:\/\/patagoniambiental.com.ar\/info\/"},{"@type":"ListItem","position":2,"name":"Educaci\u00f3n ambiental integral y gesti\u00f3n del Agua: formaci\u00f3n docente para Neuqu\u00e9n"}]},{"@type":"WebSite","@id":"https:\/\/patagoniambiental.com.ar\/info\/#website","url":"https:\/\/patagoniambiental.com.ar\/info\/","name":"Patagonia Ambiental","description":"Monitoreo y an\u00e1lisis de la situaci\u00f3n geopol\u00edtica en el mundo y su implicancia en la Patagonia","publisher":{"@id":"https:\/\/patagoniambiental.com.ar\/info\/#organization"},"potentialAction":[{"@type":"SearchAction","target":{"@type":"EntryPoint","urlTemplate":"https:\/\/patagoniambiental.com.ar\/info\/?s={search_term_string}"},"query-input":{"@type":"PropertyValueSpecification","valueRequired":true,"valueName":"search_term_string"}}],"inLanguage":"es"},{"@type":"Organization","@id":"https:\/\/patagoniambiental.com.ar\/info\/#organization","name":"Patagonia Ambiental","url":"https:\/\/patagoniambiental.com.ar\/info\/","logo":{"@type":"ImageObject","inLanguage":"es","@id":"https:\/\/patagoniambiental.com.ar\/info\/#\/schema\/logo\/image\/","url":"https:\/\/patagoniambiental.com.ar\/info\/wp-content\/uploads\/2025\/05\/LOGO-PATAGONIA-AMBIENTAL.png","contentUrl":"https:\/\/patagoniambiental.com.ar\/info\/wp-content\/uploads\/2025\/05\/LOGO-PATAGONIA-AMBIENTAL.png","width":433,"height":250,"caption":"Patagonia Ambiental"},"image":{"@id":"https:\/\/patagoniambiental.com.ar\/info\/#\/schema\/logo\/image\/"},"sameAs":["https:\/\/www.facebook.com\/patagonia.ambiental","https:\/\/x.com\/PatAmb"]},{"@type":"Person","@id":"https:\/\/patagoniambiental.com.ar\/info\/#\/schema\/person\/db12bff64bbcbf6a253710bf0ea37b5d","name":"Patagonia Ambiental","description":"Andr\u00e9s Nievas T\u00e9cnico en manejo ambiental, consultor Ambiental y escritor para medios locales e internacionales sobre temas de geopolitica y medio ambiente.","sameAs":["http:\/\/www.patagoniambiental.com.ar","https:\/\/www.facebook.com\/share\/1C1V8Gv9BX\/?mibextid=qi2Omg","@patagoniambiental","https:\/\/youtube.com\/@patagoniaambiental2023?si=BLt58t0wuXquxlYZ"]}]}},"_links":{"self":[{"href":"https:\/\/patagoniambiental.com.ar\/info\/wp-json\/wp\/v2\/posts\/99348","targetHints":{"allow":["GET"]}}],"collection":[{"href":"https:\/\/patagoniambiental.com.ar\/info\/wp-json\/wp\/v2\/posts"}],"about":[{"href":"https:\/\/patagoniambiental.com.ar\/info\/wp-json\/wp\/v2\/types\/post"}],"author":[{"embeddable":true,"href":"https:\/\/patagoniambiental.com.ar\/info\/wp-json\/wp\/v2\/users\/2"}],"replies":[{"embeddable":true,"href":"https:\/\/patagoniambiental.com.ar\/info\/wp-json\/wp\/v2\/comments?post=99348"}],"version-history":[{"count":3,"href":"https:\/\/patagoniambiental.com.ar\/info\/wp-json\/wp\/v2\/posts\/99348\/revisions"}],"predecessor-version":[{"id":99352,"href":"https:\/\/patagoniambiental.com.ar\/info\/wp-json\/wp\/v2\/posts\/99348\/revisions\/99352"}],"wp:featuredmedia":[{"embeddable":true,"href":"https:\/\/patagoniambiental.com.ar\/info\/wp-json\/wp\/v2\/media\/99349"}],"wp:attachment":[{"href":"https:\/\/patagoniambiental.com.ar\/info\/wp-json\/wp\/v2\/media?parent=99348"}],"wp:term":[{"taxonomy":"category","embeddable":true,"href":"https:\/\/patagoniambiental.com.ar\/info\/wp-json\/wp\/v2\/categories?post=99348"},{"taxonomy":"post_tag","embeddable":true,"href":"https:\/\/patagoniambiental.com.ar\/info\/wp-json\/wp\/v2\/tags?post=99348"}],"curies":[{"name":"wp","href":"https:\/\/api.w.org\/{rel}","templated":true}]}}