{"id":99354,"date":"2025-10-02T17:57:31","date_gmt":"2025-10-02T20:57:31","guid":{"rendered":"https:\/\/patagoniambiental.com.ar\/info\/?p=99354"},"modified":"2025-10-02T17:57:33","modified_gmt":"2025-10-02T20:57:33","slug":"somos-agua-arsa","status":"publish","type":"post","link":"https:\/\/patagoniambiental.com.ar\/info\/somos-agua-arsa\/","title":{"rendered":"Somos Agua\u201d en R\u00edo Negro: Educaci\u00f3n Ambiental y Conciencia Ciudadana para un Futuro Sostenible"},"content":{"rendered":"\n<!--more-->\n\n\n\n<p>\u201c<\/p>\n\n\n\n<p>Viedma, Rio Negro, 2 de octubre de 2025. Desde hace m\u00e1s de 14 a\u00f1os, el programa \u201cSomos Agua\u201d, impulsado por Aguas Rionegrinas, se ha consolidado como un referente en la educaci\u00f3n ambiental de la provincia de R\u00edo Negro, Argentina. Este programa tiene como objetivo principal generar conciencia sobre la importancia del agua como recurso vital, promoviendo su uso responsable y fomentando una cultura de cuidado ambiental desde la escuela y la comunidad. Su impacto ha sido sostenido y expansivo, llegando a miles de estudiantes, docentes y familias, fortaleciendo el v\u00ednculo entre la educaci\u00f3n, la ciencia y la ciudadan\u00eda.<\/p>\n\n\n\n<p>El agua es uno de los recursos naturales m\u00e1s esenciales para la vida, y su manejo responsable es una obligaci\u00f3n colectiva. \u201cSomos Agua\u201d no solo busca informar, sino tambi\u00e9n inspirar acci\u00f3n y compromiso social. A trav\u00e9s de actividades educativas, visitas a plantas potabilizadoras, talleres interactivos y material did\u00e1ctico adaptado a distintas edades, el programa ha logrado instalar la tem\u00e1tica del cuidado del agua como un eje central de la formaci\u00f3n de valores en la provincia.<\/p>\n\n\n\n<h2 class=\"wp-block-heading\" id=\"h-el-origen-del-programa-somos-agua-y-su-relevancia-regional\">El origen del programa \u201cSomos Agua\u201d y su relevancia regional<\/h2>\n\n\n\n<p>El programa naci\u00f3 como respuesta a la necesidad de acercar la tem\u00e1tica ambiental a los estudiantes y a la comunidad en general, bajo la convicci\u00f3n de que la educaci\u00f3n es la herramienta m\u00e1s poderosa para generar cambio social. Desde su creaci\u00f3n, se ha convertido en un modelo de intervenci\u00f3n educativa que integra la gesti\u00f3n p\u00fablica del agua con la pedagog\u00eda ambiental, permitiendo que las generaciones m\u00e1s j\u00f3venes comprendan la importancia de conservar los recursos h\u00eddricos y promover pr\u00e1cticas sostenibles en su vida cotidiana.<\/p>\n\n\n\n<p>R\u00edo Negro, por su diversidad geogr\u00e1fica y la presencia de importantes cuencas h\u00eddricas, enfrenta desaf\u00edos espec\u00edficos relacionados con la disponibilidad, calidad y distribuci\u00f3n del agua. En este contexto, \u201cSomos Agua\u201d se posiciona como un programa estrat\u00e9gico, alineado con pol\u00edticas provinciales y nacionales de educaci\u00f3n ambiental y desarrollo sostenible, con un enfoque que combina ciencia, pr\u00e1ctica y compromiso ciudadano.<\/p>\n\n\n\n<h2 class=\"wp-block-heading\" id=\"h-objetivos-fundamentales-del-programa\">Objetivos fundamentales del programa<\/h2>\n\n\n\n<p>El programa \u201cSomos Agua\u201d tiene objetivos claros y medibles que orientan todas sus acciones:<\/p>\n\n\n\n<p>Promover el uso responsable del agua en escuelas y comunidades, sensibilizando sobre la importancia de no desperdiciar este recurso y conocer los impactos ambientales de su uso inadecuado.<\/p>\n\n\n\n<p>Fomentar la cultura del cuidado ambiental, reforzando valores de respeto y protecci\u00f3n hacia el entorno natural, y desarrollando habilidades de pensamiento cr\u00edtico frente a los desaf\u00edos ecol\u00f3gicos actuales.<\/p>\n\n\n\n<p>Educar sobre los procesos de potabilizaci\u00f3n y distribuci\u00f3n del agua, mostrando a estudiantes y docentes c\u00f3mo llega el agua a los hogares, la importancia de su tratamiento y la seguridad de los servicios p\u00fablicos.<\/p>\n\n\n\n<p>Involucrar a la comunidad educativa en actividades pr\u00e1cticas, fomentando la participaci\u00f3n activa y la aplicaci\u00f3n de los conocimientos adquiridos en situaciones reales, fortaleciendo el v\u00ednculo entre escuela, familia y comunidad.<\/p>\n\n\n\n<p>Consolidar alianzas institucionales con municipios, escuelas, bibliotecas y organizaciones sociales para ampliar el alcance y la sostenibilidad del programa.<\/p>\n\n\n\n<p>Estos objetivos no solo buscan transmitir conocimiento, sino tambi\u00e9n generar h\u00e1bitos y valores que perduren en el tiempo, transformando la relaci\u00f3n de la comunidad con el agua.<\/p>\n\n\n\n<p>Actividades educativas: c\u00f3mo \u201cSomos Agua\u201d conecta la teor\u00eda con la pr\u00e1ctica<\/p>\n\n\n\n<p>Uno de los factores de \u00e9xito del programa es la diversidad y riqueza de las actividades que ofrece, adaptadas a diferentes niveles educativos. Entre las principales destacan:<\/p>\n\n\n\n<h2 class=\"wp-block-heading\" id=\"h-charlas-educativas-en-escuelas\">Charlas educativas en escuelas<\/h2>\n\n\n\n<p>Las charlas se dise\u00f1an para acercar a los estudiantes a conceptos b\u00e1sicos y avanzados sobre el ciclo del agua, su importancia ecol\u00f3gica y social, y los problemas que pueden surgir por su uso irresponsable. Se incorporan ejemplos locales para que los alumnos comprendan c\u00f3mo estos conceptos se aplican en su comunidad.<\/p>\n\n\n\n<h2 class=\"wp-block-heading\" id=\"h-visitas-a-plantas-potabilizadoras\">Visitas a plantas potabilizadoras<\/h2>\n\n\n\n<p>Una de las experiencias m\u00e1s valoradas por los estudiantes es la visita a las plantas de tratamiento de agua, donde pueden observar de manera directa los procesos de purificaci\u00f3n, control de calidad y distribuci\u00f3n. Esta actividad no solo permite el aprendizaje visual y pr\u00e1ctico, sino que tambi\u00e9n refuerza la confianza en los sistemas p\u00fablicos de agua potable y sensibiliza sobre la importancia de su cuidado.<\/p>\n\n\n\n<h2 class=\"wp-block-heading\" id=\"h-distribucion-de-materiales-informativos\">Distribuci\u00f3n de materiales informativos<\/h2>\n\n\n\n<p>A trav\u00e9s de folletos, cuadernos did\u00e1cticos y recursos digitales, los alumnos reciben informaci\u00f3n complementaria que pueden llevar a sus hogares, extendiendo el impacto del programa m\u00e1s all\u00e1 del aula y promoviendo la educaci\u00f3n ambiental en toda la familia.<\/p>\n\n\n\n<h2 class=\"wp-block-heading\" id=\"h-talleres-interactivos-y-proyectos-practicos\">Talleres interactivos y proyectos pr\u00e1cticos<\/h2>\n\n\n\n<p>Los talleres buscan que los estudiantes experimenten y apliquen los conocimientos, mediante actividades como medici\u00f3n de consumo de agua, identificaci\u00f3n de fuentes de contaminaci\u00f3n, creaci\u00f3n de campa\u00f1as de concientizaci\u00f3n y dise\u00f1o de proyectos escolares sobre uso responsable del agua. Esta metodolog\u00eda activa fortalece el aprendizaje significativo y la apropiaci\u00f3n de los valores ambientales.<\/p>\n\n\n\n<h2 class=\"wp-block-heading\" id=\"h-impacto-del-programa-en-la-comunidad-rionegrina\">Impacto del programa en la comunidad rionegrina<\/h2>\n\n\n\n<p>El alcance de \u201cSomos Agua\u201d es notable: ha llegado a m\u00e1s de 30.000 estudiantes en toda la provincia, y ha consolidado alianzas con diversas instituciones educativas, bibliotecas, cuarteles de bomberos y juntas vecinales. Este impacto se traduce en:<\/p>\n\n\n\n<p>Incremento de la conciencia ambiental en estudiantes y docentes.<\/p>\n\n\n\n<p>Participaci\u00f3n activa de la comunidad en actividades de cuidado del agua y protecci\u00f3n ambiental.<\/p>\n\n\n\n<p>Fortalecimiento de la educaci\u00f3n ambiental formal, integrando contenidos sobre agua y medio ambiente en el curr\u00edculo escolar.<\/p>\n\n\n\n<p>Difusi\u00f3n de buenas pr\u00e1cticas de gesti\u00f3n del agua, tanto en el hogar como en la escuela.<\/p>\n\n\n\n<p>El programa tambi\u00e9n ha logrado involucrar a docentes y directivos escolares, brindando herramientas pedag\u00f3gicas para replicar los conocimientos en sus aulas, multiplicando as\u00ed el efecto educativo.<\/p>\n\n\n\n<h2 class=\"wp-block-heading\" id=\"h-reconocimientos-y-certificaciones\">Reconocimientos y certificaciones<\/h2>\n\n\n\n<p>A lo largo de sus 14 a\u00f1os, \u201cSomos Agua\u201d ha recibido reconocimientos oficiales de la Legislatura de R\u00edo Negro, destacando su contribuci\u00f3n a la educaci\u00f3n ambiental y al desarrollo de valores c\u00edvicos en los j\u00f3venes. Adem\u00e1s, se han otorgado benepl\u00e1citos y certificaciones en fechas relevantes como el D\u00eda Mundial del Agua y el D\u00eda Mundial del Medio Ambiente, consolidando la credibilidad y prestigio del programa.<\/p>\n\n\n\n<p>Estos reconocimientos refuerzan el principio de E-A-T (Expertise, Authoritativeness, Trustworthiness) del programa, mostrando que no solo se trata de una iniciativa educativa, sino de una acci\u00f3n respaldada por evidencia, normativa y autoridad institucional.<\/p>\n\n\n\n<h2 class=\"wp-block-heading\" id=\"h-innovaciones-y-adaptacion-tecnologica\">Innovaciones y adaptaci\u00f3n tecnol\u00f3gica<\/h2>\n\n\n\n<p>En los \u00faltimos a\u00f1os, el programa ha incorporado herramientas digitales para llegar a m\u00e1s estudiantes y facilitar la ense\u00f1anza. Entre las innovaciones se destacan:<\/p>\n\n\n\n<p>Plataformas educativas online con recursos interactivos.<\/p>\n\n\n\n<p>Videos did\u00e1cticos sobre el ciclo del agua y la potabilizaci\u00f3n.<\/p>\n\n\n\n<p>Aplicaciones m\u00f3viles y juegos educativos que refuerzan el aprendizaje pr\u00e1ctico.<\/p>\n\n\n\n<p>Talleres virtuales que permiten la participaci\u00f3n de estudiantes en localidades remotas.<\/p>\n\n\n\n<p>Estas estrategias permiten que el aprendizaje sea m\u00e1s atractivo, participativo y accesible, adapt\u00e1ndose a la transformaci\u00f3n digital de la educaci\u00f3n.<\/p>\n\n\n\n<h2 class=\"wp-block-heading\" id=\"h-alianzas-estrategicas-y-trabajo-comunitario\">Alianzas estrat\u00e9gicas y trabajo comunitario<\/h2>\n\n\n\n<p>El \u00e9xito de \u201cSomos Agua\u201d se basa en alianzas estrat\u00e9gicas entre el Estado, las escuelas y la comunidad. Bibliotecas, cuarteles de bomberos, juntas vecinales y ONG locales se suman a las actividades del programa, ampliando el alcance y fortaleciendo el compromiso de la poblaci\u00f3n con la protecci\u00f3n del recurso h\u00eddrico.<\/p>\n\n\n\n<p>El trabajo comunitario tambi\u00e9n incluye:<\/p>\n\n\n\n<p>Campa\u00f1as de sensibilizaci\u00f3n ambiental abiertas a toda la poblaci\u00f3n.<\/p>\n\n\n\n<p>Participaci\u00f3n en eventos provinciales y locales, como ferias de ciencia y exposiciones educativas.<\/p>\n\n\n\n<p>Promoci\u00f3n de h\u00e1bitos sostenibles, como la reducci\u00f3n del consumo de agua y la reutilizaci\u00f3n de recursos.<\/p>\n\n\n\n<p>Estas acciones permiten que el mensaje llegue m\u00e1s all\u00e1 del \u00e1mbito escolar, generando un efecto multiplicador en la sociedad.<\/p>\n\n\n\n<p>Conexi\u00f3n con pol\u00edticas p\u00fablicas y objetivos de desarrollo sostenible<\/p>\n\n\n\n<p>\u201cSomos Agua\u201d se alinea con la Agenda 2030 de la ONU y los Objetivos de Desarrollo Sostenible (ODS), especialmente con:<\/p>\n\n\n\n<p>ODS 6: Agua limpia y saneamiento<\/p>\n\n\n\n<p>ODS 4: Educaci\u00f3n de calidad<\/p>\n\n\n\n<p>ODS 13: Acci\u00f3n por el clima<\/p>\n\n\n\n<p>Adem\u00e1s, fortalece la pol\u00edtica provincial de educaci\u00f3n ambiental, estableciendo est\u00e1ndares claros para la ense\u00f1anza de la sostenibilidad y promoviendo la integraci\u00f3n de contenidos ambientales en el curr\u00edculo escolar. Esto garantiza que la educaci\u00f3n no sea solo informativa, sino transformadora y orientada a la acci\u00f3n.<\/p>\n\n\n\n<h2 class=\"wp-block-heading\" id=\"h-perspectivas-futuras-del-programa\">Perspectivas futuras del programa<\/h2>\n\n\n\n<p>El programa proyecta ampliar su cobertura a m\u00e1s localidades, incorporando nuevas escuelas y comunidades en R\u00edo Negro. Se busca:<\/p>\n\n\n\n<p>Incrementar la participaci\u00f3n estudiantil y docente en talleres y actividades pr\u00e1cticas.<\/p>\n\n\n\n<p>Incorporar tecnolog\u00edas de aprendizaje adaptativo para personalizar la ense\u00f1anza.<\/p>\n\n\n\n<p>Fortalecer la conciencia ambiental en la poblaci\u00f3n general mediante campa\u00f1as abiertas y colaboraciones con medios locales.<\/p>\n\n\n\n<p>Establecer un sistema de seguimiento y evaluaci\u00f3n de impacto, midiendo resultados y mejorando continuamente la eficacia del programa.<\/p>\n\n\n\n<p>Estas estrategias aseguran que el programa se mantenga relevante, actualizado y eficaz, consolidando a R\u00edo Negro como una provincia comprometida con la educaci\u00f3n ambiental y la sostenibilidad h\u00eddrica.<\/p>\n\n\n\n<h2 class=\"wp-block-heading\" id=\"h-historias-de-impacto-y-testimonios\">Historias de impacto y testimonios<\/h2>\n\n\n\n<p>Muchos docentes y estudiantes han compartido su experiencia con \u201cSomos Agua\u201d, destacando c\u00f3mo las actividades del programa han cambiado su percepci\u00f3n sobre el agua y el medio ambiente. Historias de proyectos escolares que implementan campa\u00f1as de ahorro de agua, huertas educativas que utilizan agua reciclada, y talleres creativos sobre potabilizaci\u00f3n demuestran el efecto positivo y tangible del programa en la comunidad.<\/p>\n\n\n\n<h2 class=\"wp-block-heading\" id=\"h-educacion-concientizacion-y-compromiso-ciudadano\">Educaci\u00f3n, concientizaci\u00f3n y compromiso ciudadano<\/h2>\n\n\n\n<p>El programa \u201cSomos Agua\u201d representa un modelo ejemplar de educaci\u00f3n ambiental, combinando conocimiento cient\u00edfico, pedagog\u00eda innovadora y participaci\u00f3n comunitaria. Su enfoque integral asegura que los estudiantes no solo aprendan sobre el ciclo del agua y su cuidado, sino que tambi\u00e9n adopten h\u00e1bitos sostenibles que impacten positivamente en su entorno.<\/p>\n\n\n\n<p>Con m\u00e1s de 14 a\u00f1os de trayectoria, Aguas Rionegrinas ha logrado consolidar un programa que vincula educaci\u00f3n, sostenibilidad y ciudadan\u00eda, fortaleciendo el compromiso de la provincia con el medio ambiente y la gesti\u00f3n responsable del agua. El futuro de \u201cSomos Agua\u201d promete a\u00fan m\u00e1s alcance, innovaci\u00f3n y transformaci\u00f3n, posicion\u00e1ndose como un pilar educativo clave para R\u00edo Negro y un referente nacional en educaci\u00f3n ambiental.<\/p>\n","protected":false},"excerpt":{"rendered":"","protected":false},"author":2,"featured_media":99355,"comment_status":"open","ping_status":"open","sticky":false,"template":"","format":"standard","meta":{"site-sidebar-layout":"default","site-content-layout":"","ast-site-content-layout":"default","site-content-style":"default","site-sidebar-style":"default","ast-global-header-display":"","ast-banner-title-visibility":"","ast-main-header-display":"","ast-hfb-above-header-display":"","ast-hfb-below-header-display":"","ast-hfb-mobile-header-display":"","site-post-title":"","ast-breadcrumbs-content":"","ast-featured-img":"","footer-sml-layout":"","ast-disable-related-posts":"","theme-transparent-header-meta":"","adv-header-id-meta":"","stick-header-meta":"","header-above-stick-meta":"","header-main-stick-meta":"","header-below-stick-meta":"","astra-migrate-meta-layouts":"default","ast-page-background-enabled":"default","ast-page-background-meta":{"desktop":{"background-color":"var(--ast-global-color-5)","background-image":"","background-repeat":"repeat","background-position":"center center","background-size":"auto","background-attachment":"scroll","background-type":"","background-media":"","overlay-type":"","overlay-color":"","overlay-opacity":"","overlay-gradient":""},"tablet":{"background-color":"","background-image":"","background-repeat":"repeat","background-position":"center center","background-size":"auto","background-attachment":"scroll","background-type":"","background-media":"","overlay-type":"","overlay-color":"","overlay-opacity":"","overlay-gradient":""},"mobile":{"background-color":"","background-image":"","background-repeat":"repeat","background-position":"center center","background-size":"auto","background-attachment":"scroll","background-type":"","background-media":"","overlay-type":"","overlay-color":"","overlay-opacity":"","overlay-gradient":""}},"ast-content-background-meta":{"desktop":{"background-color":"var(--ast-global-color-4)","background-image":"","background-repeat":"repeat","background-position":"center center","background-size":"auto","background-attachment":"scroll","background-type":"","background-media":"","overlay-type":"","overlay-color":"","overlay-opacity":"","overlay-gradient":""},"tablet":{"background-color":"var(--ast-global-color-4)","background-image":"","background-repeat":"repeat","background-position":"center center","background-size":"auto","background-attachment":"scroll","background-type":"","background-media":"","overlay-type":"","overlay-color":"","overlay-opacity":"","overlay-gradient":""},"mobile":{"background-color":"var(--ast-global-color-4)","background-image":"","background-repeat":"repeat","background-position":"center center","background-size":"auto","background-attachment":"scroll","background-type":"","background-media":"","overlay-type":"","overlay-color":"","overlay-opacity":"","overlay-gradient":""}},"footnotes":""},"categories":[12,1],"tags":[],"class_list":["post-99354","post","type-post","status-publish","format-standard","has-post-thumbnail","hentry","category-agenda-ambiental","category-noticias"],"yoast_head":"<!-- This site is optimized with the Yoast SEO Premium plugin v23.0 (Yoast SEO v27.5) - https:\/\/yoast.com\/product\/yoast-seo-premium-wordpress\/ -->\n<title>Somos Agua\u201d en R\u00edo Negro: Educaci\u00f3n Ambiental y Conciencia Ciudadana para un Futuro Sostenible Desde hace m\u00e1s de 14 a\u00f1os, el programa \u201cSomos Agua\u201d, impulsado por Aguas Rionegrinas<\/title>\n<meta name=\"description\" content=\"Desde hace m\u00e1s de 14 a\u00f1os, el programa \u201cSomos Agua\u201d, impulsado por Aguas Rionegrinas, se ha consolidado como un referente en la educaci\u00f3n ambiental de la provincia de R\u00edo Negro, Argentina.\" \/>\n<meta name=\"robots\" content=\"index, follow, max-snippet:-1, max-image-preview:large, max-video-preview:-1\" \/>\n<link rel=\"canonical\" href=\"https:\/\/patagoniambiental.com.ar\/info\/somos-agua-arsa\/\" \/>\n<meta property=\"og:locale\" content=\"es_ES\" \/>\n<meta property=\"og:type\" content=\"article\" \/>\n<meta property=\"og:title\" content=\"Somos Agua\u201d en R\u00edo Negro: Educaci\u00f3n Ambiental y Conciencia Ciudadana para un Futuro Sostenible\" \/>\n<meta property=\"og:description\" content=\"Desde hace m\u00e1s de 14 a\u00f1os, el programa \u201cSomos Agua\u201d, impulsado por Aguas Rionegrinas, se ha consolidado como un referente en la educaci\u00f3n ambiental de la provincia de R\u00edo Negro, Argentina.\" \/>\n<meta property=\"og:url\" content=\"https:\/\/patagoniambiental.com.ar\/info\/somos-agua-arsa\/\" \/>\n<meta property=\"og:site_name\" content=\"Patagonia Ambiental\" \/>\n<meta property=\"article:publisher\" content=\"https:\/\/www.facebook.com\/patagonia.ambiental\" \/>\n<meta property=\"article:author\" content=\"https:\/\/www.facebook.com\/share\/1C1V8Gv9BX\/?mibextid=qi2Omg\" \/>\n<meta property=\"article:published_time\" content=\"2025-10-02T20:57:31+00:00\" \/>\n<meta property=\"article:modified_time\" content=\"2025-10-02T20:57:33+00:00\" \/>\n<meta property=\"og:image\" content=\"https:\/\/patagoniambiental.com.ar\/info\/wp-content\/uploads\/2025\/10\/1759421324_8e6528165334453bd31d.png\" \/>\n\t<meta property=\"og:image:width\" content=\"742\" \/>\n\t<meta property=\"og:image:height\" content=\"417\" \/>\n\t<meta property=\"og:image:type\" content=\"image\/png\" \/>\n<meta name=\"author\" content=\"Patagonia Ambiental\" \/>\n<meta name=\"twitter:card\" content=\"summary_large_image\" \/>\n<meta name=\"twitter:creator\" content=\"@PatAmb\" \/>\n<meta name=\"twitter:site\" content=\"@PatAmb\" \/>\n<script type=\"application\/ld+json\" class=\"yoast-schema-graph\">{\"@context\":\"https:\\\/\\\/schema.org\",\"@graph\":[{\"@type\":\"Article\",\"@id\":\"https:\\\/\\\/patagoniambiental.com.ar\\\/info\\\/somos-agua-arsa\\\/#article\",\"isPartOf\":{\"@id\":\"https:\\\/\\\/patagoniambiental.com.ar\\\/info\\\/somos-agua-arsa\\\/\"},\"author\":{\"name\":\"Patagonia Ambiental\",\"@id\":\"https:\\\/\\\/patagoniambiental.com.ar\\\/info\\\/#\\\/schema\\\/person\\\/db12bff64bbcbf6a253710bf0ea37b5d\"},\"headline\":\"Somos Agua\u201d en R\u00edo Negro: Educaci\u00f3n Ambiental y Conciencia Ciudadana para un Futuro Sostenible\",\"datePublished\":\"2025-10-02T20:57:31+00:00\",\"dateModified\":\"2025-10-02T20:57:33+00:00\",\"mainEntityOfPage\":{\"@id\":\"https:\\\/\\\/patagoniambiental.com.ar\\\/info\\\/somos-agua-arsa\\\/\"},\"wordCount\":1767,\"commentCount\":0,\"publisher\":{\"@id\":\"https:\\\/\\\/patagoniambiental.com.ar\\\/info\\\/#organization\"},\"image\":{\"@id\":\"https:\\\/\\\/patagoniambiental.com.ar\\\/info\\\/somos-agua-arsa\\\/#primaryimage\"},\"thumbnailUrl\":\"https:\\\/\\\/patagoniambiental.com.ar\\\/info\\\/wp-content\\\/uploads\\\/2025\\\/10\\\/1759421324_8e6528165334453bd31d.png\",\"articleSection\":[\"Agenda Ambiental\",\"Noticias\"],\"inLanguage\":\"es\",\"potentialAction\":[{\"@type\":\"CommentAction\",\"name\":\"Comment\",\"target\":[\"https:\\\/\\\/patagoniambiental.com.ar\\\/info\\\/somos-agua-arsa\\\/#respond\"]}]},{\"@type\":\"WebPage\",\"@id\":\"https:\\\/\\\/patagoniambiental.com.ar\\\/info\\\/somos-agua-arsa\\\/\",\"url\":\"https:\\\/\\\/patagoniambiental.com.ar\\\/info\\\/somos-agua-arsa\\\/\",\"name\":\"Somos Agua\u201d en R\u00edo Negro: Educaci\u00f3n Ambiental y Conciencia Ciudadana para un Futuro Sostenible Desde hace m\u00e1s de 14 a\u00f1os, el programa \u201cSomos Agua\u201d, impulsado por Aguas Rionegrinas\",\"isPartOf\":{\"@id\":\"https:\\\/\\\/patagoniambiental.com.ar\\\/info\\\/#website\"},\"primaryImageOfPage\":{\"@id\":\"https:\\\/\\\/patagoniambiental.com.ar\\\/info\\\/somos-agua-arsa\\\/#primaryimage\"},\"image\":{\"@id\":\"https:\\\/\\\/patagoniambiental.com.ar\\\/info\\\/somos-agua-arsa\\\/#primaryimage\"},\"thumbnailUrl\":\"https:\\\/\\\/patagoniambiental.com.ar\\\/info\\\/wp-content\\\/uploads\\\/2025\\\/10\\\/1759421324_8e6528165334453bd31d.png\",\"datePublished\":\"2025-10-02T20:57:31+00:00\",\"dateModified\":\"2025-10-02T20:57:33+00:00\",\"description\":\"Desde hace m\u00e1s de 14 a\u00f1os, el programa \u201cSomos Agua\u201d, impulsado por Aguas Rionegrinas, se ha consolidado como un referente en la educaci\u00f3n ambiental de la provincia de R\u00edo Negro, Argentina.\",\"breadcrumb\":{\"@id\":\"https:\\\/\\\/patagoniambiental.com.ar\\\/info\\\/somos-agua-arsa\\\/#breadcrumb\"},\"inLanguage\":\"es\",\"potentialAction\":[{\"@type\":\"ReadAction\",\"target\":[\"https:\\\/\\\/patagoniambiental.com.ar\\\/info\\\/somos-agua-arsa\\\/\"]}]},{\"@type\":\"ImageObject\",\"inLanguage\":\"es\",\"@id\":\"https:\\\/\\\/patagoniambiental.com.ar\\\/info\\\/somos-agua-arsa\\\/#primaryimage\",\"url\":\"https:\\\/\\\/patagoniambiental.com.ar\\\/info\\\/wp-content\\\/uploads\\\/2025\\\/10\\\/1759421324_8e6528165334453bd31d.png\",\"contentUrl\":\"https:\\\/\\\/patagoniambiental.com.ar\\\/info\\\/wp-content\\\/uploads\\\/2025\\\/10\\\/1759421324_8e6528165334453bd31d.png\",\"width\":742,\"height\":417,\"caption\":\"Cr\u00e9dito: Gobierno de Rio Negro\"},{\"@type\":\"BreadcrumbList\",\"@id\":\"https:\\\/\\\/patagoniambiental.com.ar\\\/info\\\/somos-agua-arsa\\\/#breadcrumb\",\"itemListElement\":[{\"@type\":\"ListItem\",\"position\":1,\"name\":\"Inicio\",\"item\":\"https:\\\/\\\/patagoniambiental.com.ar\\\/info\\\/\"},{\"@type\":\"ListItem\",\"position\":2,\"name\":\"Somos Agua\u201d en R\u00edo Negro: Educaci\u00f3n Ambiental y Conciencia Ciudadana para un Futuro Sostenible\"}]},{\"@type\":\"WebSite\",\"@id\":\"https:\\\/\\\/patagoniambiental.com.ar\\\/info\\\/#website\",\"url\":\"https:\\\/\\\/patagoniambiental.com.ar\\\/info\\\/\",\"name\":\"Patagonia Ambiental\",\"description\":\"Monitoreo y an\u00e1lisis de la situaci\u00f3n geopol\u00edtica en el mundo y su implicancia en la Patagonia\",\"publisher\":{\"@id\":\"https:\\\/\\\/patagoniambiental.com.ar\\\/info\\\/#organization\"},\"potentialAction\":[{\"@type\":\"SearchAction\",\"target\":{\"@type\":\"EntryPoint\",\"urlTemplate\":\"https:\\\/\\\/patagoniambiental.com.ar\\\/info\\\/?s={search_term_string}\"},\"query-input\":{\"@type\":\"PropertyValueSpecification\",\"valueRequired\":true,\"valueName\":\"search_term_string\"}}],\"inLanguage\":\"es\"},{\"@type\":\"Organization\",\"@id\":\"https:\\\/\\\/patagoniambiental.com.ar\\\/info\\\/#organization\",\"name\":\"Patagonia Ambiental\",\"url\":\"https:\\\/\\\/patagoniambiental.com.ar\\\/info\\\/\",\"logo\":{\"@type\":\"ImageObject\",\"inLanguage\":\"es\",\"@id\":\"https:\\\/\\\/patagoniambiental.com.ar\\\/info\\\/#\\\/schema\\\/logo\\\/image\\\/\",\"url\":\"https:\\\/\\\/patagoniambiental.com.ar\\\/info\\\/wp-content\\\/uploads\\\/2025\\\/05\\\/LOGO-PATAGONIA-AMBIENTAL.png\",\"contentUrl\":\"https:\\\/\\\/patagoniambiental.com.ar\\\/info\\\/wp-content\\\/uploads\\\/2025\\\/05\\\/LOGO-PATAGONIA-AMBIENTAL.png\",\"width\":433,\"height\":250,\"caption\":\"Patagonia Ambiental\"},\"image\":{\"@id\":\"https:\\\/\\\/patagoniambiental.com.ar\\\/info\\\/#\\\/schema\\\/logo\\\/image\\\/\"},\"sameAs\":[\"https:\\\/\\\/www.facebook.com\\\/patagonia.ambiental\",\"https:\\\/\\\/x.com\\\/PatAmb\"]},{\"@type\":\"Person\",\"@id\":\"https:\\\/\\\/patagoniambiental.com.ar\\\/info\\\/#\\\/schema\\\/person\\\/db12bff64bbcbf6a253710bf0ea37b5d\",\"name\":\"Patagonia Ambiental\",\"description\":\"Andr\u00e9s Nievas T\u00e9cnico en manejo ambiental, consultor Ambiental y escritor para medios locales e internacionales sobre temas de geopolitica y medio ambiente.\",\"sameAs\":[\"http:\\\/\\\/www.patagoniambiental.com.ar\",\"https:\\\/\\\/www.facebook.com\\\/share\\\/1C1V8Gv9BX\\\/?mibextid=qi2Omg\",\"@patagoniambiental\",\"https:\\\/\\\/youtube.com\\\/@patagoniaambiental2023?si=BLt58t0wuXquxlYZ\"]}]}<\/script>\n<!-- \/ Yoast SEO Premium plugin. -->","yoast_head_json":{"title":"Somos Agua\u201d en R\u00edo Negro: Educaci\u00f3n Ambiental y Conciencia Ciudadana para un Futuro Sostenible Desde hace m\u00e1s de 14 a\u00f1os, el programa \u201cSomos Agua\u201d, impulsado por Aguas Rionegrinas","description":"Desde hace m\u00e1s de 14 a\u00f1os, el programa \u201cSomos Agua\u201d, impulsado por Aguas Rionegrinas, se ha consolidado como un referente en la educaci\u00f3n ambiental de la provincia de R\u00edo Negro, Argentina.","robots":{"index":"index","follow":"follow","max-snippet":"max-snippet:-1","max-image-preview":"max-image-preview:large","max-video-preview":"max-video-preview:-1"},"canonical":"https:\/\/patagoniambiental.com.ar\/info\/somos-agua-arsa\/","og_locale":"es_ES","og_type":"article","og_title":"Somos Agua\u201d en R\u00edo Negro: Educaci\u00f3n Ambiental y Conciencia Ciudadana para un Futuro Sostenible","og_description":"Desde hace m\u00e1s de 14 a\u00f1os, el programa \u201cSomos Agua\u201d, impulsado por Aguas Rionegrinas, se ha consolidado como un referente en la educaci\u00f3n ambiental de la provincia de R\u00edo Negro, Argentina.","og_url":"https:\/\/patagoniambiental.com.ar\/info\/somos-agua-arsa\/","og_site_name":"Patagonia Ambiental","article_publisher":"https:\/\/www.facebook.com\/patagonia.ambiental","article_author":"https:\/\/www.facebook.com\/share\/1C1V8Gv9BX\/?mibextid=qi2Omg","article_published_time":"2025-10-02T20:57:31+00:00","article_modified_time":"2025-10-02T20:57:33+00:00","og_image":[{"width":742,"height":417,"url":"https:\/\/patagoniambiental.com.ar\/info\/wp-content\/uploads\/2025\/10\/1759421324_8e6528165334453bd31d.png","type":"image\/png"}],"author":"Patagonia Ambiental","twitter_card":"summary_large_image","twitter_creator":"@PatAmb","twitter_site":"@PatAmb","schema":{"@context":"https:\/\/schema.org","@graph":[{"@type":"Article","@id":"https:\/\/patagoniambiental.com.ar\/info\/somos-agua-arsa\/#article","isPartOf":{"@id":"https:\/\/patagoniambiental.com.ar\/info\/somos-agua-arsa\/"},"author":{"name":"Patagonia Ambiental","@id":"https:\/\/patagoniambiental.com.ar\/info\/#\/schema\/person\/db12bff64bbcbf6a253710bf0ea37b5d"},"headline":"Somos Agua\u201d en R\u00edo Negro: Educaci\u00f3n Ambiental y Conciencia Ciudadana para un Futuro Sostenible","datePublished":"2025-10-02T20:57:31+00:00","dateModified":"2025-10-02T20:57:33+00:00","mainEntityOfPage":{"@id":"https:\/\/patagoniambiental.com.ar\/info\/somos-agua-arsa\/"},"wordCount":1767,"commentCount":0,"publisher":{"@id":"https:\/\/patagoniambiental.com.ar\/info\/#organization"},"image":{"@id":"https:\/\/patagoniambiental.com.ar\/info\/somos-agua-arsa\/#primaryimage"},"thumbnailUrl":"https:\/\/patagoniambiental.com.ar\/info\/wp-content\/uploads\/2025\/10\/1759421324_8e6528165334453bd31d.png","articleSection":["Agenda Ambiental","Noticias"],"inLanguage":"es","potentialAction":[{"@type":"CommentAction","name":"Comment","target":["https:\/\/patagoniambiental.com.ar\/info\/somos-agua-arsa\/#respond"]}]},{"@type":"WebPage","@id":"https:\/\/patagoniambiental.com.ar\/info\/somos-agua-arsa\/","url":"https:\/\/patagoniambiental.com.ar\/info\/somos-agua-arsa\/","name":"Somos Agua\u201d en R\u00edo Negro: Educaci\u00f3n Ambiental y Conciencia Ciudadana para un Futuro Sostenible Desde hace m\u00e1s de 14 a\u00f1os, el programa \u201cSomos Agua\u201d, impulsado por Aguas Rionegrinas","isPartOf":{"@id":"https:\/\/patagoniambiental.com.ar\/info\/#website"},"primaryImageOfPage":{"@id":"https:\/\/patagoniambiental.com.ar\/info\/somos-agua-arsa\/#primaryimage"},"image":{"@id":"https:\/\/patagoniambiental.com.ar\/info\/somos-agua-arsa\/#primaryimage"},"thumbnailUrl":"https:\/\/patagoniambiental.com.ar\/info\/wp-content\/uploads\/2025\/10\/1759421324_8e6528165334453bd31d.png","datePublished":"2025-10-02T20:57:31+00:00","dateModified":"2025-10-02T20:57:33+00:00","description":"Desde hace m\u00e1s de 14 a\u00f1os, el programa \u201cSomos Agua\u201d, impulsado por Aguas Rionegrinas, se ha consolidado como un referente en la educaci\u00f3n ambiental de la provincia de R\u00edo Negro, Argentina.","breadcrumb":{"@id":"https:\/\/patagoniambiental.com.ar\/info\/somos-agua-arsa\/#breadcrumb"},"inLanguage":"es","potentialAction":[{"@type":"ReadAction","target":["https:\/\/patagoniambiental.com.ar\/info\/somos-agua-arsa\/"]}]},{"@type":"ImageObject","inLanguage":"es","@id":"https:\/\/patagoniambiental.com.ar\/info\/somos-agua-arsa\/#primaryimage","url":"https:\/\/patagoniambiental.com.ar\/info\/wp-content\/uploads\/2025\/10\/1759421324_8e6528165334453bd31d.png","contentUrl":"https:\/\/patagoniambiental.com.ar\/info\/wp-content\/uploads\/2025\/10\/1759421324_8e6528165334453bd31d.png","width":742,"height":417,"caption":"Cr\u00e9dito: Gobierno de Rio Negro"},{"@type":"BreadcrumbList","@id":"https:\/\/patagoniambiental.com.ar\/info\/somos-agua-arsa\/#breadcrumb","itemListElement":[{"@type":"ListItem","position":1,"name":"Inicio","item":"https:\/\/patagoniambiental.com.ar\/info\/"},{"@type":"ListItem","position":2,"name":"Somos Agua\u201d en R\u00edo Negro: Educaci\u00f3n Ambiental y Conciencia Ciudadana para un Futuro Sostenible"}]},{"@type":"WebSite","@id":"https:\/\/patagoniambiental.com.ar\/info\/#website","url":"https:\/\/patagoniambiental.com.ar\/info\/","name":"Patagonia Ambiental","description":"Monitoreo y an\u00e1lisis de la situaci\u00f3n geopol\u00edtica en el mundo y su implicancia en la Patagonia","publisher":{"@id":"https:\/\/patagoniambiental.com.ar\/info\/#organization"},"potentialAction":[{"@type":"SearchAction","target":{"@type":"EntryPoint","urlTemplate":"https:\/\/patagoniambiental.com.ar\/info\/?s={search_term_string}"},"query-input":{"@type":"PropertyValueSpecification","valueRequired":true,"valueName":"search_term_string"}}],"inLanguage":"es"},{"@type":"Organization","@id":"https:\/\/patagoniambiental.com.ar\/info\/#organization","name":"Patagonia Ambiental","url":"https:\/\/patagoniambiental.com.ar\/info\/","logo":{"@type":"ImageObject","inLanguage":"es","@id":"https:\/\/patagoniambiental.com.ar\/info\/#\/schema\/logo\/image\/","url":"https:\/\/patagoniambiental.com.ar\/info\/wp-content\/uploads\/2025\/05\/LOGO-PATAGONIA-AMBIENTAL.png","contentUrl":"https:\/\/patagoniambiental.com.ar\/info\/wp-content\/uploads\/2025\/05\/LOGO-PATAGONIA-AMBIENTAL.png","width":433,"height":250,"caption":"Patagonia Ambiental"},"image":{"@id":"https:\/\/patagoniambiental.com.ar\/info\/#\/schema\/logo\/image\/"},"sameAs":["https:\/\/www.facebook.com\/patagonia.ambiental","https:\/\/x.com\/PatAmb"]},{"@type":"Person","@id":"https:\/\/patagoniambiental.com.ar\/info\/#\/schema\/person\/db12bff64bbcbf6a253710bf0ea37b5d","name":"Patagonia Ambiental","description":"Andr\u00e9s Nievas T\u00e9cnico en manejo ambiental, consultor Ambiental y escritor para medios locales e internacionales sobre temas de geopolitica y medio ambiente.","sameAs":["http:\/\/www.patagoniambiental.com.ar","https:\/\/www.facebook.com\/share\/1C1V8Gv9BX\/?mibextid=qi2Omg","@patagoniambiental","https:\/\/youtube.com\/@patagoniaambiental2023?si=BLt58t0wuXquxlYZ"]}]}},"_links":{"self":[{"href":"https:\/\/patagoniambiental.com.ar\/info\/wp-json\/wp\/v2\/posts\/99354","targetHints":{"allow":["GET"]}}],"collection":[{"href":"https:\/\/patagoniambiental.com.ar\/info\/wp-json\/wp\/v2\/posts"}],"about":[{"href":"https:\/\/patagoniambiental.com.ar\/info\/wp-json\/wp\/v2\/types\/post"}],"author":[{"embeddable":true,"href":"https:\/\/patagoniambiental.com.ar\/info\/wp-json\/wp\/v2\/users\/2"}],"replies":[{"embeddable":true,"href":"https:\/\/patagoniambiental.com.ar\/info\/wp-json\/wp\/v2\/comments?post=99354"}],"version-history":[{"count":1,"href":"https:\/\/patagoniambiental.com.ar\/info\/wp-json\/wp\/v2\/posts\/99354\/revisions"}],"predecessor-version":[{"id":99356,"href":"https:\/\/patagoniambiental.com.ar\/info\/wp-json\/wp\/v2\/posts\/99354\/revisions\/99356"}],"wp:featuredmedia":[{"embeddable":true,"href":"https:\/\/patagoniambiental.com.ar\/info\/wp-json\/wp\/v2\/media\/99355"}],"wp:attachment":[{"href":"https:\/\/patagoniambiental.com.ar\/info\/wp-json\/wp\/v2\/media?parent=99354"}],"wp:term":[{"taxonomy":"category","embeddable":true,"href":"https:\/\/patagoniambiental.com.ar\/info\/wp-json\/wp\/v2\/categories?post=99354"},{"taxonomy":"post_tag","embeddable":true,"href":"https:\/\/patagoniambiental.com.ar\/info\/wp-json\/wp\/v2\/tags?post=99354"}],"curies":[{"name":"wp","href":"https:\/\/api.w.org\/{rel}","templated":true}]}}