{"id":99364,"date":"2025-10-02T09:42:51","date_gmt":"2025-10-02T12:42:51","guid":{"rendered":"https:\/\/patagoniambiental.com.ar\/info\/?p=99364"},"modified":"2025-10-03T09:48:48","modified_gmt":"2025-10-03T12:48:48","slug":"taller-esquel-brigadistas","status":"publish","type":"post","link":"https:\/\/patagoniambiental.com.ar\/info\/taller-esquel-brigadistas\/","title":{"rendered":"R\u00edo Negro Capacita a Brigadistas en Esquel: Taller Interprovincial de Prevenci\u00f3n de Incendios Forestales Refuerza la Educaci\u00f3n Ambiental y la Cooperaci\u00f3n Regional"},"content":{"rendered":"\n<!--more-->\n\n\n\n<p>El 2 de octubre de 2025, la Secretar\u00eda de Ambiente y Cambio Clim\u00e1tico de R\u00edo Negro llev\u00f3 a cabo en Esquel un taller innovador destinado a brigadistas y equipos t\u00e9cnicos del Servicio Provincial de Manejo del Fuego de Chubut, en un esfuerzo conjunto de cooperaci\u00f3n interprovincial que busca fortalecer la prevenci\u00f3n de incendios forestales en la regi\u00f3n patag\u00f3nica. Esta iniciativa se enmarca en la creciente preocupaci\u00f3n por los incendios forestales, la resiliencia de las comunidades locales y el fortalecimiento de la educaci\u00f3n ambiental como herramienta de mitigaci\u00f3n y adaptaci\u00f3n al cambio clim\u00e1tico.<\/p>\n\n\n\n<p>El evento reuni\u00f3 a combatientes de incendios de Esquel, Trevelin, Corcovado, R\u00edo Pico y R\u00edo Senguer, y se enfoc\u00f3 en brindar herramientas pedag\u00f3gicas y metodol\u00f3gicas que permitan a los brigadistas transmitir eficazmente la importancia de la prevenci\u00f3n de incendios forestales a las comunidades y a las instituciones educativas. La jornada se centr\u00f3 en la interacci\u00f3n, el aprendizaje pr\u00e1ctico y la cooperaci\u00f3n regional, buscando consolidar un modelo replicable de prevenci\u00f3n y sensibilizaci\u00f3n ambiental que pueda aplicarse en toda la Patagonia.<\/p>\n\n\n\n<h2 class=\"wp-block-heading\" id=\"h-la-importancia-de-los-talleres-interprovinciales-en-la-gestion-del-fuego\">La importancia de los talleres interprovinciales en la gesti\u00f3n del fuego<\/h2>\n\n\n\n<p>Los incendios forestales representan un desaf\u00edo creciente en la regi\u00f3n patag\u00f3nica, afectando ecosistemas, la econom\u00eda local y la seguridad de las comunidades. La cooperaci\u00f3n interprovincial entre R\u00edo Negro y Chubut permite que se compartan experiencias, estrategias y conocimientos t\u00e9cnicos, fortaleciendo la capacidad de respuesta ante emergencias.<\/p>\n\n\n\n<p>Los talleres de capacitaci\u00f3n no solo abordan aspectos t\u00e9cnicos del manejo del fuego, sino tambi\u00e9n la transmisi\u00f3n de conocimiento a la comunidad, integrando la educaci\u00f3n ambiental como eje central. Esto permite que los brigadistas no solo act\u00faen en situaciones de emergencia, sino que tambi\u00e9n sean agentes de concientizaci\u00f3n en escuelas, centros comunitarios y localidades rurales.<\/p>\n\n\n\n<h2 class=\"wp-block-heading\" id=\"h-objetivos-clave-del-taller\">Objetivos clave del taller<\/h2>\n\n\n\n<p>El taller de Esquel tuvo como objetivos fundamentales:<\/p>\n\n\n\n<p>Proporcionar herramientas pedag\u00f3gicas que permitan a los brigadistas comunicar efectivamente la importancia de la prevenci\u00f3n de incendios forestales.<\/p>\n\n\n\n<p>Fortalecer la cooperaci\u00f3n interprovincial, creando redes de brigadistas y equipos t\u00e9cnicos que compartan experiencias y buenas pr\u00e1cticas.<\/p>\n\n\n\n<p>Capacitar en dise\u00f1o y ejecuci\u00f3n de talleres educativos, adaptados a las caracter\u00edsticas de cada comunidad, incorporando metodolog\u00edas participativas y recursos did\u00e1cticos innovadores.<\/p>\n\n\n\n<p>Promover la sensibilizaci\u00f3n ambiental en escuelas, comunidades rurales y espacios p\u00fablicos, reforzando la cultura del cuidado del bosque y la biodiversidad.<\/p>\n\n\n\n<p>Mejorar la capacidad de respuesta frente a emergencias, integrando aspectos pedag\u00f3gicos, log\u00edsticos y t\u00e9cnicos en la gesti\u00f3n de incendios forestales.<\/p>\n\n\n\n<p>Estos objetivos reflejan un enfoque integral, en el que la prevenci\u00f3n, educaci\u00f3n y cooperaci\u00f3n regional se combinan para generar un impacto sostenible en la regi\u00f3n patag\u00f3nica.<\/p>\n\n\n\n<p>Metodolog\u00eda y contenidos del taller<\/p>\n\n\n\n<p>El taller, coordinado por el profesor Adri\u00e1n Monteleone, combin\u00f3 teor\u00eda y pr\u00e1ctica para garantizar una experiencia formativa integral. Entre los contenidos y metodolog\u00edas destacadas se encuentran:<\/p>\n\n\n\n<p>Estrategias pedag\u00f3gicas: t\u00e9cnicas para comunicar mensajes claros y efectivos sobre prevenci\u00f3n de incendios a diferentes p\u00fablicos.<\/p>\n\n\n\n<p>Recursos did\u00e1cticos: material gr\u00e1fico, presentaciones interactivas y actividades pr\u00e1cticas para fortalecer la comprensi\u00f3n de conceptos complejos.<\/p>\n\n\n\n<p>Metodolog\u00edas participativas: ejercicios de role-play, simulaciones de emergencias y din\u00e1micas grupales para favorecer el aprendizaje activo.<\/p>\n\n\n\n<p>Trabajo sobre situaciones reales: an\u00e1lisis de casos pasados de incendios forestales en la regi\u00f3n, identificando fortalezas y \u00e1reas de mejora en la gesti\u00f3n comunitaria.<\/p>\n\n\n\n<p>Dise\u00f1o de campa\u00f1as educativas: desarrollo de planes de acci\u00f3n para charlas y talleres en escuelas, comunidades rurales y espacios p\u00fablicos.<\/p>\n\n\n\n<p>La combinaci\u00f3n de estos elementos permite que los brigadistas no solo mejoren sus competencias t\u00e9cnicas, sino que tambi\u00e9n desarrollen habilidades de comunicaci\u00f3n, liderazgo y educaci\u00f3n ambiental, esenciales para fortalecer la resiliencia comunitaria frente a los incendios forestales.<\/p>\n\n\n\n<p>Cooperaci\u00f3n interprovincial: un modelo replicable<\/p>\n\n\n\n<p>La coordinaci\u00f3n entre R\u00edo Negro y Chubut se traduce en beneficios concretos para la regi\u00f3n, tales como:<\/p>\n\n\n\n<p>Intercambio de experiencias y conocimientos t\u00e9cnicos entre brigadistas de distintas provincias.<\/p>\n\n\n\n<p>Uniformidad en los protocolos de prevenci\u00f3n y respuesta frente a incendios forestales, facilitando operaciones conjuntas.<\/p>\n\n\n\n<p>Fortalecimiento de redes de apoyo comunitario, integrando a vecinos, instituciones educativas y organizaciones locales en las estrategias de prevenci\u00f3n.<\/p>\n\n\n\n<p>Creaci\u00f3n de un modelo replicable que puede ser adoptado por otras provincias de Argentina y regiones con desaf\u00edos similares.<\/p>\n\n\n\n<p>Este enfoque promueve la colaboraci\u00f3n efectiva, la optimizaci\u00f3n de recursos y la formaci\u00f3n de brigadistas con competencias tanto t\u00e9cnicas como pedag\u00f3gicas, generando un impacto positivo en toda la comunidad patag\u00f3nica.<\/p>\n\n\n\n<p>Declaraciones de autoridades y expertos<\/p>\n\n\n\n<p>La Secretaria de Ambiente y Cambio Clim\u00e1tico de R\u00edo Negro, Judith Jim\u00e9nez, subray\u00f3 que \u201cla formaci\u00f3n de brigadistas no se limita al combate de incendios; tambi\u00e9n incluye la capacidad de educar y sensibilizar a la comunidad. Estas instancias fortalecen la cooperaci\u00f3n interprovincial y promueven la prevenci\u00f3n como eje central en la gesti\u00f3n ambiental\u201d.<\/p>\n\n\n\n<p>Por su parte, Adri\u00e1n Monteleone, encargado de la capacitaci\u00f3n, destac\u00f3 que \u201cun brigadista que comprende la pedagog\u00eda y la comunicaci\u00f3n puede transformar su experiencia en herramientas educativas poderosas, multiplicando el impacto de su trabajo en la comunidad\u201d.<\/p>\n\n\n\n<p>Las declaraciones enfatizan la importancia de integrar la educaci\u00f3n ambiental con la acci\u00f3n t\u00e9cnica, asegurando que cada brigadista pueda actuar como un multiplicador de conocimiento y cultura preventiva.<\/p>\n\n\n\n<p>Actividades pr\u00e1cticas desarrolladas<\/p>\n\n\n\n<p>Durante el taller, los brigadistas participaron en diversas actividades pr\u00e1cticas:<\/p>\n\n\n\n<p>Simulaciones de incendios forestales: escenarios controlados para poner en pr\u00e1ctica protocolos de prevenci\u00f3n y respuesta.<\/p>\n\n\n\n<p>Din\u00e1micas de comunicaci\u00f3n: ejercicios grupales sobre c\u00f3mo transmitir mensajes de prevenci\u00f3n a distintos p\u00fablicos.<\/p>\n\n\n\n<p>Mapeo de riesgo: an\u00e1lisis de zonas vulnerables, identificando \u00e1reas cr\u00edticas y estrategias de mitigaci\u00f3n.<\/p>\n\n\n\n<p>Dise\u00f1o de campa\u00f1as educativas: planificaci\u00f3n de charlas y talleres en escuelas y comunidades locales.<\/p>\n\n\n\n<p>Evaluaci\u00f3n de recursos disponibles: revisi\u00f3n de equipamiento y log\u00edstica necesaria para enfrentar incendios de distinta magnitud.<\/p>\n\n\n\n<p>Estas experiencias permiten que los brigadistas adquieran habilidades pr\u00e1cticas y pedag\u00f3gicas, garantizando que la prevenci\u00f3n de incendios sea efectiva tanto en el terreno como en la comunidad.<\/p>\n\n\n\n<p>Impacto esperado en las comunidades<\/p>\n\n\n\n<p>Se espera que los brigadistas capacitados:<\/p>\n\n\n\n<p>Sensibilicen a estudiantes y docentes sobre la prevenci\u00f3n de incendios forestales.<\/p>\n\n\n\n<p>Promuevan h\u00e1bitos de cuidado del bosque y del entorno natural en la vida cotidiana de la comunidad.<\/p>\n\n\n\n<p>Fortalezcan la coordinaci\u00f3n entre instituciones locales, municipalidades y organizaciones civiles en situaciones de emergencia.<\/p>\n\n\n\n<p>Reduzcan riesgos de incendios a trav\u00e9s de la educaci\u00f3n y la planificaci\u00f3n comunitaria, complementando las acciones t\u00e9cnicas en el terreno.<\/p>\n\n\n\n<p>El enfoque educativo permite que la prevenci\u00f3n no dependa \u00fanicamente de la acci\u00f3n inmediata durante un incendio, sino que se base en la cultura de cuidado y responsabilidad ambiental de toda la comunidad.<\/p>\n\n\n\n<p>Integraci\u00f3n con pol\u00edticas de cambio clim\u00e1tico y gesti\u00f3n ambiental<\/p>\n\n\n\n<p>El taller forma parte de las pol\u00edticas provinciales de mitigaci\u00f3n y adaptaci\u00f3n al cambio clim\u00e1tico, reconociendo que los incendios forestales son uno de los impactos m\u00e1s visibles y da\u00f1inos del calentamiento global. Las acciones incluyen:<\/p>\n\n\n\n<p>Educaci\u00f3n preventiva y sensibilizaci\u00f3n ambiental.<\/p>\n\n\n\n<p>Fortalecimiento de brigadas interprovinciales con habilidades t\u00e9cnicas y pedag\u00f3gicas.<\/p>\n\n\n\n<p>Coordinaci\u00f3n con municipios y comunidades rurales para mejorar la resiliencia ante emergencias.<\/p>\n\n\n\n<p>Desarrollo de planes de gesti\u00f3n integral del fuego, considerando prevenci\u00f3n, respuesta y recuperaci\u00f3n ambiental.<\/p>\n\n\n\n<p>Estas estrategias permiten que R\u00edo Negro y Chubut se conviertan en referentes en gesti\u00f3n ambiental colaborativa y prevenci\u00f3n de incendios forestales, con un modelo integral que combina educaci\u00f3n, acci\u00f3n t\u00e9cnica y cooperaci\u00f3n regional.<\/p>\n\n\n\n<p>Historias de brigadistas y testimonios<\/p>\n\n\n\n<p>Durante el taller, varios brigadistas compartieron sus experiencias:<\/p>\n\n\n\n<p>Relatos sobre incidentes de incendios forestales y c\u00f3mo la coordinaci\u00f3n interprovincial mejor\u00f3 la respuesta.<\/p>\n\n\n\n<p>Historias de intervenci\u00f3n en comunidades rurales y la importancia de la educaci\u00f3n preventiva.<\/p>\n\n\n\n<p>Testimonios sobre c\u00f3mo las metodolog\u00edas pedag\u00f3gicas aprendidas permiten transmitir conocimiento a ni\u00f1os, adolescentes y vecinos.<\/p>\n\n\n\n<p>Estos relatos refuerzan el valor de la capacitaci\u00f3n y demuestran que la prevenci\u00f3n efectiva requiere tanto de habilidades t\u00e9cnicas como de comunicaci\u00f3n.<\/p>\n\n\n\n<p>Perspectivas futuras y expansi\u00f3n del programa<\/p>\n\n\n\n<p>La Secretar\u00eda de Ambiente y Cambio Clim\u00e1tico de R\u00edo Negro planea:<\/p>\n\n\n\n<p>Repetir y ampliar los talleres en otras localidades de la provincia.<\/p>\n\n\n\n<p>Fortalecer la red de brigadistas interprovinciales, incluyendo intercambio de experiencias y buenas pr\u00e1cticas.<\/p>\n\n\n\n<p>Incorporar nuevas tecnolog\u00edas para el seguimiento de incendios y la educaci\u00f3n ambiental.<\/p>\n\n\n\n<p>Desarrollar campa\u00f1as comunitarias que integren a escuelas, familias y organizaciones locales.<\/p>\n\n\n\n<p>Estas acciones buscan incrementar la resiliencia comunitaria y la capacidad preventiva, asegurando que las brigadas puedan actuar de manera efectiva y educativa frente a los incendios forestales.<\/p>\n\n\n\n<p>Conclusi\u00f3n: educaci\u00f3n, cooperaci\u00f3n y prevenci\u00f3n como pilares de la gesti\u00f3n ambiental<\/p>\n\n\n\n<p>El taller interprovincial de brigadistas en Esquel representa un modelo integral de prevenci\u00f3n de incendios forestales, donde la educaci\u00f3n ambiental, la cooperaci\u00f3n regional y la capacitaci\u00f3n t\u00e9cnica se combinan para proteger tanto a las personas como a los ecosistemas de la Patagonia.<\/p>\n\n\n\n<p>Este enfoque demuestra que la prevenci\u00f3n efectiva es multidimensional, involucrando a brigadistas, comunidades y autoridades provinciales en un esfuerzo conjunto que fortalece la resiliencia ambiental y la cultura de cuidado del bosque. R\u00edo Negro y Chubut, a trav\u00e9s de esta colaboraci\u00f3n, est\u00e1n construyendo un futuro m\u00e1s seguro y sostenible frente a los desaf\u00edos clim\u00e1ticos y ecol\u00f3gicos.<\/p>\n","protected":false},"excerpt":{"rendered":"","protected":false},"author":2,"featured_media":99365,"comment_status":"open","ping_status":"open","sticky":false,"template":"","format":"standard","meta":{"site-sidebar-layout":"default","site-content-layout":"","ast-site-content-layout":"default","site-content-style":"default","site-sidebar-style":"default","ast-global-header-display":"","ast-banner-title-visibility":"","ast-main-header-display":"","ast-hfb-above-header-display":"","ast-hfb-below-header-display":"","ast-hfb-mobile-header-display":"","site-post-title":"","ast-breadcrumbs-content":"","ast-featured-img":"","footer-sml-layout":"","ast-disable-related-posts":"","theme-transparent-header-meta":"","adv-header-id-meta":"","stick-header-meta":"","header-above-stick-meta":"","header-main-stick-meta":"","header-below-stick-meta":"","astra-migrate-meta-layouts":"default","ast-page-background-enabled":"default","ast-page-background-meta":{"desktop":{"background-color":"var(--ast-global-color-5)","background-image":"","background-repeat":"repeat","background-position":"center center","background-size":"auto","background-attachment":"scroll","background-type":"","background-media":"","overlay-type":"","overlay-color":"","overlay-opacity":"","overlay-gradient":""},"tablet":{"background-color":"","background-image":"","background-repeat":"repeat","background-position":"center center","background-size":"auto","background-attachment":"scroll","background-type":"","background-media":"","overlay-type":"","overlay-color":"","overlay-opacity":"","overlay-gradient":""},"mobile":{"background-color":"","background-image":"","background-repeat":"repeat","background-position":"center center","background-size":"auto","background-attachment":"scroll","background-type":"","background-media":"","overlay-type":"","overlay-color":"","overlay-opacity":"","overlay-gradient":""}},"ast-content-background-meta":{"desktop":{"background-color":"var(--ast-global-color-4)","background-image":"","background-repeat":"repeat","background-position":"center center","background-size":"auto","background-attachment":"scroll","background-type":"","background-media":"","overlay-type":"","overlay-color":"","overlay-opacity":"","overlay-gradient":""},"tablet":{"background-color":"var(--ast-global-color-4)","background-image":"","background-repeat":"repeat","background-position":"center center","background-size":"auto","background-attachment":"scroll","background-type":"","background-media":"","overlay-type":"","overlay-color":"","overlay-opacity":"","overlay-gradient":""},"mobile":{"background-color":"var(--ast-global-color-4)","background-image":"","background-repeat":"repeat","background-position":"center center","background-size":"auto","background-attachment":"scroll","background-type":"","background-media":"","overlay-type":"","overlay-color":"","overlay-opacity":"","overlay-gradient":""}},"footnotes":""},"categories":[12,1],"tags":[],"class_list":["post-99364","post","type-post","status-publish","format-standard","has-post-thumbnail","hentry","category-agenda-ambiental","category-noticias"],"yoast_head":"<!-- This site is optimized with the Yoast SEO Premium plugin v23.0 (Yoast SEO v27.5) - https:\/\/yoast.com\/product\/yoast-seo-premium-wordpress\/ -->\n<title>R\u00edo Negro Capacita a Brigadistas en Esquel: Taller Interprovincial de Prevenci\u00f3n de Incendios Forestales Refuerza la Educaci\u00f3n Ambiental y la Cooperaci\u00f3n Regional El 2 de octubre de 2025, la Secretar\u00eda de Ambiente y Cambio Clim\u00e1tico de R\u00edo Negro llev\u00f3 a cabo en Esquel un taller<\/title>\n<meta name=\"description\" content=\"El 2 de octubre de 2025, la Secretar\u00eda de Ambiente y Cambio Clim\u00e1tico de R\u00edo Negro llev\u00f3 a cabo en Esquel un taller innovador destinado a brigadistas y equipos t\u00e9cnicos del Servicio Provincial de Manejo del Fuego de Chubut, e\" \/>\n<meta name=\"robots\" content=\"index, follow, max-snippet:-1, max-image-preview:large, max-video-preview:-1\" \/>\n<link rel=\"canonical\" href=\"https:\/\/patagoniambiental.com.ar\/info\/taller-esquel-brigadistas\/\" \/>\n<meta property=\"og:locale\" content=\"es_ES\" \/>\n<meta property=\"og:type\" content=\"article\" \/>\n<meta property=\"og:title\" content=\"R\u00edo Negro Capacita a Brigadistas en Esquel: Taller Interprovincial de Prevenci\u00f3n de Incendios Forestales Refuerza la Educaci\u00f3n Ambiental y la Cooperaci\u00f3n Regional\" \/>\n<meta property=\"og:description\" content=\"El 2 de octubre de 2025, la Secretar\u00eda de Ambiente y Cambio Clim\u00e1tico de R\u00edo Negro llev\u00f3 a cabo en Esquel un taller innovador destinado a brigadistas y equipos t\u00e9cnicos del Servicio Provincial de Manejo del Fuego de Chubut, e\" \/>\n<meta property=\"og:url\" content=\"https:\/\/patagoniambiental.com.ar\/info\/taller-esquel-brigadistas\/\" \/>\n<meta property=\"og:site_name\" content=\"Patagonia Ambiental\" \/>\n<meta property=\"article:publisher\" content=\"https:\/\/www.facebook.com\/patagonia.ambiental\" \/>\n<meta property=\"article:author\" content=\"https:\/\/www.facebook.com\/share\/1C1V8Gv9BX\/?mibextid=qi2Omg\" \/>\n<meta property=\"article:published_time\" content=\"2025-10-02T12:42:51+00:00\" \/>\n<meta property=\"article:modified_time\" content=\"2025-10-03T12:48:48+00:00\" \/>\n<meta property=\"og:image\" content=\"https:\/\/patagoniambiental.com.ar\/info\/wp-content\/uploads\/2025\/10\/1759412933_58c6e1da14007316d314.jpg\" \/>\n\t<meta property=\"og:image:width\" content=\"1068\" \/>\n\t<meta property=\"og:image:height\" content=\"600\" \/>\n\t<meta property=\"og:image:type\" content=\"image\/jpeg\" \/>\n<meta name=\"author\" content=\"Patagonia Ambiental\" \/>\n<meta name=\"twitter:card\" content=\"summary_large_image\" \/>\n<meta name=\"twitter:creator\" content=\"@PatAmb\" \/>\n<meta name=\"twitter:site\" content=\"@PatAmb\" \/>\n<script type=\"application\/ld+json\" class=\"yoast-schema-graph\">{\"@context\":\"https:\\\/\\\/schema.org\",\"@graph\":[{\"@type\":\"Article\",\"@id\":\"https:\\\/\\\/patagoniambiental.com.ar\\\/info\\\/taller-esquel-brigadistas\\\/#article\",\"isPartOf\":{\"@id\":\"https:\\\/\\\/patagoniambiental.com.ar\\\/info\\\/taller-esquel-brigadistas\\\/\"},\"author\":{\"name\":\"Patagonia Ambiental\",\"@id\":\"https:\\\/\\\/patagoniambiental.com.ar\\\/info\\\/#\\\/schema\\\/person\\\/db12bff64bbcbf6a253710bf0ea37b5d\"},\"headline\":\"R\u00edo Negro Capacita a Brigadistas en Esquel: Taller Interprovincial de Prevenci\u00f3n de Incendios Forestales Refuerza la Educaci\u00f3n Ambiental y la Cooperaci\u00f3n Regional\",\"datePublished\":\"2025-10-02T12:42:51+00:00\",\"dateModified\":\"2025-10-03T12:48:48+00:00\",\"mainEntityOfPage\":{\"@id\":\"https:\\\/\\\/patagoniambiental.com.ar\\\/info\\\/taller-esquel-brigadistas\\\/\"},\"wordCount\":1666,\"commentCount\":0,\"publisher\":{\"@id\":\"https:\\\/\\\/patagoniambiental.com.ar\\\/info\\\/#organization\"},\"image\":{\"@id\":\"https:\\\/\\\/patagoniambiental.com.ar\\\/info\\\/taller-esquel-brigadistas\\\/#primaryimage\"},\"thumbnailUrl\":\"https:\\\/\\\/patagoniambiental.com.ar\\\/info\\\/wp-content\\\/uploads\\\/2025\\\/10\\\/1759412933_58c6e1da14007316d314.jpg\",\"articleSection\":[\"Agenda Ambiental\",\"Noticias\"],\"inLanguage\":\"es\",\"potentialAction\":[{\"@type\":\"CommentAction\",\"name\":\"Comment\",\"target\":[\"https:\\\/\\\/patagoniambiental.com.ar\\\/info\\\/taller-esquel-brigadistas\\\/#respond\"]}]},{\"@type\":\"WebPage\",\"@id\":\"https:\\\/\\\/patagoniambiental.com.ar\\\/info\\\/taller-esquel-brigadistas\\\/\",\"url\":\"https:\\\/\\\/patagoniambiental.com.ar\\\/info\\\/taller-esquel-brigadistas\\\/\",\"name\":\"R\u00edo Negro Capacita a Brigadistas en Esquel: Taller Interprovincial de Prevenci\u00f3n de Incendios Forestales Refuerza la Educaci\u00f3n Ambiental y la Cooperaci\u00f3n Regional El 2 de octubre de 2025, la Secretar\u00eda de Ambiente y Cambio Clim\u00e1tico de R\u00edo Negro llev\u00f3 a cabo en Esquel un taller\",\"isPartOf\":{\"@id\":\"https:\\\/\\\/patagoniambiental.com.ar\\\/info\\\/#website\"},\"primaryImageOfPage\":{\"@id\":\"https:\\\/\\\/patagoniambiental.com.ar\\\/info\\\/taller-esquel-brigadistas\\\/#primaryimage\"},\"image\":{\"@id\":\"https:\\\/\\\/patagoniambiental.com.ar\\\/info\\\/taller-esquel-brigadistas\\\/#primaryimage\"},\"thumbnailUrl\":\"https:\\\/\\\/patagoniambiental.com.ar\\\/info\\\/wp-content\\\/uploads\\\/2025\\\/10\\\/1759412933_58c6e1da14007316d314.jpg\",\"datePublished\":\"2025-10-02T12:42:51+00:00\",\"dateModified\":\"2025-10-03T12:48:48+00:00\",\"description\":\"El 2 de octubre de 2025, la Secretar\u00eda de Ambiente y Cambio Clim\u00e1tico de R\u00edo Negro llev\u00f3 a cabo en Esquel un taller innovador destinado a brigadistas y equipos t\u00e9cnicos del Servicio Provincial de Manejo del Fuego de Chubut, e\",\"breadcrumb\":{\"@id\":\"https:\\\/\\\/patagoniambiental.com.ar\\\/info\\\/taller-esquel-brigadistas\\\/#breadcrumb\"},\"inLanguage\":\"es\",\"potentialAction\":[{\"@type\":\"ReadAction\",\"target\":[\"https:\\\/\\\/patagoniambiental.com.ar\\\/info\\\/taller-esquel-brigadistas\\\/\"]}]},{\"@type\":\"ImageObject\",\"inLanguage\":\"es\",\"@id\":\"https:\\\/\\\/patagoniambiental.com.ar\\\/info\\\/taller-esquel-brigadistas\\\/#primaryimage\",\"url\":\"https:\\\/\\\/patagoniambiental.com.ar\\\/info\\\/wp-content\\\/uploads\\\/2025\\\/10\\\/1759412933_58c6e1da14007316d314.jpg\",\"contentUrl\":\"https:\\\/\\\/patagoniambiental.com.ar\\\/info\\\/wp-content\\\/uploads\\\/2025\\\/10\\\/1759412933_58c6e1da14007316d314.jpg\",\"width\":1068,\"height\":600,\"caption\":\"Cr\u00e9dito: Gobierno de Rio Negro\"},{\"@type\":\"BreadcrumbList\",\"@id\":\"https:\\\/\\\/patagoniambiental.com.ar\\\/info\\\/taller-esquel-brigadistas\\\/#breadcrumb\",\"itemListElement\":[{\"@type\":\"ListItem\",\"position\":1,\"name\":\"Inicio\",\"item\":\"https:\\\/\\\/patagoniambiental.com.ar\\\/info\\\/\"},{\"@type\":\"ListItem\",\"position\":2,\"name\":\"R\u00edo Negro Capacita a Brigadistas en Esquel: Taller Interprovincial de Prevenci\u00f3n de Incendios Forestales Refuerza la Educaci\u00f3n Ambiental y la Cooperaci\u00f3n Regional\"}]},{\"@type\":\"WebSite\",\"@id\":\"https:\\\/\\\/patagoniambiental.com.ar\\\/info\\\/#website\",\"url\":\"https:\\\/\\\/patagoniambiental.com.ar\\\/info\\\/\",\"name\":\"Patagonia Ambiental\",\"description\":\"Monitoreo y an\u00e1lisis de la situaci\u00f3n geopol\u00edtica en el mundo y su implicancia en la Patagonia\",\"publisher\":{\"@id\":\"https:\\\/\\\/patagoniambiental.com.ar\\\/info\\\/#organization\"},\"potentialAction\":[{\"@type\":\"SearchAction\",\"target\":{\"@type\":\"EntryPoint\",\"urlTemplate\":\"https:\\\/\\\/patagoniambiental.com.ar\\\/info\\\/?s={search_term_string}\"},\"query-input\":{\"@type\":\"PropertyValueSpecification\",\"valueRequired\":true,\"valueName\":\"search_term_string\"}}],\"inLanguage\":\"es\"},{\"@type\":\"Organization\",\"@id\":\"https:\\\/\\\/patagoniambiental.com.ar\\\/info\\\/#organization\",\"name\":\"Patagonia Ambiental\",\"url\":\"https:\\\/\\\/patagoniambiental.com.ar\\\/info\\\/\",\"logo\":{\"@type\":\"ImageObject\",\"inLanguage\":\"es\",\"@id\":\"https:\\\/\\\/patagoniambiental.com.ar\\\/info\\\/#\\\/schema\\\/logo\\\/image\\\/\",\"url\":\"https:\\\/\\\/patagoniambiental.com.ar\\\/info\\\/wp-content\\\/uploads\\\/2025\\\/05\\\/LOGO-PATAGONIA-AMBIENTAL.png\",\"contentUrl\":\"https:\\\/\\\/patagoniambiental.com.ar\\\/info\\\/wp-content\\\/uploads\\\/2025\\\/05\\\/LOGO-PATAGONIA-AMBIENTAL.png\",\"width\":433,\"height\":250,\"caption\":\"Patagonia Ambiental\"},\"image\":{\"@id\":\"https:\\\/\\\/patagoniambiental.com.ar\\\/info\\\/#\\\/schema\\\/logo\\\/image\\\/\"},\"sameAs\":[\"https:\\\/\\\/www.facebook.com\\\/patagonia.ambiental\",\"https:\\\/\\\/x.com\\\/PatAmb\"]},{\"@type\":\"Person\",\"@id\":\"https:\\\/\\\/patagoniambiental.com.ar\\\/info\\\/#\\\/schema\\\/person\\\/db12bff64bbcbf6a253710bf0ea37b5d\",\"name\":\"Patagonia Ambiental\",\"description\":\"Andr\u00e9s Nievas T\u00e9cnico en manejo ambiental, consultor Ambiental y escritor para medios locales e internacionales sobre temas de geopolitica y medio ambiente.\",\"sameAs\":[\"http:\\\/\\\/www.patagoniambiental.com.ar\",\"https:\\\/\\\/www.facebook.com\\\/share\\\/1C1V8Gv9BX\\\/?mibextid=qi2Omg\",\"@patagoniambiental\",\"https:\\\/\\\/youtube.com\\\/@patagoniaambiental2023?si=BLt58t0wuXquxlYZ\"]}]}<\/script>\n<!-- \/ Yoast SEO Premium plugin. -->","yoast_head_json":{"title":"R\u00edo Negro Capacita a Brigadistas en Esquel: Taller Interprovincial de Prevenci\u00f3n de Incendios Forestales Refuerza la Educaci\u00f3n Ambiental y la Cooperaci\u00f3n Regional El 2 de octubre de 2025, la Secretar\u00eda de Ambiente y Cambio Clim\u00e1tico de R\u00edo Negro llev\u00f3 a cabo en Esquel un taller","description":"El 2 de octubre de 2025, la Secretar\u00eda de Ambiente y Cambio Clim\u00e1tico de R\u00edo Negro llev\u00f3 a cabo en Esquel un taller innovador destinado a brigadistas y equipos t\u00e9cnicos del Servicio Provincial de Manejo del Fuego de Chubut, e","robots":{"index":"index","follow":"follow","max-snippet":"max-snippet:-1","max-image-preview":"max-image-preview:large","max-video-preview":"max-video-preview:-1"},"canonical":"https:\/\/patagoniambiental.com.ar\/info\/taller-esquel-brigadistas\/","og_locale":"es_ES","og_type":"article","og_title":"R\u00edo Negro Capacita a Brigadistas en Esquel: Taller Interprovincial de Prevenci\u00f3n de Incendios Forestales Refuerza la Educaci\u00f3n Ambiental y la Cooperaci\u00f3n Regional","og_description":"El 2 de octubre de 2025, la Secretar\u00eda de Ambiente y Cambio Clim\u00e1tico de R\u00edo Negro llev\u00f3 a cabo en Esquel un taller innovador destinado a brigadistas y equipos t\u00e9cnicos del Servicio Provincial de Manejo del Fuego de Chubut, e","og_url":"https:\/\/patagoniambiental.com.ar\/info\/taller-esquel-brigadistas\/","og_site_name":"Patagonia Ambiental","article_publisher":"https:\/\/www.facebook.com\/patagonia.ambiental","article_author":"https:\/\/www.facebook.com\/share\/1C1V8Gv9BX\/?mibextid=qi2Omg","article_published_time":"2025-10-02T12:42:51+00:00","article_modified_time":"2025-10-03T12:48:48+00:00","og_image":[{"width":1068,"height":600,"url":"https:\/\/patagoniambiental.com.ar\/info\/wp-content\/uploads\/2025\/10\/1759412933_58c6e1da14007316d314.jpg","type":"image\/jpeg"}],"author":"Patagonia Ambiental","twitter_card":"summary_large_image","twitter_creator":"@PatAmb","twitter_site":"@PatAmb","schema":{"@context":"https:\/\/schema.org","@graph":[{"@type":"Article","@id":"https:\/\/patagoniambiental.com.ar\/info\/taller-esquel-brigadistas\/#article","isPartOf":{"@id":"https:\/\/patagoniambiental.com.ar\/info\/taller-esquel-brigadistas\/"},"author":{"name":"Patagonia Ambiental","@id":"https:\/\/patagoniambiental.com.ar\/info\/#\/schema\/person\/db12bff64bbcbf6a253710bf0ea37b5d"},"headline":"R\u00edo Negro Capacita a Brigadistas en Esquel: Taller Interprovincial de Prevenci\u00f3n de Incendios Forestales Refuerza la Educaci\u00f3n Ambiental y la Cooperaci\u00f3n Regional","datePublished":"2025-10-02T12:42:51+00:00","dateModified":"2025-10-03T12:48:48+00:00","mainEntityOfPage":{"@id":"https:\/\/patagoniambiental.com.ar\/info\/taller-esquel-brigadistas\/"},"wordCount":1666,"commentCount":0,"publisher":{"@id":"https:\/\/patagoniambiental.com.ar\/info\/#organization"},"image":{"@id":"https:\/\/patagoniambiental.com.ar\/info\/taller-esquel-brigadistas\/#primaryimage"},"thumbnailUrl":"https:\/\/patagoniambiental.com.ar\/info\/wp-content\/uploads\/2025\/10\/1759412933_58c6e1da14007316d314.jpg","articleSection":["Agenda Ambiental","Noticias"],"inLanguage":"es","potentialAction":[{"@type":"CommentAction","name":"Comment","target":["https:\/\/patagoniambiental.com.ar\/info\/taller-esquel-brigadistas\/#respond"]}]},{"@type":"WebPage","@id":"https:\/\/patagoniambiental.com.ar\/info\/taller-esquel-brigadistas\/","url":"https:\/\/patagoniambiental.com.ar\/info\/taller-esquel-brigadistas\/","name":"R\u00edo Negro Capacita a Brigadistas en Esquel: Taller Interprovincial de Prevenci\u00f3n de Incendios Forestales Refuerza la Educaci\u00f3n Ambiental y la Cooperaci\u00f3n Regional El 2 de octubre de 2025, la Secretar\u00eda de Ambiente y Cambio Clim\u00e1tico de R\u00edo Negro llev\u00f3 a cabo en Esquel un taller","isPartOf":{"@id":"https:\/\/patagoniambiental.com.ar\/info\/#website"},"primaryImageOfPage":{"@id":"https:\/\/patagoniambiental.com.ar\/info\/taller-esquel-brigadistas\/#primaryimage"},"image":{"@id":"https:\/\/patagoniambiental.com.ar\/info\/taller-esquel-brigadistas\/#primaryimage"},"thumbnailUrl":"https:\/\/patagoniambiental.com.ar\/info\/wp-content\/uploads\/2025\/10\/1759412933_58c6e1da14007316d314.jpg","datePublished":"2025-10-02T12:42:51+00:00","dateModified":"2025-10-03T12:48:48+00:00","description":"El 2 de octubre de 2025, la Secretar\u00eda de Ambiente y Cambio Clim\u00e1tico de R\u00edo Negro llev\u00f3 a cabo en Esquel un taller innovador destinado a brigadistas y equipos t\u00e9cnicos del Servicio Provincial de Manejo del Fuego de Chubut, e","breadcrumb":{"@id":"https:\/\/patagoniambiental.com.ar\/info\/taller-esquel-brigadistas\/#breadcrumb"},"inLanguage":"es","potentialAction":[{"@type":"ReadAction","target":["https:\/\/patagoniambiental.com.ar\/info\/taller-esquel-brigadistas\/"]}]},{"@type":"ImageObject","inLanguage":"es","@id":"https:\/\/patagoniambiental.com.ar\/info\/taller-esquel-brigadistas\/#primaryimage","url":"https:\/\/patagoniambiental.com.ar\/info\/wp-content\/uploads\/2025\/10\/1759412933_58c6e1da14007316d314.jpg","contentUrl":"https:\/\/patagoniambiental.com.ar\/info\/wp-content\/uploads\/2025\/10\/1759412933_58c6e1da14007316d314.jpg","width":1068,"height":600,"caption":"Cr\u00e9dito: Gobierno de Rio Negro"},{"@type":"BreadcrumbList","@id":"https:\/\/patagoniambiental.com.ar\/info\/taller-esquel-brigadistas\/#breadcrumb","itemListElement":[{"@type":"ListItem","position":1,"name":"Inicio","item":"https:\/\/patagoniambiental.com.ar\/info\/"},{"@type":"ListItem","position":2,"name":"R\u00edo Negro Capacita a Brigadistas en Esquel: Taller Interprovincial de Prevenci\u00f3n de Incendios Forestales Refuerza la Educaci\u00f3n Ambiental y la Cooperaci\u00f3n Regional"}]},{"@type":"WebSite","@id":"https:\/\/patagoniambiental.com.ar\/info\/#website","url":"https:\/\/patagoniambiental.com.ar\/info\/","name":"Patagonia Ambiental","description":"Monitoreo y an\u00e1lisis de la situaci\u00f3n geopol\u00edtica en el mundo y su implicancia en la Patagonia","publisher":{"@id":"https:\/\/patagoniambiental.com.ar\/info\/#organization"},"potentialAction":[{"@type":"SearchAction","target":{"@type":"EntryPoint","urlTemplate":"https:\/\/patagoniambiental.com.ar\/info\/?s={search_term_string}"},"query-input":{"@type":"PropertyValueSpecification","valueRequired":true,"valueName":"search_term_string"}}],"inLanguage":"es"},{"@type":"Organization","@id":"https:\/\/patagoniambiental.com.ar\/info\/#organization","name":"Patagonia Ambiental","url":"https:\/\/patagoniambiental.com.ar\/info\/","logo":{"@type":"ImageObject","inLanguage":"es","@id":"https:\/\/patagoniambiental.com.ar\/info\/#\/schema\/logo\/image\/","url":"https:\/\/patagoniambiental.com.ar\/info\/wp-content\/uploads\/2025\/05\/LOGO-PATAGONIA-AMBIENTAL.png","contentUrl":"https:\/\/patagoniambiental.com.ar\/info\/wp-content\/uploads\/2025\/05\/LOGO-PATAGONIA-AMBIENTAL.png","width":433,"height":250,"caption":"Patagonia Ambiental"},"image":{"@id":"https:\/\/patagoniambiental.com.ar\/info\/#\/schema\/logo\/image\/"},"sameAs":["https:\/\/www.facebook.com\/patagonia.ambiental","https:\/\/x.com\/PatAmb"]},{"@type":"Person","@id":"https:\/\/patagoniambiental.com.ar\/info\/#\/schema\/person\/db12bff64bbcbf6a253710bf0ea37b5d","name":"Patagonia Ambiental","description":"Andr\u00e9s Nievas T\u00e9cnico en manejo ambiental, consultor Ambiental y escritor para medios locales e internacionales sobre temas de geopolitica y medio ambiente.","sameAs":["http:\/\/www.patagoniambiental.com.ar","https:\/\/www.facebook.com\/share\/1C1V8Gv9BX\/?mibextid=qi2Omg","@patagoniambiental","https:\/\/youtube.com\/@patagoniaambiental2023?si=BLt58t0wuXquxlYZ"]}]}},"_links":{"self":[{"href":"https:\/\/patagoniambiental.com.ar\/info\/wp-json\/wp\/v2\/posts\/99364","targetHints":{"allow":["GET"]}}],"collection":[{"href":"https:\/\/patagoniambiental.com.ar\/info\/wp-json\/wp\/v2\/posts"}],"about":[{"href":"https:\/\/patagoniambiental.com.ar\/info\/wp-json\/wp\/v2\/types\/post"}],"author":[{"embeddable":true,"href":"https:\/\/patagoniambiental.com.ar\/info\/wp-json\/wp\/v2\/users\/2"}],"replies":[{"embeddable":true,"href":"https:\/\/patagoniambiental.com.ar\/info\/wp-json\/wp\/v2\/comments?post=99364"}],"version-history":[{"count":1,"href":"https:\/\/patagoniambiental.com.ar\/info\/wp-json\/wp\/v2\/posts\/99364\/revisions"}],"predecessor-version":[{"id":99366,"href":"https:\/\/patagoniambiental.com.ar\/info\/wp-json\/wp\/v2\/posts\/99364\/revisions\/99366"}],"wp:featuredmedia":[{"embeddable":true,"href":"https:\/\/patagoniambiental.com.ar\/info\/wp-json\/wp\/v2\/media\/99365"}],"wp:attachment":[{"href":"https:\/\/patagoniambiental.com.ar\/info\/wp-json\/wp\/v2\/media?parent=99364"}],"wp:term":[{"taxonomy":"category","embeddable":true,"href":"https:\/\/patagoniambiental.com.ar\/info\/wp-json\/wp\/v2\/categories?post=99364"},{"taxonomy":"post_tag","embeddable":true,"href":"https:\/\/patagoniambiental.com.ar\/info\/wp-json\/wp\/v2\/tags?post=99364"}],"curies":[{"name":"wp","href":"https:\/\/api.w.org\/{rel}","templated":true}]}}