{"id":99447,"date":"2025-10-08T12:18:03","date_gmt":"2025-10-08T15:18:03","guid":{"rendered":"https:\/\/patagoniambiental.com.ar\/info\/?p=99447"},"modified":"2026-03-19T13:17:03","modified_gmt":"2026-03-19T16:17:03","slug":"inauguracion-puntos-limpios-valcheta","status":"publish","type":"post","link":"https:\/\/patagoniambiental.com.ar\/info\/inauguracion-puntos-limpios-valcheta\/","title":{"rendered":"R\u00edo Negro potencia la gesti\u00f3n ambiental en Valcheta con nuevos Puntos Limpios y un impulso a la econom\u00eda circular"},"content":{"rendered":"\n<!--more-->\n\n\n\n<p>Valcheta, Rio Negro, 8 de octubre de 2025. La localidad de Valcheta, en R\u00edo Negro, celebr\u00f3 su aniversario con un paso decisivo hacia la sostenibilidad: la <strong>entrega de nuevos Puntos Limpios financiados por la Provincia<\/strong>, un programa que no solo fortalece la infraestructura de reciclaje local, sino que tambi\u00e9n promueve la educaci\u00f3n ambiental y la participaci\u00f3n ciudadana. Este hito refleja un compromiso profundo con la <strong>gesti\u00f3n ambiental sustentable<\/strong>, destacando c\u00f3mo las pol\u00edticas p\u00fablicas pueden transformar la vida de las comunidades y generar h\u00e1bitos responsables en la separaci\u00f3n de residuos desde el hogar hasta la comunidad.<\/p>\n\n\n\n<p><strong>Inversi\u00f3n hist\u00f3rica para una ciudad m\u00e1s sustentable<\/strong><\/p>\n\n\n\n<p>La Secretar\u00eda de Ambiente y Cambio Clim\u00e1tico de R\u00edo Negro destin\u00f3 <strong>m\u00e1s de $12 millones<\/strong> para la adquisici\u00f3n de cinco nuevos contenedores de residuos, dise\u00f1ados espec\u00edficamente para soportar las condiciones clim\u00e1ticas de la regi\u00f3n. Esta inversi\u00f3n se enmarca dentro del programa municipal <strong>\u201cValcheta Consciente\u201d<\/strong>, una iniciativa que busca consolidar la cultura de la separaci\u00f3n de residuos en origen y ampliar la red de puntos de reciclaje ya existente. Para los ciudadanos, esto significa un acceso m\u00e1s sencillo a lugares seguros y eficientes para depositar materiales reciclables, desde pl\u00e1sticos hasta cart\u00f3n y latas, potenciando la econom\u00eda circular a nivel local.<\/p>\n\n\n\n<p><a href=\"https:\/\/patagoniambiental.com.ar\/info\/rio-negro-lanza-la-red-de-economia-circular-para-transformar-residuos-en-oportunidades\/\">Te puede interesar: R\u00edo Negro lanza la Red de Econom\u00eda Circular para transformar residuos en oportunidades!<\/a><\/p>\n\n\n\n<p><strong>Puntos Limpios: dise\u00f1o, seguridad y educaci\u00f3n ambiental<\/strong><\/p>\n\n\n\n<p>Los nuevos contenedores no son simples recipientes; fueron concebidos con una <strong>estructura de chapa lisa y anclados al suelo<\/strong>, garantizando resistencia frente al viento, lluvia y variaciones de temperatura t\u00edpicas de Valcheta. Adem\u00e1s, incorporan <strong>calcos educativos y sistemas de cierre seguro<\/strong>, fomentando la participaci\u00f3n activa de los vecinos y del grupo de recuperadores comunitarios <strong>\u201cLas Aves\u201d<\/strong>, responsables de la recolecci\u00f3n y comercializaci\u00f3n de los materiales reciclables. Este dise\u00f1o estrat\u00e9gico no solo facilita la tarea de acopio, sino que tambi\u00e9n educa a la comunidad sobre la importancia de reducir la basura y separar correctamente los residuos.<\/p>\n\n\n\n<p><strong>Valcheta Consciente: un programa que transforma h\u00e1bitos<\/strong><\/p>\n\n\n\n<p>El programa <strong>\u201cValcheta Consciente\u201d<\/strong> refleja c\u00f3mo la colaboraci\u00f3n entre la Provincia y el Municipio puede generar cambios concretos en la vida diaria de los habitantes. M\u00e1s all\u00e1 de la infraestructura, este proyecto busca <strong>instalar una cultura de responsabilidad ambiental<\/strong>, incentivando a las familias, comercios y escuelas a separar residuos de manera eficiente. La educaci\u00f3n ambiental se convierte as\u00ed en un eje fundamental, mostrando que cada peque\u00f1o gesto, como depositar un envase de pl\u00e1stico en el contenedor correcto, tiene un impacto positivo en la preservaci\u00f3n del medio ambiente.<\/p>\n\n\n\n<p><strong>Econom\u00eda circular y beneficios sociales<\/strong><\/p>\n\n\n\n<p>La instalaci\u00f3n de nuevos Puntos Limpios no solo tiene un efecto ambiental positivo; tambi\u00e9n fortalece la <strong>econom\u00eda circular local<\/strong>. Los materiales recolectados por los recuperadores comunitarios pueden ser reutilizados o vendidos, generando ingresos y empleo para quienes participan en el proceso. Esta integraci\u00f3n entre pol\u00edtica p\u00fablica, conciencia ambiental y actividad econ\u00f3mica demuestra que la sostenibilidad no es solo un ideal, sino un motor real de desarrollo comunitario, capaz de unir esfuerzos de gobierno, sociedad civil y empresas locales en torno a un objetivo com\u00fan: un futuro m\u00e1s limpio y responsable.<\/p>\n\n\n\n<p><strong>Impacto educativo y conciencia ciudadana<\/strong><\/p>\n\n\n\n<p>Cada contenedor incluye elementos visuales y mensajes educativos, promoviendo la <strong>conciencia sobre la correcta disposici\u00f3n de residuos<\/strong>. Este enfoque pedag\u00f3gico permite que ni\u00f1os, adolescentes y adultos comprendan la relevancia de separar los residuos y participen activamente en programas de reciclaje. La educaci\u00f3n ambiental no solo se limita a las escuelas; con estos Puntos Limpios, la calle se convierte en un aula abierta donde cada acci\u00f3n cuenta para la sostenibilidad del planeta.<\/p>\n\n\n\n<p><strong>Integraci\u00f3n con recuperadores comunitarios<\/strong><\/p>\n\n\n\n<p>El grupo <strong>\u201cLas Aves\u201d<\/strong>, conformado por recuperadores comunitarios, desempe\u00f1a un papel central en este programa. Su tarea no solo consiste en la recolecci\u00f3n y clasificaci\u00f3n de materiales, sino tambi\u00e9n en fomentar la participaci\u00f3n de la comunidad y garantizar que los residuos lleguen a su destino correcto para su valorizaci\u00f3n. La colaboraci\u00f3n entre ciudadanos, organizaciones comunitarias y el gobierno es esencial para consolidar un sistema de gesti\u00f3n de residuos eficiente y sustentable.<\/p>\n\n\n\n<p><strong>Estrategias de ampliaci\u00f3n de la red de reciclaje<\/strong><\/p>\n\n\n\n<p>Con estos cinco nuevos contenedores, Valcheta ampl\u00eda significativamente su red de Puntos Limpios, cubriendo zonas de la ciudad que antes carec\u00edan de acceso directo a estos servicios. La planificaci\u00f3n de ubicaci\u00f3n estrat\u00e9gica asegura que cada vecino tenga la posibilidad de <strong>reciclar sin barreras<\/strong>, eliminando excusas y promoviendo un comportamiento ambiental responsable que beneficie a toda la comunidad.<\/p>\n\n\n\n<p><strong>Tecnolog\u00eda y seguridad en la gesti\u00f3n de residuos<\/strong><\/p>\n\n\n\n<p>Los sistemas de cierre seguro incorporados en los nuevos Puntos Limpios no solo protegen los residuos de animales o condiciones clim\u00e1ticas adversas, sino que tambi\u00e9n permiten una gesti\u00f3n m\u00e1s organizada por parte de los recuperadores. Esto facilita la log\u00edstica de recolecci\u00f3n, reduce p\u00e9rdidas y garantiza que los materiales reciclables lleguen en \u00f3ptimas condiciones a su destino final, aumentando as\u00ed la eficiencia del programa y su sostenibilidad a largo plazo.<\/p>\n\n\n\n<p><strong>Beneficios ambientales directos<\/strong><\/p>\n\n\n\n<p>La correcta separaci\u00f3n de residuos contribuye directamente a <strong>reducir la contaminaci\u00f3n<\/strong>, disminuir la cantidad de basura enviada a rellenos sanitarios y fomentar la reutilizaci\u00f3n de materiales. Adem\u00e1s, estos esfuerzos impactan positivamente en la fauna local y en los paisajes naturales de R\u00edo Negro, evitando que los residuos terminen en espacios abiertos o cursos de agua. Cada Puntos Limpio act\u00faa como un nodo estrat\u00e9gico de cuidado ambiental, educando y protegiendo al mismo tiempo.<\/p>\n\n\n\n<p><strong>Participaci\u00f3n ciudadana y compromiso comunitario<\/strong><\/p>\n\n\n\n<p>El \u00e9xito del programa depende en gran medida de la <strong>participaci\u00f3n activa de los vecinos<\/strong>. Al involucrarse en la separaci\u00f3n de residuos y en el correcto uso de los Puntos Limpios, los ciudadanos se convierten en protagonistas de la gesti\u00f3n ambiental local. Esta participaci\u00f3n refuerza la identidad comunitaria y genera un sentido de responsabilidad compartida, fundamental para consolidar h\u00e1bitos sostenibles que perduren en el tiempo.<\/p>\n\n\n\n<p><strong>Perspectivas de futuro y expansi\u00f3n del programa<\/strong><\/p>\n\n\n\n<p>El compromiso de la Provincia de R\u00edo Negro con la sustentabilidad no se limita a Valcheta. La experiencia exitosa del programa <strong>\u201cValcheta Consciente\u201d<\/strong> sirve como modelo para otras localidades de la regi\u00f3n que buscan fortalecer la infraestructura de reciclaje y promover la educaci\u00f3n ambiental. La intenci\u00f3n es que estos programas se multipliquen, creando una red provincial de Puntos Limpios que favorezca la econom\u00eda circular, reduzca la contaminaci\u00f3n y genere conciencia ciudadana en toda la provincia.<\/p>\n\n\n\n<p><strong>Conclusi\u00f3n: un ejemplo de gesti\u00f3n ambiental exitosa<\/strong><\/p>\n\n\n\n<p>La entrega de los nuevos Puntos Limpios en Valcheta representa un <strong>avance concreto en la gesti\u00f3n ambiental<\/strong> de la localidad y un ejemplo de c\u00f3mo la inversi\u00f3n p\u00fablica, la educaci\u00f3n y la participaci\u00f3n comunitaria pueden generar cambios sostenibles y duraderos. Este proyecto evidencia que la sustentabilidad no es solo un objetivo ambiental, sino tambi\u00e9n una oportunidad de desarrollo econ\u00f3mico, educativo y social, consolidando a Valcheta como un referente en gesti\u00f3n ambiental en la regi\u00f3n de R\u00edo Negro.<br><\/p>\n\n\n\n<p><\/p>\n","protected":false},"excerpt":{"rendered":"","protected":false},"author":2,"featured_media":99448,"comment_status":"open","ping_status":"open","sticky":false,"template":"","format":"standard","meta":{"site-sidebar-layout":"default","site-content-layout":"","ast-site-content-layout":"default","site-content-style":"default","site-sidebar-style":"default","ast-global-header-display":"","ast-banner-title-visibility":"","ast-main-header-display":"","ast-hfb-above-header-display":"","ast-hfb-below-header-display":"","ast-hfb-mobile-header-display":"","site-post-title":"","ast-breadcrumbs-content":"","ast-featured-img":"","footer-sml-layout":"","ast-disable-related-posts":"","theme-transparent-header-meta":"","adv-header-id-meta":"","stick-header-meta":"","header-above-stick-meta":"","header-main-stick-meta":"","header-below-stick-meta":"","astra-migrate-meta-layouts":"default","ast-page-background-enabled":"default","ast-page-background-meta":{"desktop":{"background-color":"var(--ast-global-color-5)","background-image":"","background-repeat":"repeat","background-position":"center center","background-size":"auto","background-attachment":"scroll","background-type":"","background-media":"","overlay-type":"","overlay-color":"","overlay-opacity":"","overlay-gradient":""},"tablet":{"background-color":"","background-image":"","background-repeat":"repeat","background-position":"center center","background-size":"auto","background-attachment":"scroll","background-type":"","background-media":"","overlay-type":"","overlay-color":"","overlay-opacity":"","overlay-gradient":""},"mobile":{"background-color":"","background-image":"","background-repeat":"repeat","background-position":"center center","background-size":"auto","background-attachment":"scroll","background-type":"","background-media":"","overlay-type":"","overlay-color":"","overlay-opacity":"","overlay-gradient":""}},"ast-content-background-meta":{"desktop":{"background-color":"var(--ast-global-color-4)","background-image":"","background-repeat":"repeat","background-position":"center center","background-size":"auto","background-attachment":"scroll","background-type":"","background-media":"","overlay-type":"","overlay-color":"","overlay-opacity":"","overlay-gradient":""},"tablet":{"background-color":"var(--ast-global-color-4)","background-image":"","background-repeat":"repeat","background-position":"center center","background-size":"auto","background-attachment":"scroll","background-type":"","background-media":"","overlay-type":"","overlay-color":"","overlay-opacity":"","overlay-gradient":""},"mobile":{"background-color":"var(--ast-global-color-4)","background-image":"","background-repeat":"repeat","background-position":"center center","background-size":"auto","background-attachment":"scroll","background-type":"","background-media":"","overlay-type":"","overlay-color":"","overlay-opacity":"","overlay-gradient":""}},"footnotes":""},"categories":[3512,1],"tags":[],"class_list":["post-99447","post","type-post","status-publish","format-standard","has-post-thumbnail","hentry","category-economia-circular","category-noticias"],"yoast_head":"<!-- This site is optimized with the Yoast SEO Premium plugin v23.0 (Yoast SEO v27.5) - https:\/\/yoast.com\/product\/yoast-seo-premium-wordpress\/ -->\n<title>R\u00edo Negro potencia la gesti\u00f3n ambiental en Valcheta con nuevos Puntos Limpios y un impulso a la econom\u00eda circular La localidad de Valcheta, en R\u00edo Negro, celebr\u00f3 su aniversario con un paso decisivo hacia la sostenibilidad: la entrega de nuevos Puntos Limpios<\/title>\n<meta name=\"description\" content=\"La localidad de Valcheta, en R\u00edo Negro, celebr\u00f3 su aniversario con un paso decisivo hacia la sostenibilidad: la entrega de nuevos Puntos Limpios financiados por la Provincia, un programa que no solo fortalece la infraestructura de reciclaje local, sino que tambi\u00e9n promueve la educaci\u00f3n ambiental y la participaci\u00f3n ciudadana\" \/>\n<meta name=\"robots\" content=\"index, follow, max-snippet:-1, max-image-preview:large, max-video-preview:-1\" \/>\n<link rel=\"canonical\" href=\"https:\/\/patagoniambiental.com.ar\/info\/inauguracion-puntos-limpios-valcheta\/\" \/>\n<meta property=\"og:locale\" content=\"es_ES\" \/>\n<meta property=\"og:type\" content=\"article\" \/>\n<meta property=\"og:title\" content=\"R\u00edo Negro potencia la gesti\u00f3n ambiental en Valcheta con nuevos Puntos Limpios y un impulso a la econom\u00eda circular\" \/>\n<meta property=\"og:description\" content=\"La localidad de Valcheta, en R\u00edo Negro, celebr\u00f3 su aniversario con un paso decisivo hacia la sostenibilidad: la entrega de nuevos Puntos Limpios financiados por la Provincia, un programa que no solo fortalece la infraestructura de reciclaje local, sino que tambi\u00e9n promueve la educaci\u00f3n ambiental y la participaci\u00f3n ciudadana\" \/>\n<meta property=\"og:url\" content=\"https:\/\/patagoniambiental.com.ar\/info\/inauguracion-puntos-limpios-valcheta\/\" \/>\n<meta property=\"og:site_name\" content=\"Patagonia Ambiental\" \/>\n<meta property=\"article:publisher\" content=\"https:\/\/www.facebook.com\/patagonia.ambiental\" \/>\n<meta property=\"article:author\" content=\"https:\/\/www.facebook.com\/share\/1C1V8Gv9BX\/?mibextid=qi2Omg\" \/>\n<meta property=\"article:published_time\" content=\"2025-10-08T15:18:03+00:00\" \/>\n<meta property=\"article:modified_time\" content=\"2026-03-19T16:17:03+00:00\" \/>\n<meta property=\"og:image\" content=\"https:\/\/patagoniambiental.com.ar\/info\/wp-content\/uploads\/2025\/10\/1759922374_bb00697a39816587ad1d.jpeg\" \/>\n\t<meta property=\"og:image:width\" content=\"1080\" \/>\n\t<meta property=\"og:image:height\" content=\"607\" \/>\n\t<meta property=\"og:image:type\" content=\"image\/jpeg\" \/>\n<meta name=\"author\" content=\"Patagonia Ambiental\" \/>\n<meta name=\"twitter:card\" content=\"summary_large_image\" \/>\n<meta name=\"twitter:creator\" content=\"@PatAmb\" \/>\n<meta name=\"twitter:site\" content=\"@PatAmb\" \/>\n<script type=\"application\/ld+json\" class=\"yoast-schema-graph\">{\"@context\":\"https:\\\/\\\/schema.org\",\"@graph\":[{\"@type\":\"Article\",\"@id\":\"https:\\\/\\\/patagoniambiental.com.ar\\\/info\\\/inauguracion-puntos-limpios-valcheta\\\/#article\",\"isPartOf\":{\"@id\":\"https:\\\/\\\/patagoniambiental.com.ar\\\/info\\\/inauguracion-puntos-limpios-valcheta\\\/\"},\"author\":{\"name\":\"Patagonia Ambiental\",\"@id\":\"https:\\\/\\\/patagoniambiental.com.ar\\\/info\\\/#\\\/schema\\\/person\\\/db12bff64bbcbf6a253710bf0ea37b5d\"},\"headline\":\"R\u00edo Negro potencia la gesti\u00f3n ambiental en Valcheta con nuevos Puntos Limpios y un impulso a la econom\u00eda circular\",\"datePublished\":\"2025-10-08T15:18:03+00:00\",\"dateModified\":\"2026-03-19T16:17:03+00:00\",\"mainEntityOfPage\":{\"@id\":\"https:\\\/\\\/patagoniambiental.com.ar\\\/info\\\/inauguracion-puntos-limpios-valcheta\\\/\"},\"wordCount\":1251,\"commentCount\":0,\"publisher\":{\"@id\":\"https:\\\/\\\/patagoniambiental.com.ar\\\/info\\\/#organization\"},\"image\":{\"@id\":\"https:\\\/\\\/patagoniambiental.com.ar\\\/info\\\/inauguracion-puntos-limpios-valcheta\\\/#primaryimage\"},\"thumbnailUrl\":\"https:\\\/\\\/patagoniambiental.com.ar\\\/info\\\/wp-content\\\/uploads\\\/2025\\\/10\\\/1759922374_bb00697a39816587ad1d.jpeg\",\"articleSection\":[\"Econom\u00eda Circular\",\"Noticias\"],\"inLanguage\":\"es\",\"potentialAction\":[{\"@type\":\"CommentAction\",\"name\":\"Comment\",\"target\":[\"https:\\\/\\\/patagoniambiental.com.ar\\\/info\\\/inauguracion-puntos-limpios-valcheta\\\/#respond\"]}]},{\"@type\":\"WebPage\",\"@id\":\"https:\\\/\\\/patagoniambiental.com.ar\\\/info\\\/inauguracion-puntos-limpios-valcheta\\\/\",\"url\":\"https:\\\/\\\/patagoniambiental.com.ar\\\/info\\\/inauguracion-puntos-limpios-valcheta\\\/\",\"name\":\"R\u00edo Negro potencia la gesti\u00f3n ambiental en Valcheta con nuevos Puntos Limpios y un impulso a la econom\u00eda circular La localidad de Valcheta, en R\u00edo Negro, celebr\u00f3 su aniversario con un paso decisivo hacia la sostenibilidad: la entrega de nuevos Puntos Limpios\",\"isPartOf\":{\"@id\":\"https:\\\/\\\/patagoniambiental.com.ar\\\/info\\\/#website\"},\"primaryImageOfPage\":{\"@id\":\"https:\\\/\\\/patagoniambiental.com.ar\\\/info\\\/inauguracion-puntos-limpios-valcheta\\\/#primaryimage\"},\"image\":{\"@id\":\"https:\\\/\\\/patagoniambiental.com.ar\\\/info\\\/inauguracion-puntos-limpios-valcheta\\\/#primaryimage\"},\"thumbnailUrl\":\"https:\\\/\\\/patagoniambiental.com.ar\\\/info\\\/wp-content\\\/uploads\\\/2025\\\/10\\\/1759922374_bb00697a39816587ad1d.jpeg\",\"datePublished\":\"2025-10-08T15:18:03+00:00\",\"dateModified\":\"2026-03-19T16:17:03+00:00\",\"description\":\"La localidad de Valcheta, en R\u00edo Negro, celebr\u00f3 su aniversario con un paso decisivo hacia la sostenibilidad: la entrega de nuevos Puntos Limpios financiados por la Provincia, un programa que no solo fortalece la infraestructura de reciclaje local, sino que tambi\u00e9n promueve la educaci\u00f3n ambiental y la participaci\u00f3n ciudadana\",\"breadcrumb\":{\"@id\":\"https:\\\/\\\/patagoniambiental.com.ar\\\/info\\\/inauguracion-puntos-limpios-valcheta\\\/#breadcrumb\"},\"inLanguage\":\"es\",\"potentialAction\":[{\"@type\":\"ReadAction\",\"target\":[\"https:\\\/\\\/patagoniambiental.com.ar\\\/info\\\/inauguracion-puntos-limpios-valcheta\\\/\"]}]},{\"@type\":\"ImageObject\",\"inLanguage\":\"es\",\"@id\":\"https:\\\/\\\/patagoniambiental.com.ar\\\/info\\\/inauguracion-puntos-limpios-valcheta\\\/#primaryimage\",\"url\":\"https:\\\/\\\/patagoniambiental.com.ar\\\/info\\\/wp-content\\\/uploads\\\/2025\\\/10\\\/1759922374_bb00697a39816587ad1d.jpeg\",\"contentUrl\":\"https:\\\/\\\/patagoniambiental.com.ar\\\/info\\\/wp-content\\\/uploads\\\/2025\\\/10\\\/1759922374_bb00697a39816587ad1d.jpeg\",\"width\":1080,\"height\":607,\"caption\":\"Cr\u00e9dito: Gobierno de Rio Negro\"},{\"@type\":\"BreadcrumbList\",\"@id\":\"https:\\\/\\\/patagoniambiental.com.ar\\\/info\\\/inauguracion-puntos-limpios-valcheta\\\/#breadcrumb\",\"itemListElement\":[{\"@type\":\"ListItem\",\"position\":1,\"name\":\"Inicio\",\"item\":\"https:\\\/\\\/patagoniambiental.com.ar\\\/info\\\/\"},{\"@type\":\"ListItem\",\"position\":2,\"name\":\"R\u00edo Negro potencia la gesti\u00f3n ambiental en Valcheta con nuevos Puntos Limpios y un impulso a la econom\u00eda circular\"}]},{\"@type\":\"WebSite\",\"@id\":\"https:\\\/\\\/patagoniambiental.com.ar\\\/info\\\/#website\",\"url\":\"https:\\\/\\\/patagoniambiental.com.ar\\\/info\\\/\",\"name\":\"Patagonia Ambiental\",\"description\":\"Monitoreo y an\u00e1lisis de la situaci\u00f3n geopol\u00edtica en el mundo y su implicancia en la Patagonia\",\"publisher\":{\"@id\":\"https:\\\/\\\/patagoniambiental.com.ar\\\/info\\\/#organization\"},\"potentialAction\":[{\"@type\":\"SearchAction\",\"target\":{\"@type\":\"EntryPoint\",\"urlTemplate\":\"https:\\\/\\\/patagoniambiental.com.ar\\\/info\\\/?s={search_term_string}\"},\"query-input\":{\"@type\":\"PropertyValueSpecification\",\"valueRequired\":true,\"valueName\":\"search_term_string\"}}],\"inLanguage\":\"es\"},{\"@type\":\"Organization\",\"@id\":\"https:\\\/\\\/patagoniambiental.com.ar\\\/info\\\/#organization\",\"name\":\"Patagonia Ambiental\",\"url\":\"https:\\\/\\\/patagoniambiental.com.ar\\\/info\\\/\",\"logo\":{\"@type\":\"ImageObject\",\"inLanguage\":\"es\",\"@id\":\"https:\\\/\\\/patagoniambiental.com.ar\\\/info\\\/#\\\/schema\\\/logo\\\/image\\\/\",\"url\":\"https:\\\/\\\/patagoniambiental.com.ar\\\/info\\\/wp-content\\\/uploads\\\/2025\\\/05\\\/LOGO-PATAGONIA-AMBIENTAL.png\",\"contentUrl\":\"https:\\\/\\\/patagoniambiental.com.ar\\\/info\\\/wp-content\\\/uploads\\\/2025\\\/05\\\/LOGO-PATAGONIA-AMBIENTAL.png\",\"width\":433,\"height\":250,\"caption\":\"Patagonia Ambiental\"},\"image\":{\"@id\":\"https:\\\/\\\/patagoniambiental.com.ar\\\/info\\\/#\\\/schema\\\/logo\\\/image\\\/\"},\"sameAs\":[\"https:\\\/\\\/www.facebook.com\\\/patagonia.ambiental\",\"https:\\\/\\\/x.com\\\/PatAmb\"]},{\"@type\":\"Person\",\"@id\":\"https:\\\/\\\/patagoniambiental.com.ar\\\/info\\\/#\\\/schema\\\/person\\\/db12bff64bbcbf6a253710bf0ea37b5d\",\"name\":\"Patagonia Ambiental\",\"description\":\"Andr\u00e9s Nievas T\u00e9cnico en manejo ambiental, consultor Ambiental y escritor para medios locales e internacionales sobre temas de geopolitica y medio ambiente.\",\"sameAs\":[\"http:\\\/\\\/www.patagoniambiental.com.ar\",\"https:\\\/\\\/www.facebook.com\\\/share\\\/1C1V8Gv9BX\\\/?mibextid=qi2Omg\",\"@patagoniambiental\",\"https:\\\/\\\/youtube.com\\\/@patagoniaambiental2023?si=BLt58t0wuXquxlYZ\"]}]}<\/script>\n<!-- \/ Yoast SEO Premium plugin. -->","yoast_head_json":{"title":"R\u00edo Negro potencia la gesti\u00f3n ambiental en Valcheta con nuevos Puntos Limpios y un impulso a la econom\u00eda circular La localidad de Valcheta, en R\u00edo Negro, celebr\u00f3 su aniversario con un paso decisivo hacia la sostenibilidad: la entrega de nuevos Puntos Limpios","description":"La localidad de Valcheta, en R\u00edo Negro, celebr\u00f3 su aniversario con un paso decisivo hacia la sostenibilidad: la entrega de nuevos Puntos Limpios financiados por la Provincia, un programa que no solo fortalece la infraestructura de reciclaje local, sino que tambi\u00e9n promueve la educaci\u00f3n ambiental y la participaci\u00f3n ciudadana","robots":{"index":"index","follow":"follow","max-snippet":"max-snippet:-1","max-image-preview":"max-image-preview:large","max-video-preview":"max-video-preview:-1"},"canonical":"https:\/\/patagoniambiental.com.ar\/info\/inauguracion-puntos-limpios-valcheta\/","og_locale":"es_ES","og_type":"article","og_title":"R\u00edo Negro potencia la gesti\u00f3n ambiental en Valcheta con nuevos Puntos Limpios y un impulso a la econom\u00eda circular","og_description":"La localidad de Valcheta, en R\u00edo Negro, celebr\u00f3 su aniversario con un paso decisivo hacia la sostenibilidad: la entrega de nuevos Puntos Limpios financiados por la Provincia, un programa que no solo fortalece la infraestructura de reciclaje local, sino que tambi\u00e9n promueve la educaci\u00f3n ambiental y la participaci\u00f3n ciudadana","og_url":"https:\/\/patagoniambiental.com.ar\/info\/inauguracion-puntos-limpios-valcheta\/","og_site_name":"Patagonia Ambiental","article_publisher":"https:\/\/www.facebook.com\/patagonia.ambiental","article_author":"https:\/\/www.facebook.com\/share\/1C1V8Gv9BX\/?mibextid=qi2Omg","article_published_time":"2025-10-08T15:18:03+00:00","article_modified_time":"2026-03-19T16:17:03+00:00","og_image":[{"width":1080,"height":607,"url":"https:\/\/patagoniambiental.com.ar\/info\/wp-content\/uploads\/2025\/10\/1759922374_bb00697a39816587ad1d.jpeg","type":"image\/jpeg"}],"author":"Patagonia Ambiental","twitter_card":"summary_large_image","twitter_creator":"@PatAmb","twitter_site":"@PatAmb","schema":{"@context":"https:\/\/schema.org","@graph":[{"@type":"Article","@id":"https:\/\/patagoniambiental.com.ar\/info\/inauguracion-puntos-limpios-valcheta\/#article","isPartOf":{"@id":"https:\/\/patagoniambiental.com.ar\/info\/inauguracion-puntos-limpios-valcheta\/"},"author":{"name":"Patagonia Ambiental","@id":"https:\/\/patagoniambiental.com.ar\/info\/#\/schema\/person\/db12bff64bbcbf6a253710bf0ea37b5d"},"headline":"R\u00edo Negro potencia la gesti\u00f3n ambiental en Valcheta con nuevos Puntos Limpios y un impulso a la econom\u00eda circular","datePublished":"2025-10-08T15:18:03+00:00","dateModified":"2026-03-19T16:17:03+00:00","mainEntityOfPage":{"@id":"https:\/\/patagoniambiental.com.ar\/info\/inauguracion-puntos-limpios-valcheta\/"},"wordCount":1251,"commentCount":0,"publisher":{"@id":"https:\/\/patagoniambiental.com.ar\/info\/#organization"},"image":{"@id":"https:\/\/patagoniambiental.com.ar\/info\/inauguracion-puntos-limpios-valcheta\/#primaryimage"},"thumbnailUrl":"https:\/\/patagoniambiental.com.ar\/info\/wp-content\/uploads\/2025\/10\/1759922374_bb00697a39816587ad1d.jpeg","articleSection":["Econom\u00eda Circular","Noticias"],"inLanguage":"es","potentialAction":[{"@type":"CommentAction","name":"Comment","target":["https:\/\/patagoniambiental.com.ar\/info\/inauguracion-puntos-limpios-valcheta\/#respond"]}]},{"@type":"WebPage","@id":"https:\/\/patagoniambiental.com.ar\/info\/inauguracion-puntos-limpios-valcheta\/","url":"https:\/\/patagoniambiental.com.ar\/info\/inauguracion-puntos-limpios-valcheta\/","name":"R\u00edo Negro potencia la gesti\u00f3n ambiental en Valcheta con nuevos Puntos Limpios y un impulso a la econom\u00eda circular La localidad de Valcheta, en R\u00edo Negro, celebr\u00f3 su aniversario con un paso decisivo hacia la sostenibilidad: la entrega de nuevos Puntos Limpios","isPartOf":{"@id":"https:\/\/patagoniambiental.com.ar\/info\/#website"},"primaryImageOfPage":{"@id":"https:\/\/patagoniambiental.com.ar\/info\/inauguracion-puntos-limpios-valcheta\/#primaryimage"},"image":{"@id":"https:\/\/patagoniambiental.com.ar\/info\/inauguracion-puntos-limpios-valcheta\/#primaryimage"},"thumbnailUrl":"https:\/\/patagoniambiental.com.ar\/info\/wp-content\/uploads\/2025\/10\/1759922374_bb00697a39816587ad1d.jpeg","datePublished":"2025-10-08T15:18:03+00:00","dateModified":"2026-03-19T16:17:03+00:00","description":"La localidad de Valcheta, en R\u00edo Negro, celebr\u00f3 su aniversario con un paso decisivo hacia la sostenibilidad: la entrega de nuevos Puntos Limpios financiados por la Provincia, un programa que no solo fortalece la infraestructura de reciclaje local, sino que tambi\u00e9n promueve la educaci\u00f3n ambiental y la participaci\u00f3n ciudadana","breadcrumb":{"@id":"https:\/\/patagoniambiental.com.ar\/info\/inauguracion-puntos-limpios-valcheta\/#breadcrumb"},"inLanguage":"es","potentialAction":[{"@type":"ReadAction","target":["https:\/\/patagoniambiental.com.ar\/info\/inauguracion-puntos-limpios-valcheta\/"]}]},{"@type":"ImageObject","inLanguage":"es","@id":"https:\/\/patagoniambiental.com.ar\/info\/inauguracion-puntos-limpios-valcheta\/#primaryimage","url":"https:\/\/patagoniambiental.com.ar\/info\/wp-content\/uploads\/2025\/10\/1759922374_bb00697a39816587ad1d.jpeg","contentUrl":"https:\/\/patagoniambiental.com.ar\/info\/wp-content\/uploads\/2025\/10\/1759922374_bb00697a39816587ad1d.jpeg","width":1080,"height":607,"caption":"Cr\u00e9dito: Gobierno de Rio Negro"},{"@type":"BreadcrumbList","@id":"https:\/\/patagoniambiental.com.ar\/info\/inauguracion-puntos-limpios-valcheta\/#breadcrumb","itemListElement":[{"@type":"ListItem","position":1,"name":"Inicio","item":"https:\/\/patagoniambiental.com.ar\/info\/"},{"@type":"ListItem","position":2,"name":"R\u00edo Negro potencia la gesti\u00f3n ambiental en Valcheta con nuevos Puntos Limpios y un impulso a la econom\u00eda circular"}]},{"@type":"WebSite","@id":"https:\/\/patagoniambiental.com.ar\/info\/#website","url":"https:\/\/patagoniambiental.com.ar\/info\/","name":"Patagonia Ambiental","description":"Monitoreo y an\u00e1lisis de la situaci\u00f3n geopol\u00edtica en el mundo y su implicancia en la Patagonia","publisher":{"@id":"https:\/\/patagoniambiental.com.ar\/info\/#organization"},"potentialAction":[{"@type":"SearchAction","target":{"@type":"EntryPoint","urlTemplate":"https:\/\/patagoniambiental.com.ar\/info\/?s={search_term_string}"},"query-input":{"@type":"PropertyValueSpecification","valueRequired":true,"valueName":"search_term_string"}}],"inLanguage":"es"},{"@type":"Organization","@id":"https:\/\/patagoniambiental.com.ar\/info\/#organization","name":"Patagonia Ambiental","url":"https:\/\/patagoniambiental.com.ar\/info\/","logo":{"@type":"ImageObject","inLanguage":"es","@id":"https:\/\/patagoniambiental.com.ar\/info\/#\/schema\/logo\/image\/","url":"https:\/\/patagoniambiental.com.ar\/info\/wp-content\/uploads\/2025\/05\/LOGO-PATAGONIA-AMBIENTAL.png","contentUrl":"https:\/\/patagoniambiental.com.ar\/info\/wp-content\/uploads\/2025\/05\/LOGO-PATAGONIA-AMBIENTAL.png","width":433,"height":250,"caption":"Patagonia Ambiental"},"image":{"@id":"https:\/\/patagoniambiental.com.ar\/info\/#\/schema\/logo\/image\/"},"sameAs":["https:\/\/www.facebook.com\/patagonia.ambiental","https:\/\/x.com\/PatAmb"]},{"@type":"Person","@id":"https:\/\/patagoniambiental.com.ar\/info\/#\/schema\/person\/db12bff64bbcbf6a253710bf0ea37b5d","name":"Patagonia Ambiental","description":"Andr\u00e9s Nievas T\u00e9cnico en manejo ambiental, consultor Ambiental y escritor para medios locales e internacionales sobre temas de geopolitica y medio ambiente.","sameAs":["http:\/\/www.patagoniambiental.com.ar","https:\/\/www.facebook.com\/share\/1C1V8Gv9BX\/?mibextid=qi2Omg","@patagoniambiental","https:\/\/youtube.com\/@patagoniaambiental2023?si=BLt58t0wuXquxlYZ"]}]}},"_links":{"self":[{"href":"https:\/\/patagoniambiental.com.ar\/info\/wp-json\/wp\/v2\/posts\/99447","targetHints":{"allow":["GET"]}}],"collection":[{"href":"https:\/\/patagoniambiental.com.ar\/info\/wp-json\/wp\/v2\/posts"}],"about":[{"href":"https:\/\/patagoniambiental.com.ar\/info\/wp-json\/wp\/v2\/types\/post"}],"author":[{"embeddable":true,"href":"https:\/\/patagoniambiental.com.ar\/info\/wp-json\/wp\/v2\/users\/2"}],"replies":[{"embeddable":true,"href":"https:\/\/patagoniambiental.com.ar\/info\/wp-json\/wp\/v2\/comments?post=99447"}],"version-history":[{"count":3,"href":"https:\/\/patagoniambiental.com.ar\/info\/wp-json\/wp\/v2\/posts\/99447\/revisions"}],"predecessor-version":[{"id":100983,"href":"https:\/\/patagoniambiental.com.ar\/info\/wp-json\/wp\/v2\/posts\/99447\/revisions\/100983"}],"wp:featuredmedia":[{"embeddable":true,"href":"https:\/\/patagoniambiental.com.ar\/info\/wp-json\/wp\/v2\/media\/99448"}],"wp:attachment":[{"href":"https:\/\/patagoniambiental.com.ar\/info\/wp-json\/wp\/v2\/media?parent=99447"}],"wp:term":[{"taxonomy":"category","embeddable":true,"href":"https:\/\/patagoniambiental.com.ar\/info\/wp-json\/wp\/v2\/categories?post=99447"},{"taxonomy":"post_tag","embeddable":true,"href":"https:\/\/patagoniambiental.com.ar\/info\/wp-json\/wp\/v2\/tags?post=99447"}],"curies":[{"name":"wp","href":"https:\/\/api.w.org\/{rel}","templated":true}]}}