{"id":99464,"date":"2025-10-09T09:32:47","date_gmt":"2025-10-09T12:32:47","guid":{"rendered":"https:\/\/patagoniambiental.com.ar\/info\/?p=99464"},"modified":"2025-10-09T09:32:49","modified_gmt":"2025-10-09T12:32:49","slug":"cooperativa-jovenes-bariloche","status":"publish","type":"post","link":"https:\/\/patagoniambiental.com.ar\/info\/cooperativa-jovenes-bariloche\/","title":{"rendered":"Cooperativa J\u00f3venes por Bariloche: pioneros en Econom\u00eda Circular y Reciclaje que transforman la Patagonia desde el territorio \ud83c\udf0d"},"content":{"rendered":"\n<p><strong>Cooperativa J\u00f3venes por Bariloche: pioneros en Econom\u00eda Circular y Reciclaje que transforman la Patagonia desde el territorio \ud83c\udf0d<\/strong><\/p>\n\n\n\n<p><strong>Un movimiento que naci\u00f3 del fuego y se convirti\u00f3 en esperanza ambiental<\/strong><\/p>\n\n\n\n<p>La historia de la <strong>Cooperativa J\u00f3venes por Bariloche<\/strong> comienza en 2019, en medio de una crisis ambiental global marcada por los incendios del Amazonas. Aquella cat\u00e1strofe fue la chispa que encendi\u00f3 la conciencia de tres j\u00f3venes barilochenses decididos a actuar frente a la degradaci\u00f3n de los ecosistemas. Sin embargo, pronto comprendieron que no hac\u00eda falta mirar hacia otro continente para entender la urgencia ambiental: en <strong>Bariloche<\/strong>, el bosque tambi\u00e9n arde, los lagos sufren contaminaci\u00f3n y las desigualdades sociales se profundizan con cada nueva emergencia clim\u00e1tica.<\/p>\n\n\n\n<p>As\u00ed naci\u00f3 una organizaci\u00f3n cooperativa que hoy simboliza una nueva generaci\u00f3n de activismo: <strong>una comunidad que piensa globalmente, pero act\u00faa localmente<\/strong>, desde la <strong>econom\u00eda circular, la educaci\u00f3n ambiental y la restauraci\u00f3n ecol\u00f3gica<\/strong>. Con m\u00e1s de <strong>10.000 kilos de pl\u00e1stico recuperado, 3.000 \u00e1rboles nativos plantados, 22 escuelas capacitadas y 42 jornadas de limpieza<\/strong>, el movimiento se consolid\u00f3 como una fuerza joven que inspira y educa desde el coraz\u00f3n de la Patagonia.<\/p>\n\n\n\n<p><strong>\ud83c\udf31 Econom\u00eda Circular: el eje que redefine el desarrollo local en Bariloche<\/strong><\/p>\n\n\n\n<p>El concepto de <strong>Econom\u00eda Circular<\/strong> atraviesa toda la filosof\u00eda de la cooperativa. Lejos de ser solo un modelo productivo, se convirti\u00f3 en una <strong>herramienta de transformaci\u00f3n social<\/strong>, donde los residuos dejan de ser un problema para convertirse en recursos.<\/p>\n\n\n\n<p>La <strong>Cooperativa J\u00f3venes por Bariloche<\/strong> trabaja d\u00eda a d\u00eda para reincorporar el pl\u00e1stico en la cadena productiva mediante su recolecci\u00f3n, clasificaci\u00f3n y transformaci\u00f3n, reduciendo el impacto ambiental y fomentando un circuito sostenible. Este proceso no solo disminuye la cantidad de residuos que llegan al vertedero, sino que tambi\u00e9n <strong>genera empleo verde<\/strong>, impulsa la educaci\u00f3n comunitaria y fortalece la identidad ambiental de Bariloche como ciudad modelo en sostenibilidad.<\/p>\n\n\n\n<p>Desde un enfoque t\u00e9cnico, la cooperativa demuestra c\u00f3mo el <strong>reciclaje comunitario<\/strong> puede integrarse a pol\u00edticas locales de gesti\u00f3n de residuos s\u00f3lidos urbanos, fortaleciendo alianzas con <strong>escuelas, organizaciones sociales, empresas y gobiernos<\/strong>. El resultado: una red colaborativa que multiplica el impacto ambiental y social de cada acci\u00f3n.<\/p>\n\n\n\n<p><strong>\u267b\ufe0f Reciclaje y transformaci\u00f3n: cuando el residuo se convierte en oportunidad<\/strong><\/p>\n\n\n\n<p>Uno de los pilares operativos de la cooperativa es su <strong>programa de reciclaje de pl\u00e1sticos<\/strong>, dise\u00f1ado para cerrar el ciclo de consumo y fomentar la reutilizaci\u00f3n de materiales. El objetivo no se limita a recolectar, sino tambi\u00e9n a <strong>transformar el pl\u00e1stico en nuevos productos \u00fatiles<\/strong>, con un enfoque educativo que muestra a las comunidades que cada residuo tiene un valor potencial.<\/p>\n\n\n\n<p>El trabajo de recolecci\u00f3n se apoya en <strong>jornadas comunitarias y campa\u00f1as de sensibilizaci\u00f3n<\/strong>, donde vecinos y vecinas aprenden a separar correctamente los residuos y comprender su impacto. Este enfoque participativo genera conciencia ambiental y promueve h\u00e1bitos responsables que se extienden a las escuelas, los comercios y los hogares.<\/p>\n\n\n\n<p>Adem\u00e1s, los materiales recuperados se reintegran en la econom\u00eda local a trav\u00e9s de alianzas con emprendimientos que utilizan pl\u00e1sticos reciclados para fabricar mobiliario urbano, se\u00f1al\u00e9tica o productos de dise\u00f1o sostenible. De esta manera, la <strong>Cooperativa J\u00f3venes por Bariloche<\/strong> demuestra que la econom\u00eda circular puede ser <strong>inclusiva, rentable y ambientalmente regenerativa<\/strong>.<\/p>\n\n\n\n<p><strong>\ud83c\udf3f Educaci\u00f3n Ambiental: sembrar conciencia para cosechar futuro<\/strong><\/p>\n\n\n\n<p>La educaci\u00f3n ambiental es otro de los ejes estrat\u00e9gicos del proyecto. Desde 2019, <strong>m\u00e1s de 22 escuelas barilochenses<\/strong> participaron de talleres, charlas y campa\u00f1as de concientizaci\u00f3n impulsadas por la cooperativa. El objetivo: <strong>formar ciudadanos cr\u00edticos, responsables y comprometidos con su entorno<\/strong>.<\/p>\n\n\n\n<p>Cada encuentro es una oportunidad para repensar la relaci\u00f3n entre sociedad y naturaleza, cuestionar los modelos de consumo y construir nuevas formas de habitar el territorio. Los talleres abordan tem\u00e1ticas como la separaci\u00f3n de residuos, la huella ecol\u00f3gica, la biodiversidad local y la restauraci\u00f3n de ecosistemas degradados.<\/p>\n\n\n\n<p>La cooperativa tambi\u00e9n colabora con docentes y comunidades educativas para desarrollar materiales pedag\u00f3gicos que integren la sostenibilidad en el aula, reforzando la idea de que <strong>la educaci\u00f3n ambiental no es una materia m\u00e1s, sino una forma de vida<\/strong>.<\/p>\n\n\n\n<p><strong>\ud83c\udf33 Restauraci\u00f3n ecol\u00f3gica y viveros de plantas nativas: regenerar el equilibrio natural<\/strong><\/p>\n\n\n\n<p>Uno de los proyectos m\u00e1s destacados de la cooperativa es la producci\u00f3n de <strong>plantas nativas en viveros locales<\/strong>, con el fin de impulsar la reforestaci\u00f3n y la restauraci\u00f3n ecol\u00f3gica de zonas afectadas por incendios o degradaci\u00f3n del suelo. Cada \u00e1rbol plantado es el s\u00edmbolo de un compromiso colectivo con la regeneraci\u00f3n del territorio.<\/p>\n\n\n\n<p>Hasta la fecha, la <strong>Cooperativa J\u00f3venes por Bariloche<\/strong> ha plantado m\u00e1s de <strong>3.000 \u00e1rboles aut\u00f3ctonos<\/strong>, contribuyendo a la recuperaci\u00f3n de h\u00e1bitats naturales y al fortalecimiento de la biodiversidad patag\u00f3nica. Esta labor no solo repara los da\u00f1os ambientales, sino que tambi\u00e9n <strong>educa sobre la importancia de las especies nativas<\/strong> en la protecci\u00f3n del suelo, la regulaci\u00f3n del clima y el equilibrio de los ecosistemas.<\/p>\n\n\n\n<p>El proyecto combina ciencia y saberes ancestrales, integrando a comunidades mapuches y locales en la producci\u00f3n de especies nativas. As\u00ed, la restauraci\u00f3n ecol\u00f3gica se convierte en un puente entre culturas, generaciones y conocimientos.<\/p>\n\n\n\n<p><strong>\ud83e\udd1d Alianzas estrat\u00e9gicas: tejer comunidad para amplificar el impacto<\/strong><\/p>\n\n\n\n<p>La <strong>Cooperativa J\u00f3venes por Bariloche<\/strong> entiende que la transformaci\u00f3n real solo es posible desde el trabajo colectivo. Por eso, desde sus inicios ha establecido <strong>alianzas estrat\u00e9gicas<\/strong> con escuelas, gobiernos municipales, ONGs, empresas locales y organismos p\u00fablicos que comparten una visi\u00f3n com\u00fan de sostenibilidad.<\/p>\n\n\n\n<p>Estas alianzas permiten desarrollar proyectos conjuntos de reforestaci\u00f3n, gesti\u00f3n de residuos y educaci\u00f3n ambiental, potenciando los recursos humanos y t\u00e9cnicos de cada actor. Entre las colaboraciones m\u00e1s destacadas se encuentran las realizadas con instituciones educativas, cooperativas de reciclaje y organismos ambientales regionales que impulsan pol\u00edticas verdes en la Patagonia.<\/p>\n\n\n\n<p>El enfoque colaborativo fortalece la <strong>resiliencia territorial<\/strong>, un concepto clave en tiempos de crisis clim\u00e1tica, donde las comunidades deben adaptarse y cooperar para garantizar su sostenibilidad futura.<\/p>\n\n\n\n<p><strong>\ud83c\udf0d Construyendo la Red de Econom\u00eda Circular de R\u00edo Negro<\/strong><\/p>\n\n\n\n<p>Desde <strong>Patagonia Ambiental<\/strong> y junto a m\u00faltiples actores locales, estamos impulsando la creaci\u00f3n de una <strong>Red de Econom\u00eda Circular de R\u00edo Negro<\/strong>, un espacio colaborativo que articula cooperativas, municipios, universidades y organizaciones sociales con el objetivo de <strong>promover el desarrollo sostenible y el aprovechamiento eficiente de los recursos<\/strong>.<\/p>\n\n\n\n<p>La participaci\u00f3n de la <strong>Cooperativa J\u00f3venes por Bariloche<\/strong> en esta red es clave, ya que su experiencia demuestra c\u00f3mo un modelo de gesti\u00f3n comunitaria puede integrarse a una visi\u00f3n provincial de econom\u00eda verde. Esta red busca <strong>compartir buenas pr\u00e1cticas, promover la innovaci\u00f3n en reciclaje y fomentar la educaci\u00f3n ambiental<\/strong>, generando un circuito virtuoso entre producci\u00f3n, consumo y reutilizaci\u00f3n.<\/p>\n\n\n\n<p>El prop\u00f3sito es construir un <strong>ecosistema circular provincial<\/strong>, donde cada localidad pueda aprovechar sus propios recursos, reducir sus residuos y generar empleo verde. R\u00edo Negro se posiciona as\u00ed como una provincia pionera en sostenibilidad, alineada con los Objetivos de Desarrollo Sostenible (ODS) de la Agenda 2030.<\/p>\n\n\n\n<p><strong>\ud83d\udcc8 Innovaci\u00f3n social y sostenibilidad: la econom\u00eda del futuro ya est\u00e1 ocurriendo<\/strong><\/p>\n\n\n\n<p>El trabajo de la cooperativa va m\u00e1s all\u00e1 de la gesti\u00f3n ambiental: es un ejemplo de <strong>innovaci\u00f3n social aplicada al territorio<\/strong>. Cada acci\u00f3n combina participaci\u00f3n ciudadana, educaci\u00f3n y tecnolog\u00eda verde para construir un modelo econ\u00f3mico m\u00e1s justo y resiliente.<\/p>\n\n\n\n<p>En un contexto global donde el cambio clim\u00e1tico acelera los desaf\u00edos ambientales y sociales, las experiencias locales como la de <strong>J\u00f3venes por Bariloche<\/strong> ofrecen una hoja de ruta clara: <strong>actuar desde lo comunitario para transformar lo estructural<\/strong>. Este enfoque regenerativo no solo combate la contaminaci\u00f3n, sino que promueve un desarrollo basado en el respeto, la solidaridad y la interdependencia.<\/p>\n\n\n\n<p><strong>\ud83d\udcac Conclusi\u00f3n: la juventud que cambia el destino ambiental de la Patagonia<\/strong><\/p>\n\n\n\n<p>La <strong>Cooperativa J\u00f3venes por Bariloche<\/strong> representa el esp\u00edritu de una generaci\u00f3n que decidi\u00f3 no quedarse de brazos cruzados. Con trabajo, conciencia y esperanza, estos j\u00f3venes demuestran que <strong>la econom\u00eda circular puede ser motor de inclusi\u00f3n social, desarrollo local y restauraci\u00f3n ambiental<\/strong>.<\/p>\n\n\n\n<p>Desde sus viveros hasta sus campa\u00f1as de limpieza, cada acci\u00f3n es una declaraci\u00f3n: el cambio clim\u00e1tico no se enfrenta con discursos, sino con compromiso y acci\u00f3n colectiva. Su ejemplo inspira a toda la Patagonia \u2014y al pa\u00eds\u2014 a construir un futuro m\u00e1s verde, justo y consciente.<\/p>\n\n\n\n<p>Bariloche, una ciudad reconocida por su belleza natural, ahora tambi\u00e9n se convierte en <strong>referente nacional de sostenibilidad<\/strong> gracias a quienes comprendieron que el verdadero cambio empieza en casa.<\/p>\n","protected":false},"excerpt":{"rendered":"<p>Cooperativa J\u00f3venes por Bariloche: pioneros en Econom\u00eda Circular y Reciclaje que transforman la Patagonia desde el territorio \ud83c\udf0d Un movimiento [&hellip;]<\/p>\n","protected":false},"author":2,"featured_media":99465,"comment_status":"open","ping_status":"open","sticky":false,"template":"","format":"standard","meta":{"site-sidebar-layout":"default","site-content-layout":"","ast-site-content-layout":"default","site-content-style":"default","site-sidebar-style":"default","ast-global-header-display":"","ast-banner-title-visibility":"","ast-main-header-display":"","ast-hfb-above-header-display":"","ast-hfb-below-header-display":"","ast-hfb-mobile-header-display":"","site-post-title":"","ast-breadcrumbs-content":"","ast-featured-img":"","footer-sml-layout":"","ast-disable-related-posts":"","theme-transparent-header-meta":"","adv-header-id-meta":"","stick-header-meta":"","header-above-stick-meta":"","header-main-stick-meta":"","header-below-stick-meta":"","astra-migrate-meta-layouts":"default","ast-page-background-enabled":"default","ast-page-background-meta":{"desktop":{"background-color":"var(--ast-global-color-5)","background-image":"","background-repeat":"repeat","background-position":"center center","background-size":"auto","background-attachment":"scroll","background-type":"","background-media":"","overlay-type":"","overlay-color":"","overlay-opacity":"","overlay-gradient":""},"tablet":{"background-color":"","background-image":"","background-repeat":"repeat","background-position":"center center","background-size":"auto","background-attachment":"scroll","background-type":"","background-media":"","overlay-type":"","overlay-color":"","overlay-opacity":"","overlay-gradient":""},"mobile":{"background-color":"","background-image":"","background-repeat":"repeat","background-position":"center center","background-size":"auto","background-attachment":"scroll","background-type":"","background-media":"","overlay-type":"","overlay-color":"","overlay-opacity":"","overlay-gradient":""}},"ast-content-background-meta":{"desktop":{"background-color":"var(--ast-global-color-4)","background-image":"","background-repeat":"repeat","background-position":"center center","background-size":"auto","background-attachment":"scroll","background-type":"","background-media":"","overlay-type":"","overlay-color":"","overlay-opacity":"","overlay-gradient":""},"tablet":{"background-color":"var(--ast-global-color-4)","background-image":"","background-repeat":"repeat","background-position":"center center","background-size":"auto","background-attachment":"scroll","background-type":"","background-media":"","overlay-type":"","overlay-color":"","overlay-opacity":"","overlay-gradient":""},"mobile":{"background-color":"var(--ast-global-color-4)","background-image":"","background-repeat":"repeat","background-position":"center center","background-size":"auto","background-attachment":"scroll","background-type":"","background-media":"","overlay-type":"","overlay-color":"","overlay-opacity":"","overlay-gradient":""}},"footnotes":""},"categories":[3512,1],"tags":[],"class_list":["post-99464","post","type-post","status-publish","format-standard","has-post-thumbnail","hentry","category-economia-circular","category-noticias"],"yoast_head":"<!-- This site is optimized with the Yoast SEO Premium plugin v23.0 (Yoast SEO v27.5) - https:\/\/yoast.com\/product\/yoast-seo-premium-wordpress\/ -->\n<title>Cooperativa J\u00f3venes por Bariloche: pioneros en Econom\u00eda Circular y Reciclaje que transforman la Patagonia desde el territorio \ud83c\udf0d La historia de la Cooperativa J\u00f3venes por Bariloche comienza en 2019, en medio de una crisis ambiental global marcada por los incendios del Amazonas<\/title>\n<meta name=\"description\" content=\"La historia de la Cooperativa J\u00f3venes por Bariloche comienza en 2019, en medio de una crisis ambiental global marcada por los incendios del Amazonas. Aquella cat\u00e1strofe fue la chispa que encendi\u00f3 la conciencia de tres j\u00f3venes barilochenses decididos a actuar frente a la degradaci\u00f3n de los ecosistemas.\" \/>\n<meta name=\"robots\" content=\"index, follow, max-snippet:-1, max-image-preview:large, max-video-preview:-1\" \/>\n<link rel=\"canonical\" href=\"https:\/\/patagoniambiental.com.ar\/info\/cooperativa-jovenes-bariloche\/\" \/>\n<meta property=\"og:locale\" content=\"es_ES\" \/>\n<meta property=\"og:type\" content=\"article\" \/>\n<meta property=\"og:title\" content=\"Cooperativa J\u00f3venes por Bariloche: pioneros en Econom\u00eda Circular y Reciclaje que transforman la Patagonia desde el territorio \ud83c\udf0d\" \/>\n<meta property=\"og:description\" content=\"La historia de la Cooperativa J\u00f3venes por Bariloche comienza en 2019, en medio de una crisis ambiental global marcada por los incendios del Amazonas. Aquella cat\u00e1strofe fue la chispa que encendi\u00f3 la conciencia de tres j\u00f3venes barilochenses decididos a actuar frente a la degradaci\u00f3n de los ecosistemas.\" \/>\n<meta property=\"og:url\" content=\"https:\/\/patagoniambiental.com.ar\/info\/cooperativa-jovenes-bariloche\/\" \/>\n<meta property=\"og:site_name\" content=\"Patagonia Ambiental\" \/>\n<meta property=\"article:publisher\" content=\"https:\/\/www.facebook.com\/patagonia.ambiental\" \/>\n<meta property=\"article:author\" content=\"https:\/\/www.facebook.com\/share\/1C1V8Gv9BX\/?mibextid=qi2Omg\" \/>\n<meta property=\"article:published_time\" content=\"2025-10-09T12:32:47+00:00\" \/>\n<meta property=\"article:modified_time\" content=\"2025-10-09T12:32:49+00:00\" \/>\n<meta property=\"og:image\" content=\"https:\/\/patagoniambiental.com.ar\/info\/wp-content\/uploads\/2025\/10\/grupo-limpieza.jpg\" \/>\n\t<meta property=\"og:image:width\" content=\"800\" \/>\n\t<meta property=\"og:image:height\" content=\"599\" \/>\n\t<meta property=\"og:image:type\" content=\"image\/jpeg\" \/>\n<meta name=\"author\" content=\"Patagonia Ambiental\" \/>\n<meta name=\"twitter:card\" content=\"summary_large_image\" \/>\n<meta name=\"twitter:creator\" content=\"@PatAmb\" \/>\n<meta name=\"twitter:site\" content=\"@PatAmb\" \/>\n<script type=\"application\/ld+json\" class=\"yoast-schema-graph\">{\"@context\":\"https:\\\/\\\/schema.org\",\"@graph\":[{\"@type\":\"Article\",\"@id\":\"https:\\\/\\\/patagoniambiental.com.ar\\\/info\\\/cooperativa-jovenes-bariloche\\\/#article\",\"isPartOf\":{\"@id\":\"https:\\\/\\\/patagoniambiental.com.ar\\\/info\\\/cooperativa-jovenes-bariloche\\\/\"},\"author\":{\"name\":\"Patagonia Ambiental\",\"@id\":\"https:\\\/\\\/patagoniambiental.com.ar\\\/info\\\/#\\\/schema\\\/person\\\/db12bff64bbcbf6a253710bf0ea37b5d\"},\"headline\":\"Cooperativa J\u00f3venes por Bariloche: pioneros en Econom\u00eda Circular y Reciclaje que transforman la Patagonia desde el territorio \ud83c\udf0d\",\"datePublished\":\"2025-10-09T12:32:47+00:00\",\"dateModified\":\"2025-10-09T12:32:49+00:00\",\"mainEntityOfPage\":{\"@id\":\"https:\\\/\\\/patagoniambiental.com.ar\\\/info\\\/cooperativa-jovenes-bariloche\\\/\"},\"wordCount\":1503,\"commentCount\":0,\"publisher\":{\"@id\":\"https:\\\/\\\/patagoniambiental.com.ar\\\/info\\\/#organization\"},\"image\":{\"@id\":\"https:\\\/\\\/patagoniambiental.com.ar\\\/info\\\/cooperativa-jovenes-bariloche\\\/#primaryimage\"},\"thumbnailUrl\":\"https:\\\/\\\/patagoniambiental.com.ar\\\/info\\\/wp-content\\\/uploads\\\/2025\\\/10\\\/grupo-limpieza.jpg\",\"articleSection\":[\"Econom\u00eda Circular\",\"Noticias\"],\"inLanguage\":\"es\",\"potentialAction\":[{\"@type\":\"CommentAction\",\"name\":\"Comment\",\"target\":[\"https:\\\/\\\/patagoniambiental.com.ar\\\/info\\\/cooperativa-jovenes-bariloche\\\/#respond\"]}]},{\"@type\":\"WebPage\",\"@id\":\"https:\\\/\\\/patagoniambiental.com.ar\\\/info\\\/cooperativa-jovenes-bariloche\\\/\",\"url\":\"https:\\\/\\\/patagoniambiental.com.ar\\\/info\\\/cooperativa-jovenes-bariloche\\\/\",\"name\":\"Cooperativa J\u00f3venes por Bariloche: pioneros en Econom\u00eda Circular y Reciclaje que transforman la Patagonia desde el territorio \ud83c\udf0d La historia de la Cooperativa J\u00f3venes por Bariloche comienza en 2019, en medio de una crisis ambiental global marcada por los incendios del Amazonas\",\"isPartOf\":{\"@id\":\"https:\\\/\\\/patagoniambiental.com.ar\\\/info\\\/#website\"},\"primaryImageOfPage\":{\"@id\":\"https:\\\/\\\/patagoniambiental.com.ar\\\/info\\\/cooperativa-jovenes-bariloche\\\/#primaryimage\"},\"image\":{\"@id\":\"https:\\\/\\\/patagoniambiental.com.ar\\\/info\\\/cooperativa-jovenes-bariloche\\\/#primaryimage\"},\"thumbnailUrl\":\"https:\\\/\\\/patagoniambiental.com.ar\\\/info\\\/wp-content\\\/uploads\\\/2025\\\/10\\\/grupo-limpieza.jpg\",\"datePublished\":\"2025-10-09T12:32:47+00:00\",\"dateModified\":\"2025-10-09T12:32:49+00:00\",\"description\":\"La historia de la Cooperativa J\u00f3venes por Bariloche comienza en 2019, en medio de una crisis ambiental global marcada por los incendios del Amazonas. Aquella cat\u00e1strofe fue la chispa que encendi\u00f3 la conciencia de tres j\u00f3venes barilochenses decididos a actuar frente a la degradaci\u00f3n de los ecosistemas.\",\"breadcrumb\":{\"@id\":\"https:\\\/\\\/patagoniambiental.com.ar\\\/info\\\/cooperativa-jovenes-bariloche\\\/#breadcrumb\"},\"inLanguage\":\"es\",\"potentialAction\":[{\"@type\":\"ReadAction\",\"target\":[\"https:\\\/\\\/patagoniambiental.com.ar\\\/info\\\/cooperativa-jovenes-bariloche\\\/\"]}]},{\"@type\":\"ImageObject\",\"inLanguage\":\"es\",\"@id\":\"https:\\\/\\\/patagoniambiental.com.ar\\\/info\\\/cooperativa-jovenes-bariloche\\\/#primaryimage\",\"url\":\"https:\\\/\\\/patagoniambiental.com.ar\\\/info\\\/wp-content\\\/uploads\\\/2025\\\/10\\\/grupo-limpieza.jpg\",\"contentUrl\":\"https:\\\/\\\/patagoniambiental.com.ar\\\/info\\\/wp-content\\\/uploads\\\/2025\\\/10\\\/grupo-limpieza.jpg\",\"width\":800,\"height\":599,\"caption\":\"Cr\u00e9dito: Cooperativa J\u00f3venes por Bariloche\"},{\"@type\":\"BreadcrumbList\",\"@id\":\"https:\\\/\\\/patagoniambiental.com.ar\\\/info\\\/cooperativa-jovenes-bariloche\\\/#breadcrumb\",\"itemListElement\":[{\"@type\":\"ListItem\",\"position\":1,\"name\":\"Inicio\",\"item\":\"https:\\\/\\\/patagoniambiental.com.ar\\\/info\\\/\"},{\"@type\":\"ListItem\",\"position\":2,\"name\":\"Cooperativa J\u00f3venes por Bariloche: pioneros en Econom\u00eda Circular y Reciclaje que transforman la Patagonia desde el territorio \ud83c\udf0d\"}]},{\"@type\":\"WebSite\",\"@id\":\"https:\\\/\\\/patagoniambiental.com.ar\\\/info\\\/#website\",\"url\":\"https:\\\/\\\/patagoniambiental.com.ar\\\/info\\\/\",\"name\":\"Patagonia Ambiental\",\"description\":\"Monitoreo y an\u00e1lisis de la situaci\u00f3n geopol\u00edtica en el mundo y su implicancia en la Patagonia\",\"publisher\":{\"@id\":\"https:\\\/\\\/patagoniambiental.com.ar\\\/info\\\/#organization\"},\"potentialAction\":[{\"@type\":\"SearchAction\",\"target\":{\"@type\":\"EntryPoint\",\"urlTemplate\":\"https:\\\/\\\/patagoniambiental.com.ar\\\/info\\\/?s={search_term_string}\"},\"query-input\":{\"@type\":\"PropertyValueSpecification\",\"valueRequired\":true,\"valueName\":\"search_term_string\"}}],\"inLanguage\":\"es\"},{\"@type\":\"Organization\",\"@id\":\"https:\\\/\\\/patagoniambiental.com.ar\\\/info\\\/#organization\",\"name\":\"Patagonia Ambiental\",\"url\":\"https:\\\/\\\/patagoniambiental.com.ar\\\/info\\\/\",\"logo\":{\"@type\":\"ImageObject\",\"inLanguage\":\"es\",\"@id\":\"https:\\\/\\\/patagoniambiental.com.ar\\\/info\\\/#\\\/schema\\\/logo\\\/image\\\/\",\"url\":\"https:\\\/\\\/patagoniambiental.com.ar\\\/info\\\/wp-content\\\/uploads\\\/2025\\\/05\\\/LOGO-PATAGONIA-AMBIENTAL.png\",\"contentUrl\":\"https:\\\/\\\/patagoniambiental.com.ar\\\/info\\\/wp-content\\\/uploads\\\/2025\\\/05\\\/LOGO-PATAGONIA-AMBIENTAL.png\",\"width\":433,\"height\":250,\"caption\":\"Patagonia Ambiental\"},\"image\":{\"@id\":\"https:\\\/\\\/patagoniambiental.com.ar\\\/info\\\/#\\\/schema\\\/logo\\\/image\\\/\"},\"sameAs\":[\"https:\\\/\\\/www.facebook.com\\\/patagonia.ambiental\",\"https:\\\/\\\/x.com\\\/PatAmb\"]},{\"@type\":\"Person\",\"@id\":\"https:\\\/\\\/patagoniambiental.com.ar\\\/info\\\/#\\\/schema\\\/person\\\/db12bff64bbcbf6a253710bf0ea37b5d\",\"name\":\"Patagonia Ambiental\",\"description\":\"Andr\u00e9s Nievas T\u00e9cnico en manejo ambiental, consultor Ambiental y escritor para medios locales e internacionales sobre temas de geopolitica y medio ambiente.\",\"sameAs\":[\"http:\\\/\\\/www.patagoniambiental.com.ar\",\"https:\\\/\\\/www.facebook.com\\\/share\\\/1C1V8Gv9BX\\\/?mibextid=qi2Omg\",\"@patagoniambiental\",\"https:\\\/\\\/youtube.com\\\/@patagoniaambiental2023?si=BLt58t0wuXquxlYZ\"]}]}<\/script>\n<!-- \/ Yoast SEO Premium plugin. -->","yoast_head_json":{"title":"Cooperativa J\u00f3venes por Bariloche: pioneros en Econom\u00eda Circular y Reciclaje que transforman la Patagonia desde el territorio \ud83c\udf0d La historia de la Cooperativa J\u00f3venes por Bariloche comienza en 2019, en medio de una crisis ambiental global marcada por los incendios del Amazonas","description":"La historia de la Cooperativa J\u00f3venes por Bariloche comienza en 2019, en medio de una crisis ambiental global marcada por los incendios del Amazonas. Aquella cat\u00e1strofe fue la chispa que encendi\u00f3 la conciencia de tres j\u00f3venes barilochenses decididos a actuar frente a la degradaci\u00f3n de los ecosistemas.","robots":{"index":"index","follow":"follow","max-snippet":"max-snippet:-1","max-image-preview":"max-image-preview:large","max-video-preview":"max-video-preview:-1"},"canonical":"https:\/\/patagoniambiental.com.ar\/info\/cooperativa-jovenes-bariloche\/","og_locale":"es_ES","og_type":"article","og_title":"Cooperativa J\u00f3venes por Bariloche: pioneros en Econom\u00eda Circular y Reciclaje que transforman la Patagonia desde el territorio \ud83c\udf0d","og_description":"La historia de la Cooperativa J\u00f3venes por Bariloche comienza en 2019, en medio de una crisis ambiental global marcada por los incendios del Amazonas. Aquella cat\u00e1strofe fue la chispa que encendi\u00f3 la conciencia de tres j\u00f3venes barilochenses decididos a actuar frente a la degradaci\u00f3n de los ecosistemas.","og_url":"https:\/\/patagoniambiental.com.ar\/info\/cooperativa-jovenes-bariloche\/","og_site_name":"Patagonia Ambiental","article_publisher":"https:\/\/www.facebook.com\/patagonia.ambiental","article_author":"https:\/\/www.facebook.com\/share\/1C1V8Gv9BX\/?mibextid=qi2Omg","article_published_time":"2025-10-09T12:32:47+00:00","article_modified_time":"2025-10-09T12:32:49+00:00","og_image":[{"width":800,"height":599,"url":"https:\/\/patagoniambiental.com.ar\/info\/wp-content\/uploads\/2025\/10\/grupo-limpieza.jpg","type":"image\/jpeg"}],"author":"Patagonia Ambiental","twitter_card":"summary_large_image","twitter_creator":"@PatAmb","twitter_site":"@PatAmb","schema":{"@context":"https:\/\/schema.org","@graph":[{"@type":"Article","@id":"https:\/\/patagoniambiental.com.ar\/info\/cooperativa-jovenes-bariloche\/#article","isPartOf":{"@id":"https:\/\/patagoniambiental.com.ar\/info\/cooperativa-jovenes-bariloche\/"},"author":{"name":"Patagonia Ambiental","@id":"https:\/\/patagoniambiental.com.ar\/info\/#\/schema\/person\/db12bff64bbcbf6a253710bf0ea37b5d"},"headline":"Cooperativa J\u00f3venes por Bariloche: pioneros en Econom\u00eda Circular y Reciclaje que transforman la Patagonia desde el territorio \ud83c\udf0d","datePublished":"2025-10-09T12:32:47+00:00","dateModified":"2025-10-09T12:32:49+00:00","mainEntityOfPage":{"@id":"https:\/\/patagoniambiental.com.ar\/info\/cooperativa-jovenes-bariloche\/"},"wordCount":1503,"commentCount":0,"publisher":{"@id":"https:\/\/patagoniambiental.com.ar\/info\/#organization"},"image":{"@id":"https:\/\/patagoniambiental.com.ar\/info\/cooperativa-jovenes-bariloche\/#primaryimage"},"thumbnailUrl":"https:\/\/patagoniambiental.com.ar\/info\/wp-content\/uploads\/2025\/10\/grupo-limpieza.jpg","articleSection":["Econom\u00eda Circular","Noticias"],"inLanguage":"es","potentialAction":[{"@type":"CommentAction","name":"Comment","target":["https:\/\/patagoniambiental.com.ar\/info\/cooperativa-jovenes-bariloche\/#respond"]}]},{"@type":"WebPage","@id":"https:\/\/patagoniambiental.com.ar\/info\/cooperativa-jovenes-bariloche\/","url":"https:\/\/patagoniambiental.com.ar\/info\/cooperativa-jovenes-bariloche\/","name":"Cooperativa J\u00f3venes por Bariloche: pioneros en Econom\u00eda Circular y Reciclaje que transforman la Patagonia desde el territorio \ud83c\udf0d La historia de la Cooperativa J\u00f3venes por Bariloche comienza en 2019, en medio de una crisis ambiental global marcada por los incendios del Amazonas","isPartOf":{"@id":"https:\/\/patagoniambiental.com.ar\/info\/#website"},"primaryImageOfPage":{"@id":"https:\/\/patagoniambiental.com.ar\/info\/cooperativa-jovenes-bariloche\/#primaryimage"},"image":{"@id":"https:\/\/patagoniambiental.com.ar\/info\/cooperativa-jovenes-bariloche\/#primaryimage"},"thumbnailUrl":"https:\/\/patagoniambiental.com.ar\/info\/wp-content\/uploads\/2025\/10\/grupo-limpieza.jpg","datePublished":"2025-10-09T12:32:47+00:00","dateModified":"2025-10-09T12:32:49+00:00","description":"La historia de la Cooperativa J\u00f3venes por Bariloche comienza en 2019, en medio de una crisis ambiental global marcada por los incendios del Amazonas. Aquella cat\u00e1strofe fue la chispa que encendi\u00f3 la conciencia de tres j\u00f3venes barilochenses decididos a actuar frente a la degradaci\u00f3n de los ecosistemas.","breadcrumb":{"@id":"https:\/\/patagoniambiental.com.ar\/info\/cooperativa-jovenes-bariloche\/#breadcrumb"},"inLanguage":"es","potentialAction":[{"@type":"ReadAction","target":["https:\/\/patagoniambiental.com.ar\/info\/cooperativa-jovenes-bariloche\/"]}]},{"@type":"ImageObject","inLanguage":"es","@id":"https:\/\/patagoniambiental.com.ar\/info\/cooperativa-jovenes-bariloche\/#primaryimage","url":"https:\/\/patagoniambiental.com.ar\/info\/wp-content\/uploads\/2025\/10\/grupo-limpieza.jpg","contentUrl":"https:\/\/patagoniambiental.com.ar\/info\/wp-content\/uploads\/2025\/10\/grupo-limpieza.jpg","width":800,"height":599,"caption":"Cr\u00e9dito: Cooperativa J\u00f3venes por Bariloche"},{"@type":"BreadcrumbList","@id":"https:\/\/patagoniambiental.com.ar\/info\/cooperativa-jovenes-bariloche\/#breadcrumb","itemListElement":[{"@type":"ListItem","position":1,"name":"Inicio","item":"https:\/\/patagoniambiental.com.ar\/info\/"},{"@type":"ListItem","position":2,"name":"Cooperativa J\u00f3venes por Bariloche: pioneros en Econom\u00eda Circular y Reciclaje que transforman la Patagonia desde el territorio \ud83c\udf0d"}]},{"@type":"WebSite","@id":"https:\/\/patagoniambiental.com.ar\/info\/#website","url":"https:\/\/patagoniambiental.com.ar\/info\/","name":"Patagonia Ambiental","description":"Monitoreo y an\u00e1lisis de la situaci\u00f3n geopol\u00edtica en el mundo y su implicancia en la Patagonia","publisher":{"@id":"https:\/\/patagoniambiental.com.ar\/info\/#organization"},"potentialAction":[{"@type":"SearchAction","target":{"@type":"EntryPoint","urlTemplate":"https:\/\/patagoniambiental.com.ar\/info\/?s={search_term_string}"},"query-input":{"@type":"PropertyValueSpecification","valueRequired":true,"valueName":"search_term_string"}}],"inLanguage":"es"},{"@type":"Organization","@id":"https:\/\/patagoniambiental.com.ar\/info\/#organization","name":"Patagonia Ambiental","url":"https:\/\/patagoniambiental.com.ar\/info\/","logo":{"@type":"ImageObject","inLanguage":"es","@id":"https:\/\/patagoniambiental.com.ar\/info\/#\/schema\/logo\/image\/","url":"https:\/\/patagoniambiental.com.ar\/info\/wp-content\/uploads\/2025\/05\/LOGO-PATAGONIA-AMBIENTAL.png","contentUrl":"https:\/\/patagoniambiental.com.ar\/info\/wp-content\/uploads\/2025\/05\/LOGO-PATAGONIA-AMBIENTAL.png","width":433,"height":250,"caption":"Patagonia Ambiental"},"image":{"@id":"https:\/\/patagoniambiental.com.ar\/info\/#\/schema\/logo\/image\/"},"sameAs":["https:\/\/www.facebook.com\/patagonia.ambiental","https:\/\/x.com\/PatAmb"]},{"@type":"Person","@id":"https:\/\/patagoniambiental.com.ar\/info\/#\/schema\/person\/db12bff64bbcbf6a253710bf0ea37b5d","name":"Patagonia Ambiental","description":"Andr\u00e9s Nievas T\u00e9cnico en manejo ambiental, consultor Ambiental y escritor para medios locales e internacionales sobre temas de geopolitica y medio ambiente.","sameAs":["http:\/\/www.patagoniambiental.com.ar","https:\/\/www.facebook.com\/share\/1C1V8Gv9BX\/?mibextid=qi2Omg","@patagoniambiental","https:\/\/youtube.com\/@patagoniaambiental2023?si=BLt58t0wuXquxlYZ"]}]}},"_links":{"self":[{"href":"https:\/\/patagoniambiental.com.ar\/info\/wp-json\/wp\/v2\/posts\/99464","targetHints":{"allow":["GET"]}}],"collection":[{"href":"https:\/\/patagoniambiental.com.ar\/info\/wp-json\/wp\/v2\/posts"}],"about":[{"href":"https:\/\/patagoniambiental.com.ar\/info\/wp-json\/wp\/v2\/types\/post"}],"author":[{"embeddable":true,"href":"https:\/\/patagoniambiental.com.ar\/info\/wp-json\/wp\/v2\/users\/2"}],"replies":[{"embeddable":true,"href":"https:\/\/patagoniambiental.com.ar\/info\/wp-json\/wp\/v2\/comments?post=99464"}],"version-history":[{"count":1,"href":"https:\/\/patagoniambiental.com.ar\/info\/wp-json\/wp\/v2\/posts\/99464\/revisions"}],"predecessor-version":[{"id":99466,"href":"https:\/\/patagoniambiental.com.ar\/info\/wp-json\/wp\/v2\/posts\/99464\/revisions\/99466"}],"wp:featuredmedia":[{"embeddable":true,"href":"https:\/\/patagoniambiental.com.ar\/info\/wp-json\/wp\/v2\/media\/99465"}],"wp:attachment":[{"href":"https:\/\/patagoniambiental.com.ar\/info\/wp-json\/wp\/v2\/media?parent=99464"}],"wp:term":[{"taxonomy":"category","embeddable":true,"href":"https:\/\/patagoniambiental.com.ar\/info\/wp-json\/wp\/v2\/categories?post=99464"},{"taxonomy":"post_tag","embeddable":true,"href":"https:\/\/patagoniambiental.com.ar\/info\/wp-json\/wp\/v2\/tags?post=99464"}],"curies":[{"name":"wp","href":"https:\/\/api.w.org\/{rel}","templated":true}]}}