{"id":99566,"date":"2025-10-15T11:37:47","date_gmt":"2025-10-15T14:37:47","guid":{"rendered":"https:\/\/patagoniambiental.com.ar\/info\/?p=99566"},"modified":"2025-10-15T11:37:48","modified_gmt":"2025-10-15T14:37:48","slug":"campana-raees-picun-leufu","status":"publish","type":"post","link":"https:\/\/patagoniambiental.com.ar\/info\/campana-raees-picun-leufu\/","title":{"rendered":"Pic\u00fan Leuf\u00fa impulsa una gran campa\u00f1a de recolecci\u00f3n de residuos electr\u00f3nicos y de l\u00ednea blanca para cuidar el ambiente"},"content":{"rendered":"\n<!--more-->\n\n\n\n<p><strong>Una acci\u00f3n comunitaria por un futuro m\u00e1s limpio y sostenible en Neuqu\u00e9n<\/strong><\/p>\n\n\n\n<p>Picun Leufu, Neuqu\u00e9n, 15 de octubre de 2025. La <strong>Municipalidad de Pic\u00fan Leuf\u00fa<\/strong>, a trav\u00e9s de su <strong>Direcci\u00f3n de Ambiente<\/strong>, lanz\u00f3 una nueva edici\u00f3n de la <strong>Campa\u00f1a de Recolecci\u00f3n de RAEEs y L\u00ednea Blanca<\/strong>, una iniciativa que busca reducir el impacto ambiental de los <strong>residuos el\u00e9ctricos y electr\u00f3nicos<\/strong> mediante su correcta gesti\u00f3n, reciclaje y disposici\u00f3n final.<br>El pr\u00f3ximo <strong>jueves 30 de octubre<\/strong>, el municipio llevar\u00e1 adelante una jornada de recolecci\u00f3n puerta a puerta, con el objetivo de <strong>retirar los aparatos el\u00e9ctricos y electr\u00f3nicos en desuso<\/strong> de los hogares de las y los vecinos que se inscriban previamente.<\/p>\n\n\n\n<p>La propuesta se enmarca en una pol\u00edtica p\u00fablica local que promueve la <strong>econom\u00eda circular<\/strong>, el <strong>consumo responsable<\/strong> y el <strong>cuidado del ambiente<\/strong>, alineada con los objetivos de desarrollo sostenible (ODS) de la <strong>Agenda 2030 de Naciones Unidas<\/strong>.<\/p>\n\n\n\n<p><strong>\u00bfQu\u00e9 son los RAEEs y por qu\u00e9 es importante gestionarlos correctamente?<\/strong><\/p>\n\n\n\n<p>Los <strong>RAEEs (Residuos de Aparatos El\u00e9ctricos y Electr\u00f3nicos)<\/strong> son todos aquellos dispositivos que, una vez fuera de uso, contienen materiales potencialmente peligrosos para el ambiente y la salud humana si no se tratan adecuadamente. Entre ellos se incluyen <strong>computadoras, televisores, radios, cocinas, heladeras, termotanques, calefactores, aspiradoras, cafeteras, taladros y m\u00e1quinas de coser<\/strong>, entre otros electrodom\u00e9sticos.<\/p>\n\n\n\n<p>Cuando estos objetos se desechan junto con los residuos domiciliarios comunes, sus componentes \u2014como <strong>plomo, mercurio, cadmio o cromo hexavalente<\/strong>\u2014 pueden filtrarse al suelo o al agua, provocando <strong>contaminaci\u00f3n de napas fre\u00e1ticas<\/strong> y afectando la biodiversidad. En cambio, al ser recuperados de forma separada, pueden aprovecharse sus <strong>metales, pl\u00e1sticos y componentes electr\u00f3nicos<\/strong>, contribuyendo al reciclaje industrial y a la reducci\u00f3n de la huella de carbono.<\/p>\n\n\n\n<p><strong>Pic\u00fan Leuf\u00fa, un ejemplo de gesti\u00f3n ambiental en la Patagonia<\/strong><\/p>\n\n\n\n<p>Ubicado en el coraz\u00f3n de la provincia de <strong>Neuqu\u00e9n<\/strong>, el municipio de <strong>Pic\u00fan Leuf\u00fa<\/strong> viene desarrollando desde hace a\u00f1os pol\u00edticas activas para mejorar la gesti\u00f3n integral de los residuos. A trav\u00e9s de la <strong>Planta de Reciclaje Municipal<\/strong>, se fomenta la <strong>separaci\u00f3n en origen<\/strong>, la <strong>clasificaci\u00f3n de materiales reciclables<\/strong> y la <strong>educaci\u00f3n ambiental comunitaria<\/strong>.<\/p>\n\n\n\n<p>En ese marco, la nueva campa\u00f1a de recolecci\u00f3n de RAEEs y L\u00ednea Blanca representa un paso m\u00e1s en el fortalecimiento del <strong>compromiso local con el ambiente<\/strong>. La propuesta, que combina log\u00edstica municipal, sensibilizaci\u00f3n ciudadana y articulaci\u00f3n interinstitucional, busca dar respuesta a una problem\u00e1tica global: la acumulaci\u00f3n creciente de <strong>basura electr\u00f3nica<\/strong>, considerada uno de los desechos de m\u00e1s r\u00e1pido aumento en el mundo.<\/p>\n\n\n\n<p>Seg\u00fan la ONU, cada persona genera en promedio m\u00e1s de <strong>7 kilos de residuos electr\u00f3nicos por a\u00f1o<\/strong>, y menos del 20% se recicla correctamente. En Argentina, distintas localidades \u2014entre ellas <strong>Pic\u00fan Leuf\u00fa, Neuqu\u00e9n Capital, Zapala y Plottier<\/strong>\u2014 han comenzado a implementar <strong>campa\u00f1as de recolecci\u00f3n diferenciada<\/strong>, con resultados positivos tanto en t\u00e9rminos ambientales como educativos.<\/p>\n\n\n\n<p><strong>C\u00f3mo participar de la campa\u00f1a en Pic\u00fan Leuf\u00fa<\/strong><\/p>\n\n\n\n<p>La Municipalidad inform\u00f3 que el <strong>cami\u00f3n recolector<\/strong> pasar\u00e1 el <strong>jueves 30 de octubre<\/strong> por los domicilios de las personas <strong>que se hayan anotado previamente<\/strong>. La inscripci\u00f3n puede realizarse de dos formas:<\/p>\n\n\n\n<p>\ud83d\udccd <strong>Presencialmente<\/strong>, en la <strong>Planta de Reciclaje Municipal<\/strong>, en el horario de <strong>07:00 a 14:00 hs.<\/strong><br>\ud83d\udcf1 <strong>Por WhatsApp<\/strong>, enviando un mensaje a los n\u00fameros:<br>\u260e\ufe0f <strong>299-5708109<\/strong><br>\u260e\ufe0f <strong>299-5871992<\/strong><\/p>\n\n\n\n<p>Una vez anotadas, las y los vecinos deber\u00e1n <strong>dejar los aparatos fuera de uso en la vereda<\/strong> el d\u00eda indicado, en un lugar accesible para el personal municipal.<\/p>\n\n\n\n<p><strong>Qu\u00e9 residuos se recibir\u00e1n durante la jornada<\/strong><\/p>\n\n\n\n<p>La campa\u00f1a est\u00e1 dirigida a la <strong>recolecci\u00f3n de residuos el\u00e9ctricos y electr\u00f3nicos de tipo domiciliario y de l\u00ednea blanca<\/strong>, tales como:<\/p>\n\n\n\n<p>\u2705 Aspiradoras<br>\u2705 Cafeteras<br>\u2705 Computadoras y accesorios inform\u00e1ticos<br>\u2705 Radios y equipos de audio<br>\u2705 Televisores<br>\u2705 Termotanques<br>\u2705 Cocinas y hornos el\u00e9ctricos<br>\u2705 Taladros y herramientas el\u00e9ctricas<br>\u2705 M\u00e1quinas de coser<br>\u2705 Heladeras<br>\u2705 Estetoscopios y term\u00f3metros el\u00e9ctricos<br>\u2705 Calefactores<\/p>\n\n\n\n<p>Esta amplia lista incluye tanto electrodom\u00e9sticos de gran tama\u00f1o como peque\u00f1os aparatos el\u00e9ctricos, todos susceptibles de <strong>reciclaje o valorizaci\u00f3n material<\/strong> en la planta de tratamiento.<\/p>\n\n\n\n<p><strong>El destino final de los residuos: reciclaje y valorizaci\u00f3n<\/strong><\/p>\n\n\n\n<p>Una vez recolectados, los RAEEs son <strong>clasificados y desmontados<\/strong> en la Planta de Reciclaje Municipal de Pic\u00fan Leuf\u00fa. All\u00ed se separan los materiales reutilizables \u2014metales, pl\u00e1sticos, vidrios y componentes electr\u00f3nicos\u2014 para su <strong>recuperaci\u00f3n y reinserci\u00f3n en circuitos productivos<\/strong>.<\/p>\n\n\n\n<p>El resto, que no puede ser reciclado localmente, se env\u00eda a <strong>centros de disposici\u00f3n final autorizados<\/strong> de la provincia, cumpliendo con la normativa ambiental vigente. Este circuito controlado garantiza que <strong>ning\u00fan residuo peligroso llegue a los basurales o r\u00edos<\/strong>, y que los materiales recuperables generen <strong>empleo verde y valor agregado local<\/strong>.<\/p>\n\n\n\n<p>La iniciativa se enmarca en la <strong>Ley Nacional N.\u00ba 24.051 de Residuos Peligrosos<\/strong> y las regulaciones provinciales sobre gesti\u00f3n de residuos especiales, impulsando un modelo de <strong>econom\u00eda circular<\/strong> basado en la <strong>reducci\u00f3n, reutilizaci\u00f3n y reciclaje<\/strong>.<\/p>\n\n\n\n<p><strong>Educaci\u00f3n ambiental y participaci\u00f3n ciudadana<\/strong><\/p>\n\n\n\n<p>Adem\u00e1s de su objetivo operativo, la campa\u00f1a busca <strong>concientizar a la comunidad sobre la importancia del reciclaje electr\u00f3nico<\/strong>. La Direcci\u00f3n de Ambiente de Pic\u00fan Leuf\u00fa promueve, durante todo el a\u00f1o, <strong>actividades educativas en escuelas y espacios p\u00fablicos<\/strong>, donde se abordan temas como la separaci\u00f3n en origen, el consumo responsable y el impacto de los residuos tecnol\u00f3gicos.<\/p>\n\n\n\n<p>\u201cCada computadora o electrodom\u00e9stico que se recupera es un paso hacia una comunidad m\u00e1s sustentable. La clave est\u00e1 en la participaci\u00f3n de los vecinos y vecinas, que cada a\u00f1o se suman con entusiasmo a estas acciones\u201d, destacaron desde el \u00e1rea municipal.<\/p>\n\n\n\n<p><strong>Impacto ambiental y social de la campa\u00f1a<\/strong><\/p>\n\n\n\n<p>La correcta gesti\u00f3n de los RAEEs no s\u00f3lo evita la contaminaci\u00f3n del suelo, del agua y del aire, sino que tambi\u00e9n <strong>genera oportunidades laborales y sociales<\/strong>. El reciclaje electr\u00f3nico permite <strong>crear puestos de trabajo verdes<\/strong>, fortalecer <strong>emprendimientos locales<\/strong> y <strong>fomentar la innovaci\u00f3n tecnol\u00f3gica<\/strong>.<\/p>\n\n\n\n<p>En el caso de Pic\u00fan Leuf\u00fa, los materiales recuperados alimentan proyectos educativos, talleres comunitarios y programas de reutilizaci\u00f3n. El municipio trabaja con instituciones locales para <strong>dar una segunda vida \u00fatil a ciertos componentes electr\u00f3nicos<\/strong>, reduciendo la presi\u00f3n sobre los recursos naturales.<\/p>\n\n\n\n<p>Adem\u00e1s, al retirar estos residuos de los hogares, se <strong>mejora la seguridad dom\u00e9stica<\/strong>, ya que muchos aparatos contienen <strong>bater\u00edas, gases o compuestos inflamables<\/strong> que pueden resultar peligrosos si se almacenan por largo tiempo.<\/p>\n\n\n\n<p><strong>Un modelo replicable para otras localidades neuquinas<\/strong><\/p>\n\n\n\n<p>La experiencia de Pic\u00fan Leuf\u00fa se consolida como <strong>un modelo de gesti\u00f3n replicable en la regi\u00f3n<\/strong>. A trav\u00e9s de la cooperaci\u00f3n intermunicipal, otras localidades del interior neuquino han comenzado a <strong>intercambiar experiencias, materiales educativos y estrategias log\u00edsticas<\/strong> para implementar programas similares.<\/p>\n\n\n\n<p>Esta red de colaboraci\u00f3n ambiental promueve un <strong>enfoque regional del manejo de los residuos electr\u00f3nicos<\/strong>, que podr\u00eda traducirse en <strong>menores costos, mayor eficiencia y m\u00e1s conciencia ciudadana<\/strong>.<\/p>\n\n\n\n<p>En el mediano plazo, se espera que estas pol\u00edticas se integren en un <strong>plan provincial de gesti\u00f3n de RAEEs<\/strong>, articulado entre municipios, el Ministerio de Ambiente y el sector privado, para fortalecer el reciclaje industrial y la trazabilidad ambiental.<\/p>\n\n\n\n<p><strong>Compromiso municipal y pol\u00edticas de largo plazo<\/strong><\/p>\n\n\n\n<p>La <strong>Municipalidad de Pic\u00fan Leuf\u00fa<\/strong> ha asumido un compromiso sostenido con la <strong>gesti\u00f3n ambiental integral<\/strong>, que incluye no s\u00f3lo la recolecci\u00f3n diferenciada de residuos electr\u00f3nicos, sino tambi\u00e9n la promoci\u00f3n de <strong>energ\u00edas limpias<\/strong>, la <strong>reforestaci\u00f3n urbana<\/strong> y el <strong>uso eficiente de los recursos naturales<\/strong>.<\/p>\n\n\n\n<p>En este sentido, las autoridades locales remarcaron que \u201cel cuidado ambiental no se limita a campa\u00f1as puntuales, sino que forma parte de una visi\u00f3n estrat\u00e9gica para mejorar la calidad de vida de toda la comunidad\u201d.<\/p>\n\n\n\n<p><strong>Educaci\u00f3n, comunidad y futuro sostenible<\/strong><\/p>\n\n\n\n<p>El \u00e9xito de la campa\u00f1a de RAEEs en Pic\u00fan Leuf\u00fa radica en la <strong>participaci\u00f3n activa de la ciudadan\u00eda<\/strong>. Desde su lanzamiento, cientos de familias se sumaron al programa, demostrando que el compromiso ambiental crece cuando hay <strong>informaci\u00f3n clara, accesibilidad y acompa\u00f1amiento institucional<\/strong>.<\/p>\n\n\n\n<p>Cada jornada de recolecci\u00f3n se transforma en un espacio de aprendizaje colectivo, donde los vecinos intercambian experiencias sobre <strong>reciclaje, compostaje y reducci\u00f3n de residuos<\/strong>, generando un <strong>efecto multiplicador<\/strong> que trasciende el evento puntual.<\/p>\n\n\n\n<p><br><strong>Una comunidad que transforma su futuro<\/strong><\/p>\n\n\n\n<p>La <strong>Campa\u00f1a de Recolecci\u00f3n de RAEEs y L\u00ednea Blanca<\/strong> en Pic\u00fan Leuf\u00fa no s\u00f3lo representa una acci\u00f3n ambiental concreta, sino tambi\u00e9n un <strong>s\u00edmbolo de participaci\u00f3n ciudadana y compromiso colectivo<\/strong>. Cada aparato recuperado y cada vecino que se suma son parte de un mismo objetivo: <strong>construir un municipio m\u00e1s limpio, consciente y sostenible<\/strong>.<\/p>\n\n\n\n<p>El jueves 30 de octubre, Pic\u00fan Leuf\u00fa volver\u00e1 a demostrar que <strong>el cambio empieza en casa<\/strong>, y que el cuidado del ambiente es una tarea de todos. \ud83d\udc9a<\/p>\n\n\n\n<p><strong>\ud83c\udf0e \u00a1Sumate, s\u00e9 parte y separ\u00e1!<\/strong><\/p>\n\n\n\n<p><strong>Municipalidad de Pic\u00fan Leuf\u00fa \u2013 Direcci\u00f3n de Ambiente<\/strong><br>\ud83d\udcc5 <strong>Jueves 30 de octubre<\/strong><br>\ud83d\udd53 <strong>De 07:00 a 14:00 hs<\/strong><br>\ud83d\udcf2 WhatsApp: <strong>299-5708109 \/ 299-5871992<\/strong><br>\ud83d\udccd <strong>Planta de Reciclaje Municipal<\/strong><br>\u267b\ufe0f <em>Cuidemos nuestro ambiente entre todos.<\/em><br><\/p>\n","protected":false},"excerpt":{"rendered":"","protected":false},"author":2,"featured_media":99567,"comment_status":"open","ping_status":"open","sticky":false,"template":"","format":"standard","meta":{"site-sidebar-layout":"default","site-content-layout":"","ast-site-content-layout":"default","site-content-style":"default","site-sidebar-style":"default","ast-global-header-display":"","ast-banner-title-visibility":"","ast-main-header-display":"","ast-hfb-above-header-display":"","ast-hfb-below-header-display":"","ast-hfb-mobile-header-display":"","site-post-title":"","ast-breadcrumbs-content":"","ast-featured-img":"","footer-sml-layout":"","ast-disable-related-posts":"","theme-transparent-header-meta":"","adv-header-id-meta":"","stick-header-meta":"","header-above-stick-meta":"","header-main-stick-meta":"","header-below-stick-meta":"","astra-migrate-meta-layouts":"default","ast-page-background-enabled":"default","ast-page-background-meta":{"desktop":{"background-color":"var(--ast-global-color-5)","background-image":"","background-repeat":"repeat","background-position":"center center","background-size":"auto","background-attachment":"scroll","background-type":"","background-media":"","overlay-type":"","overlay-color":"","overlay-opacity":"","overlay-gradient":""},"tablet":{"background-color":"","background-image":"","background-repeat":"repeat","background-position":"center center","background-size":"auto","background-attachment":"scroll","background-type":"","background-media":"","overlay-type":"","overlay-color":"","overlay-opacity":"","overlay-gradient":""},"mobile":{"background-color":"","background-image":"","background-repeat":"repeat","background-position":"center center","background-size":"auto","background-attachment":"scroll","background-type":"","background-media":"","overlay-type":"","overlay-color":"","overlay-opacity":"","overlay-gradient":""}},"ast-content-background-meta":{"desktop":{"background-color":"var(--ast-global-color-4)","background-image":"","background-repeat":"repeat","background-position":"center center","background-size":"auto","background-attachment":"scroll","background-type":"","background-media":"","overlay-type":"","overlay-color":"","overlay-opacity":"","overlay-gradient":""},"tablet":{"background-color":"var(--ast-global-color-4)","background-image":"","background-repeat":"repeat","background-position":"center center","background-size":"auto","background-attachment":"scroll","background-type":"","background-media":"","overlay-type":"","overlay-color":"","overlay-opacity":"","overlay-gradient":""},"mobile":{"background-color":"var(--ast-global-color-4)","background-image":"","background-repeat":"repeat","background-position":"center center","background-size":"auto","background-attachment":"scroll","background-type":"","background-media":"","overlay-type":"","overlay-color":"","overlay-opacity":"","overlay-gradient":""}},"footnotes":""},"categories":[12,3512],"tags":[],"class_list":["post-99566","post","type-post","status-publish","format-standard","has-post-thumbnail","hentry","category-agenda-ambiental","category-economia-circular"],"yoast_head":"<!-- This site is optimized with the Yoast SEO Premium plugin v23.0 (Yoast SEO v27.5) - https:\/\/yoast.com\/product\/yoast-seo-premium-wordpress\/ -->\n<title>Pic\u00fan Leuf\u00fa impulsa una gran campa\u00f1a de recolecci\u00f3n de residuos electr\u00f3nicos y de l\u00ednea blanca para cuidar el ambiente<\/title>\n<meta name=\"description\" content=\"La Municipalidad de Pic\u00fan Leuf\u00fa, a trav\u00e9s de su Direcci\u00f3n de Ambiente, lanz\u00f3 una nueva edici\u00f3n de la Campa\u00f1a de Recolecci\u00f3n de RAEEs y L\u00ednea Blanca, una iniciativa que busca reducir el impacto ambiental de los residuos el\u00e9ctricos y electr\u00f3nicos mediante su correcta gesti\u00f3n, reciclaje y disposici\u00f3n final.El pr\u00f3ximo jueves 30 de octubre, el municipio llevar\u00e1\" \/>\n<meta name=\"robots\" content=\"index, follow, max-snippet:-1, max-image-preview:large, max-video-preview:-1\" \/>\n<link rel=\"canonical\" href=\"https:\/\/patagoniambiental.com.ar\/info\/campana-raees-picun-leufu\/\" \/>\n<meta property=\"og:locale\" content=\"es_ES\" \/>\n<meta property=\"og:type\" content=\"article\" \/>\n<meta property=\"og:title\" content=\"Pic\u00fan Leuf\u00fa impulsa una gran campa\u00f1a de recolecci\u00f3n de residuos electr\u00f3nicos y de l\u00ednea blanca para cuidar el ambiente\" \/>\n<meta property=\"og:description\" content=\"La Municipalidad de Pic\u00fan Leuf\u00fa, a trav\u00e9s de su Direcci\u00f3n de Ambiente, lanz\u00f3 una nueva edici\u00f3n de la Campa\u00f1a de Recolecci\u00f3n de RAEEs y L\u00ednea Blanca, una iniciativa que busca reducir el impacto ambiental de los residuos el\u00e9ctricos y electr\u00f3nicos mediante su correcta gesti\u00f3n, reciclaje y disposici\u00f3n final.El pr\u00f3ximo jueves 30 de octubre, el municipio llevar\u00e1\" \/>\n<meta property=\"og:url\" content=\"https:\/\/patagoniambiental.com.ar\/info\/campana-raees-picun-leufu\/\" \/>\n<meta property=\"og:site_name\" content=\"Patagonia Ambiental\" \/>\n<meta property=\"article:publisher\" content=\"https:\/\/www.facebook.com\/patagonia.ambiental\" \/>\n<meta property=\"article:author\" content=\"https:\/\/www.facebook.com\/share\/1C1V8Gv9BX\/?mibextid=qi2Omg\" \/>\n<meta property=\"article:published_time\" content=\"2025-10-15T14:37:47+00:00\" \/>\n<meta property=\"article:modified_time\" content=\"2025-10-15T14:37:48+00:00\" \/>\n<meta property=\"og:image\" content=\"https:\/\/patagoniambiental.com.ar\/info\/wp-content\/uploads\/2025\/10\/FB_IMG_1760530859529.jpg\" \/>\n\t<meta property=\"og:image:width\" content=\"600\" \/>\n\t<meta property=\"og:image:height\" content=\"600\" \/>\n\t<meta property=\"og:image:type\" content=\"image\/jpeg\" \/>\n<meta name=\"author\" content=\"Patagonia Ambiental\" \/>\n<meta name=\"twitter:card\" content=\"summary_large_image\" \/>\n<meta name=\"twitter:creator\" content=\"@PatAmb\" \/>\n<meta name=\"twitter:site\" content=\"@PatAmb\" \/>\n<script type=\"application\/ld+json\" class=\"yoast-schema-graph\">{\"@context\":\"https:\\\/\\\/schema.org\",\"@graph\":[{\"@type\":\"Article\",\"@id\":\"https:\\\/\\\/patagoniambiental.com.ar\\\/info\\\/campana-raees-picun-leufu\\\/#article\",\"isPartOf\":{\"@id\":\"https:\\\/\\\/patagoniambiental.com.ar\\\/info\\\/campana-raees-picun-leufu\\\/\"},\"author\":{\"name\":\"Patagonia Ambiental\",\"@id\":\"https:\\\/\\\/patagoniambiental.com.ar\\\/info\\\/#\\\/schema\\\/person\\\/db12bff64bbcbf6a253710bf0ea37b5d\"},\"headline\":\"Pic\u00fan Leuf\u00fa impulsa una gran campa\u00f1a de recolecci\u00f3n de residuos electr\u00f3nicos y de l\u00ednea blanca para cuidar el ambiente\",\"datePublished\":\"2025-10-15T14:37:47+00:00\",\"dateModified\":\"2025-10-15T14:37:48+00:00\",\"mainEntityOfPage\":{\"@id\":\"https:\\\/\\\/patagoniambiental.com.ar\\\/info\\\/campana-raees-picun-leufu\\\/\"},\"wordCount\":1577,\"commentCount\":0,\"publisher\":{\"@id\":\"https:\\\/\\\/patagoniambiental.com.ar\\\/info\\\/#organization\"},\"image\":{\"@id\":\"https:\\\/\\\/patagoniambiental.com.ar\\\/info\\\/campana-raees-picun-leufu\\\/#primaryimage\"},\"thumbnailUrl\":\"https:\\\/\\\/patagoniambiental.com.ar\\\/info\\\/wp-content\\\/uploads\\\/2025\\\/10\\\/FB_IMG_1760530859529.jpg\",\"articleSection\":[\"Agenda Ambiental\",\"Econom\u00eda Circular\"],\"inLanguage\":\"es\",\"potentialAction\":[{\"@type\":\"CommentAction\",\"name\":\"Comment\",\"target\":[\"https:\\\/\\\/patagoniambiental.com.ar\\\/info\\\/campana-raees-picun-leufu\\\/#respond\"]}]},{\"@type\":\"WebPage\",\"@id\":\"https:\\\/\\\/patagoniambiental.com.ar\\\/info\\\/campana-raees-picun-leufu\\\/\",\"url\":\"https:\\\/\\\/patagoniambiental.com.ar\\\/info\\\/campana-raees-picun-leufu\\\/\",\"name\":\"Pic\u00fan Leuf\u00fa impulsa una gran campa\u00f1a de recolecci\u00f3n de residuos electr\u00f3nicos y de l\u00ednea blanca para cuidar el ambiente\",\"isPartOf\":{\"@id\":\"https:\\\/\\\/patagoniambiental.com.ar\\\/info\\\/#website\"},\"primaryImageOfPage\":{\"@id\":\"https:\\\/\\\/patagoniambiental.com.ar\\\/info\\\/campana-raees-picun-leufu\\\/#primaryimage\"},\"image\":{\"@id\":\"https:\\\/\\\/patagoniambiental.com.ar\\\/info\\\/campana-raees-picun-leufu\\\/#primaryimage\"},\"thumbnailUrl\":\"https:\\\/\\\/patagoniambiental.com.ar\\\/info\\\/wp-content\\\/uploads\\\/2025\\\/10\\\/FB_IMG_1760530859529.jpg\",\"datePublished\":\"2025-10-15T14:37:47+00:00\",\"dateModified\":\"2025-10-15T14:37:48+00:00\",\"description\":\"La Municipalidad de Pic\u00fan Leuf\u00fa, a trav\u00e9s de su Direcci\u00f3n de Ambiente, lanz\u00f3 una nueva edici\u00f3n de la Campa\u00f1a de Recolecci\u00f3n de RAEEs y L\u00ednea Blanca, una iniciativa que busca reducir el impacto ambiental de los residuos el\u00e9ctricos y electr\u00f3nicos mediante su correcta gesti\u00f3n, reciclaje y disposici\u00f3n final.El pr\u00f3ximo jueves 30 de octubre, el municipio llevar\u00e1\",\"breadcrumb\":{\"@id\":\"https:\\\/\\\/patagoniambiental.com.ar\\\/info\\\/campana-raees-picun-leufu\\\/#breadcrumb\"},\"inLanguage\":\"es\",\"potentialAction\":[{\"@type\":\"ReadAction\",\"target\":[\"https:\\\/\\\/patagoniambiental.com.ar\\\/info\\\/campana-raees-picun-leufu\\\/\"]}]},{\"@type\":\"ImageObject\",\"inLanguage\":\"es\",\"@id\":\"https:\\\/\\\/patagoniambiental.com.ar\\\/info\\\/campana-raees-picun-leufu\\\/#primaryimage\",\"url\":\"https:\\\/\\\/patagoniambiental.com.ar\\\/info\\\/wp-content\\\/uploads\\\/2025\\\/10\\\/FB_IMG_1760530859529.jpg\",\"contentUrl\":\"https:\\\/\\\/patagoniambiental.com.ar\\\/info\\\/wp-content\\\/uploads\\\/2025\\\/10\\\/FB_IMG_1760530859529.jpg\",\"width\":600,\"height\":600,\"caption\":\"Cr\u00e9dito: Municipalidad de Pic\u00fan Leufu\"},{\"@type\":\"BreadcrumbList\",\"@id\":\"https:\\\/\\\/patagoniambiental.com.ar\\\/info\\\/campana-raees-picun-leufu\\\/#breadcrumb\",\"itemListElement\":[{\"@type\":\"ListItem\",\"position\":1,\"name\":\"Inicio\",\"item\":\"https:\\\/\\\/patagoniambiental.com.ar\\\/info\\\/\"},{\"@type\":\"ListItem\",\"position\":2,\"name\":\"Pic\u00fan Leuf\u00fa impulsa una gran campa\u00f1a de recolecci\u00f3n de residuos electr\u00f3nicos y de l\u00ednea blanca para cuidar el ambiente\"}]},{\"@type\":\"WebSite\",\"@id\":\"https:\\\/\\\/patagoniambiental.com.ar\\\/info\\\/#website\",\"url\":\"https:\\\/\\\/patagoniambiental.com.ar\\\/info\\\/\",\"name\":\"Patagonia Ambiental\",\"description\":\"Monitoreo y an\u00e1lisis de la situaci\u00f3n geopol\u00edtica en el mundo y su implicancia en la Patagonia\",\"publisher\":{\"@id\":\"https:\\\/\\\/patagoniambiental.com.ar\\\/info\\\/#organization\"},\"potentialAction\":[{\"@type\":\"SearchAction\",\"target\":{\"@type\":\"EntryPoint\",\"urlTemplate\":\"https:\\\/\\\/patagoniambiental.com.ar\\\/info\\\/?s={search_term_string}\"},\"query-input\":{\"@type\":\"PropertyValueSpecification\",\"valueRequired\":true,\"valueName\":\"search_term_string\"}}],\"inLanguage\":\"es\"},{\"@type\":\"Organization\",\"@id\":\"https:\\\/\\\/patagoniambiental.com.ar\\\/info\\\/#organization\",\"name\":\"Patagonia Ambiental\",\"url\":\"https:\\\/\\\/patagoniambiental.com.ar\\\/info\\\/\",\"logo\":{\"@type\":\"ImageObject\",\"inLanguage\":\"es\",\"@id\":\"https:\\\/\\\/patagoniambiental.com.ar\\\/info\\\/#\\\/schema\\\/logo\\\/image\\\/\",\"url\":\"https:\\\/\\\/patagoniambiental.com.ar\\\/info\\\/wp-content\\\/uploads\\\/2025\\\/05\\\/LOGO-PATAGONIA-AMBIENTAL.png\",\"contentUrl\":\"https:\\\/\\\/patagoniambiental.com.ar\\\/info\\\/wp-content\\\/uploads\\\/2025\\\/05\\\/LOGO-PATAGONIA-AMBIENTAL.png\",\"width\":433,\"height\":250,\"caption\":\"Patagonia Ambiental\"},\"image\":{\"@id\":\"https:\\\/\\\/patagoniambiental.com.ar\\\/info\\\/#\\\/schema\\\/logo\\\/image\\\/\"},\"sameAs\":[\"https:\\\/\\\/www.facebook.com\\\/patagonia.ambiental\",\"https:\\\/\\\/x.com\\\/PatAmb\"]},{\"@type\":\"Person\",\"@id\":\"https:\\\/\\\/patagoniambiental.com.ar\\\/info\\\/#\\\/schema\\\/person\\\/db12bff64bbcbf6a253710bf0ea37b5d\",\"name\":\"Patagonia Ambiental\",\"description\":\"Andr\u00e9s Nievas T\u00e9cnico en manejo ambiental, consultor Ambiental y escritor para medios locales e internacionales sobre temas de geopolitica y medio ambiente.\",\"sameAs\":[\"http:\\\/\\\/www.patagoniambiental.com.ar\",\"https:\\\/\\\/www.facebook.com\\\/share\\\/1C1V8Gv9BX\\\/?mibextid=qi2Omg\",\"@patagoniambiental\",\"https:\\\/\\\/youtube.com\\\/@patagoniaambiental2023?si=BLt58t0wuXquxlYZ\"]}]}<\/script>\n<!-- \/ Yoast SEO Premium plugin. -->","yoast_head_json":{"title":"Pic\u00fan Leuf\u00fa impulsa una gran campa\u00f1a de recolecci\u00f3n de residuos electr\u00f3nicos y de l\u00ednea blanca para cuidar el ambiente","description":"La Municipalidad de Pic\u00fan Leuf\u00fa, a trav\u00e9s de su Direcci\u00f3n de Ambiente, lanz\u00f3 una nueva edici\u00f3n de la Campa\u00f1a de Recolecci\u00f3n de RAEEs y L\u00ednea Blanca, una iniciativa que busca reducir el impacto ambiental de los residuos el\u00e9ctricos y electr\u00f3nicos mediante su correcta gesti\u00f3n, reciclaje y disposici\u00f3n final.El pr\u00f3ximo jueves 30 de octubre, el municipio llevar\u00e1","robots":{"index":"index","follow":"follow","max-snippet":"max-snippet:-1","max-image-preview":"max-image-preview:large","max-video-preview":"max-video-preview:-1"},"canonical":"https:\/\/patagoniambiental.com.ar\/info\/campana-raees-picun-leufu\/","og_locale":"es_ES","og_type":"article","og_title":"Pic\u00fan Leuf\u00fa impulsa una gran campa\u00f1a de recolecci\u00f3n de residuos electr\u00f3nicos y de l\u00ednea blanca para cuidar el ambiente","og_description":"La Municipalidad de Pic\u00fan Leuf\u00fa, a trav\u00e9s de su Direcci\u00f3n de Ambiente, lanz\u00f3 una nueva edici\u00f3n de la Campa\u00f1a de Recolecci\u00f3n de RAEEs y L\u00ednea Blanca, una iniciativa que busca reducir el impacto ambiental de los residuos el\u00e9ctricos y electr\u00f3nicos mediante su correcta gesti\u00f3n, reciclaje y disposici\u00f3n final.El pr\u00f3ximo jueves 30 de octubre, el municipio llevar\u00e1","og_url":"https:\/\/patagoniambiental.com.ar\/info\/campana-raees-picun-leufu\/","og_site_name":"Patagonia Ambiental","article_publisher":"https:\/\/www.facebook.com\/patagonia.ambiental","article_author":"https:\/\/www.facebook.com\/share\/1C1V8Gv9BX\/?mibextid=qi2Omg","article_published_time":"2025-10-15T14:37:47+00:00","article_modified_time":"2025-10-15T14:37:48+00:00","og_image":[{"width":600,"height":600,"url":"https:\/\/patagoniambiental.com.ar\/info\/wp-content\/uploads\/2025\/10\/FB_IMG_1760530859529.jpg","type":"image\/jpeg"}],"author":"Patagonia Ambiental","twitter_card":"summary_large_image","twitter_creator":"@PatAmb","twitter_site":"@PatAmb","schema":{"@context":"https:\/\/schema.org","@graph":[{"@type":"Article","@id":"https:\/\/patagoniambiental.com.ar\/info\/campana-raees-picun-leufu\/#article","isPartOf":{"@id":"https:\/\/patagoniambiental.com.ar\/info\/campana-raees-picun-leufu\/"},"author":{"name":"Patagonia Ambiental","@id":"https:\/\/patagoniambiental.com.ar\/info\/#\/schema\/person\/db12bff64bbcbf6a253710bf0ea37b5d"},"headline":"Pic\u00fan Leuf\u00fa impulsa una gran campa\u00f1a de recolecci\u00f3n de residuos electr\u00f3nicos y de l\u00ednea blanca para cuidar el ambiente","datePublished":"2025-10-15T14:37:47+00:00","dateModified":"2025-10-15T14:37:48+00:00","mainEntityOfPage":{"@id":"https:\/\/patagoniambiental.com.ar\/info\/campana-raees-picun-leufu\/"},"wordCount":1577,"commentCount":0,"publisher":{"@id":"https:\/\/patagoniambiental.com.ar\/info\/#organization"},"image":{"@id":"https:\/\/patagoniambiental.com.ar\/info\/campana-raees-picun-leufu\/#primaryimage"},"thumbnailUrl":"https:\/\/patagoniambiental.com.ar\/info\/wp-content\/uploads\/2025\/10\/FB_IMG_1760530859529.jpg","articleSection":["Agenda Ambiental","Econom\u00eda Circular"],"inLanguage":"es","potentialAction":[{"@type":"CommentAction","name":"Comment","target":["https:\/\/patagoniambiental.com.ar\/info\/campana-raees-picun-leufu\/#respond"]}]},{"@type":"WebPage","@id":"https:\/\/patagoniambiental.com.ar\/info\/campana-raees-picun-leufu\/","url":"https:\/\/patagoniambiental.com.ar\/info\/campana-raees-picun-leufu\/","name":"Pic\u00fan Leuf\u00fa impulsa una gran campa\u00f1a de recolecci\u00f3n de residuos electr\u00f3nicos y de l\u00ednea blanca para cuidar el ambiente","isPartOf":{"@id":"https:\/\/patagoniambiental.com.ar\/info\/#website"},"primaryImageOfPage":{"@id":"https:\/\/patagoniambiental.com.ar\/info\/campana-raees-picun-leufu\/#primaryimage"},"image":{"@id":"https:\/\/patagoniambiental.com.ar\/info\/campana-raees-picun-leufu\/#primaryimage"},"thumbnailUrl":"https:\/\/patagoniambiental.com.ar\/info\/wp-content\/uploads\/2025\/10\/FB_IMG_1760530859529.jpg","datePublished":"2025-10-15T14:37:47+00:00","dateModified":"2025-10-15T14:37:48+00:00","description":"La Municipalidad de Pic\u00fan Leuf\u00fa, a trav\u00e9s de su Direcci\u00f3n de Ambiente, lanz\u00f3 una nueva edici\u00f3n de la Campa\u00f1a de Recolecci\u00f3n de RAEEs y L\u00ednea Blanca, una iniciativa que busca reducir el impacto ambiental de los residuos el\u00e9ctricos y electr\u00f3nicos mediante su correcta gesti\u00f3n, reciclaje y disposici\u00f3n final.El pr\u00f3ximo jueves 30 de octubre, el municipio llevar\u00e1","breadcrumb":{"@id":"https:\/\/patagoniambiental.com.ar\/info\/campana-raees-picun-leufu\/#breadcrumb"},"inLanguage":"es","potentialAction":[{"@type":"ReadAction","target":["https:\/\/patagoniambiental.com.ar\/info\/campana-raees-picun-leufu\/"]}]},{"@type":"ImageObject","inLanguage":"es","@id":"https:\/\/patagoniambiental.com.ar\/info\/campana-raees-picun-leufu\/#primaryimage","url":"https:\/\/patagoniambiental.com.ar\/info\/wp-content\/uploads\/2025\/10\/FB_IMG_1760530859529.jpg","contentUrl":"https:\/\/patagoniambiental.com.ar\/info\/wp-content\/uploads\/2025\/10\/FB_IMG_1760530859529.jpg","width":600,"height":600,"caption":"Cr\u00e9dito: Municipalidad de Pic\u00fan Leufu"},{"@type":"BreadcrumbList","@id":"https:\/\/patagoniambiental.com.ar\/info\/campana-raees-picun-leufu\/#breadcrumb","itemListElement":[{"@type":"ListItem","position":1,"name":"Inicio","item":"https:\/\/patagoniambiental.com.ar\/info\/"},{"@type":"ListItem","position":2,"name":"Pic\u00fan Leuf\u00fa impulsa una gran campa\u00f1a de recolecci\u00f3n de residuos electr\u00f3nicos y de l\u00ednea blanca para cuidar el ambiente"}]},{"@type":"WebSite","@id":"https:\/\/patagoniambiental.com.ar\/info\/#website","url":"https:\/\/patagoniambiental.com.ar\/info\/","name":"Patagonia Ambiental","description":"Monitoreo y an\u00e1lisis de la situaci\u00f3n geopol\u00edtica en el mundo y su implicancia en la Patagonia","publisher":{"@id":"https:\/\/patagoniambiental.com.ar\/info\/#organization"},"potentialAction":[{"@type":"SearchAction","target":{"@type":"EntryPoint","urlTemplate":"https:\/\/patagoniambiental.com.ar\/info\/?s={search_term_string}"},"query-input":{"@type":"PropertyValueSpecification","valueRequired":true,"valueName":"search_term_string"}}],"inLanguage":"es"},{"@type":"Organization","@id":"https:\/\/patagoniambiental.com.ar\/info\/#organization","name":"Patagonia Ambiental","url":"https:\/\/patagoniambiental.com.ar\/info\/","logo":{"@type":"ImageObject","inLanguage":"es","@id":"https:\/\/patagoniambiental.com.ar\/info\/#\/schema\/logo\/image\/","url":"https:\/\/patagoniambiental.com.ar\/info\/wp-content\/uploads\/2025\/05\/LOGO-PATAGONIA-AMBIENTAL.png","contentUrl":"https:\/\/patagoniambiental.com.ar\/info\/wp-content\/uploads\/2025\/05\/LOGO-PATAGONIA-AMBIENTAL.png","width":433,"height":250,"caption":"Patagonia Ambiental"},"image":{"@id":"https:\/\/patagoniambiental.com.ar\/info\/#\/schema\/logo\/image\/"},"sameAs":["https:\/\/www.facebook.com\/patagonia.ambiental","https:\/\/x.com\/PatAmb"]},{"@type":"Person","@id":"https:\/\/patagoniambiental.com.ar\/info\/#\/schema\/person\/db12bff64bbcbf6a253710bf0ea37b5d","name":"Patagonia Ambiental","description":"Andr\u00e9s Nievas T\u00e9cnico en manejo ambiental, consultor Ambiental y escritor para medios locales e internacionales sobre temas de geopolitica y medio ambiente.","sameAs":["http:\/\/www.patagoniambiental.com.ar","https:\/\/www.facebook.com\/share\/1C1V8Gv9BX\/?mibextid=qi2Omg","@patagoniambiental","https:\/\/youtube.com\/@patagoniaambiental2023?si=BLt58t0wuXquxlYZ"]}]}},"_links":{"self":[{"href":"https:\/\/patagoniambiental.com.ar\/info\/wp-json\/wp\/v2\/posts\/99566","targetHints":{"allow":["GET"]}}],"collection":[{"href":"https:\/\/patagoniambiental.com.ar\/info\/wp-json\/wp\/v2\/posts"}],"about":[{"href":"https:\/\/patagoniambiental.com.ar\/info\/wp-json\/wp\/v2\/types\/post"}],"author":[{"embeddable":true,"href":"https:\/\/patagoniambiental.com.ar\/info\/wp-json\/wp\/v2\/users\/2"}],"replies":[{"embeddable":true,"href":"https:\/\/patagoniambiental.com.ar\/info\/wp-json\/wp\/v2\/comments?post=99566"}],"version-history":[{"count":1,"href":"https:\/\/patagoniambiental.com.ar\/info\/wp-json\/wp\/v2\/posts\/99566\/revisions"}],"predecessor-version":[{"id":99568,"href":"https:\/\/patagoniambiental.com.ar\/info\/wp-json\/wp\/v2\/posts\/99566\/revisions\/99568"}],"wp:featuredmedia":[{"embeddable":true,"href":"https:\/\/patagoniambiental.com.ar\/info\/wp-json\/wp\/v2\/media\/99567"}],"wp:attachment":[{"href":"https:\/\/patagoniambiental.com.ar\/info\/wp-json\/wp\/v2\/media?parent=99566"}],"wp:term":[{"taxonomy":"category","embeddable":true,"href":"https:\/\/patagoniambiental.com.ar\/info\/wp-json\/wp\/v2\/categories?post=99566"},{"taxonomy":"post_tag","embeddable":true,"href":"https:\/\/patagoniambiental.com.ar\/info\/wp-json\/wp\/v2\/tags?post=99566"}],"curies":[{"name":"wp","href":"https:\/\/api.w.org\/{rel}","templated":true}]}}