{"id":99665,"date":"2025-10-26T08:00:00","date_gmt":"2025-10-26T11:00:00","guid":{"rendered":"https:\/\/patagoniambiental.com.ar\/info\/?p=99665"},"modified":"2025-10-22T14:27:55","modified_gmt":"2025-10-22T17:27:55","slug":"udc-carrera-academica","status":"publish","type":"post","link":"https:\/\/patagoniambiental.com.ar\/info\/udc-carrera-academica\/","title":{"rendered":"La UDC forma a los guardianes que salvar\u00e1n nuestras \u00c1reas Naturales Protegidas"},"content":{"rendered":"\n<!--more-->\n\n\n\n<p><strong>La carrera que llega para profesionalizar la defensa del patrimonio natural patag\u00f3nico<\/strong><\/p>\n\n\n\n<p>La Universidad del Chubut (UDC) present\u00f3 con car\u00e1cter estrat\u00e9gico su propuesta acad\u00e9mica orientada a la conservaci\u00f3n: la <strong>Licenciatura en Administraci\u00f3n de \u00c1reas Naturales<\/strong> y la <strong>Tecnicatura Universitaria Guardaparque<\/strong>, dos trayectos complementarios con validez nacional dise\u00f1ados para responder a una necesidad creciente y urgente en la regi\u00f3n patag\u00f3nica. Estas carreras, dictadas con modalidad presencial y con sede en Puerto Madryn \u2014entre otras extensiones acad\u00e9micas en Rawson, Esquel, Sarmiento y Gaiman\u2014, combinan formaci\u00f3n te\u00f3rica de alto nivel con experiencias de campo que permiten formalizar y especializar los conocimientos de quienes hoy trabajan de manera emp\u00edrica como guardafauna o guardapescas. <\/p>\n\n\n\n<p>En un contexto donde la presi\u00f3n sobre los ecosistemas aumenta \u2014por turismo, actividades productivas, cambio clim\u00e1tico y amenazas antr\u00f3picas\u2014, la UDC propone no solo formar profesionales, sino tambi\u00e9n tejer redes locales de gesti\u00f3n, investigaci\u00f3n y educaci\u00f3n ambiental capaces de dise\u00f1ar, administrar y proteger las \u00c1reas Naturales Protegidas (ANPs) del Chubut y la Patagonia en general.<\/p>\n\n\n\n<p><strong>Por qu\u00e9 esta formaci\u00f3n es estrat\u00e9gica para Chubut y la Patagonia<\/strong><\/p>\n\n\n\n<p>La Patagonia argentina posee un mosaico de territorios de alto valor natural y cultural: parques nacionales, reservas provinciales, sitios RAMSAR, Reservas de la Biosfera reconocidas por la UNESCO y \u00c1reas de Importancia para la Conservaci\u00f3n de Aves (AICA). En Chubut, la superficie destinada a conservaci\u00f3n se ha ido ampliando en las \u00faltimas d\u00e9cadas, alcanzando una diversidad de ANPs que requieren planificaci\u00f3n, gesti\u00f3n y manejo profesional. La propuesta acad\u00e9mica de la UDC responde a ese requerimiento al formar profesionales con competencias para elaborar Planes de Manejo, aplicar marcos legales vigentes, dise\u00f1ar nuevas \u00e1reas protegidas, implementar acciones de conservaci\u00f3n del patrimonio integral y ejecutar programas de educaci\u00f3n ambiental comunitaria. En un territorio donde muchas intervenciones dependen de capacidades t\u00e9cnicas espec\u00edficas \u2014como la prevenci\u00f3n y supresi\u00f3n de incendios forestales, la gesti\u00f3n del turismo responsable o el monitoreo de poblaciones faun\u00edsticas\u2014, estos t\u00edtulos buscan cerrar la brecha entre el conocimiento emp\u00edrico local y la formaci\u00f3n cient\u00edfica y t\u00e9cnica necesaria para una gesti\u00f3n sustentable y con base en evidencia.<\/p>\n\n\n\n<p><strong>Perfil de egresado: capacidades que exige el siglo XXI en gesti\u00f3n ambiental<\/strong><\/p>\n\n\n\n<p>El\/la egresado\/a de la Licenciatura en Administraci\u00f3n de \u00c1reas Naturales sale con una formaci\u00f3n s\u00f3lida en pol\u00edticas de conservaci\u00f3n, herramientas de planificaci\u00f3n espacial, t\u00e9cnicas de manejo y administraci\u00f3n de recursos naturales, as\u00ed como en metodolog\u00edas de investigaci\u00f3n y extensi\u00f3n comunitaria. Por su parte, el t\u00edtulo intermedio de la Tecnicatura Universitaria Guardaparque est\u00e1 dise\u00f1ado para formalizar la experiencia de quienes ya cumplen funciones en el territorio, incorporando conocimientos en manejo de fauna, pesca y control de actividades ilegales, adem\u00e1s de pr\u00e1cticas profesionales de campo que fortalecen las capacidades operativas. Ambos perfiles profesionales apuntan a conformar equipos multidisciplinarios capaces de integrar acci\u00f3n t\u00e9cnica, social y pol\u00edtica: desde la elaboraci\u00f3n de inventarios biol\u00f3gicos hasta la coordinaci\u00f3n de guardaparques, la implementaci\u00f3n de actividades educativas en escuelas y comunidades y la articulaci\u00f3n con organismos p\u00fablicos y ONG locales. En s\u00edntesis, los egresados estar\u00e1n capacitados para liderar procesos de gesti\u00f3n que van m\u00e1s all\u00e1 del control: buscan construir gobernanza ambiental participativa, basada en evidencia cient\u00edfica y en el di\u00e1logo con comunidades locales.<\/p>\n\n\n\n<p><strong>Plan de estudios y validez nacional: garant\u00eda de calidad y alcance profesional<\/strong><\/p>\n\n\n\n<p>Las carreras cuentan con resoluci\u00f3n nacional que les otorga validez en todo el pa\u00eds: la Licenciatura en Administraci\u00f3n de \u00c1reas Naturales est\u00e1 respaldada por la Resoluci\u00f3n 2021-97-APN-ME del Ministerio de Educaci\u00f3n, mientras que la Tecnicatura Universitaria Guardaparque tiene validez por la Res. 2021-98-APN-ME. Ambos planes de estudio est\u00e1n anexados en la Res. N\u00b0 26\/2020 del Consejo Superior UDC, y contienen mallas curriculares que equilibran materias te\u00f3ricas, pr\u00e1cticas y espacios de nivelaci\u00f3n para ingresantes (Programa de Nivelaci\u00f3n Universitaria \u2014 PNU). El detalle de materias permite que los estudiantes transiten desde asignaturas introductorias y de ciencias b\u00e1sicas hacia m\u00f3dulos espec\u00edficos relacionados con gesti\u00f3n de \u00e1reas protegidas, legislaci\u00f3n ambiental, manejo de visitantes y planificaci\u00f3n territorial. Adem\u00e1s, la presencialidad en Puerto Madryn garantiza que los estudiantes vivencien pr\u00e1cticas de campo en contextos reales, fortaleciendo la inserci\u00f3n laboral inmediata en organismos provinciales, nacionales, ONG ambientales y emprendimientos vinculados al turismo sostenible y la conservaci\u00f3n.<\/p>\n\n\n\n<p><strong>Formaci\u00f3n pr\u00e1ctica: campo, investigaci\u00f3n y v\u00ednculo con las comunidades<\/strong><\/p>\n\n\n\n<p>Una de las fortalezas anunciadas por la UDC es la combinaci\u00f3n de teor\u00eda con estancias de campo y actividades pr\u00e1cticas que permiten al estudiante aplicar t\u00e9cnicas de planificaci\u00f3n y manejo en situaci\u00f3n real. Estas pr\u00e1cticas no s\u00f3lo fortalecen habilidades t\u00e9cnicas (monitoreo de fauna, eficiencia en el manejo de incendios, relevamiento costero, elaboraci\u00f3n de planes de manejo), sino que tambi\u00e9n promueven la interacci\u00f3n con actores locales: comunidades portuarias, organizaciones rurales, cooperativas de gu\u00eda ambiental, municipios y guardapartes con larga trayectoria emp\u00edrica. Ese puente entre universidad y territorio facilita la transferencia de conocimientos y fomenta procesos de co-gesti\u00f3n que son esenciales para la sostenibilidad de las pol\u00edticas de conservaci\u00f3n. Adem\u00e1s, la participaci\u00f3n en proyectos de investigaci\u00f3n, extensi\u00f3n universitaria y actividades de educaci\u00f3n ambiental permite que la formaci\u00f3n se oriente hacia resultados medibles \u2014como mejoras en indicadores de biodiversidad, aumento de cumplimiento normativo o desarrollo de modelos de turismo de bajo impacto\u2014 que potencien la empleabilidad y la autoridad profesional de los egresados.<\/p>\n\n\n\n<p><strong>Salidas laborales y aporte al desarrollo local y regional<\/strong><\/p>\n\n\n\n<p>La demanda de profesionales especializados en administraci\u00f3n de \u00e1reas naturales es cada vez mayor: desde la planificaci\u00f3n y gesti\u00f3n de parques provinciales y nacionales hasta la coordinaci\u00f3n de unidades de manejo costero y marino, pasando por roles en organismos de control, empresas de consultor\u00eda ambiental, ONG, instituciones de investigaci\u00f3n y el sector p\u00fablico municipal. Los guardaparques t\u00e9cnicos y licenciados en administraci\u00f3n pueden desempe\u00f1arse en tareas de fiscalizaci\u00f3n, dise\u00f1o e implementaci\u00f3n de planes de manejo, educaci\u00f3n ambiental y coordinaci\u00f3n de contingencias (incendios, eventos clim\u00e1ticos extremos, vertidos). En regiones como Puerto Madryn, con fuerte presencia de turismo costero y actividades marinas, la formaci\u00f3n espec\u00edfica en manejo de \u00e1reas marinas costeras es especialmente valiosa. Adem\u00e1s, la profesionalizaci\u00f3n de guardafaunas y guardapescas promueve la formalizaci\u00f3n de actividades laborales hist\u00f3ricamente informales, mejorando condiciones laborales, reconocimiento profesional y articulaci\u00f3n con pol\u00edticas p\u00fablicas de empleo y conservaci\u00f3n.<\/p>\n\n\n\n<p><strong>Educaci\u00f3n ambiental y construcci\u00f3n de ciudadan\u00eda: el rol social de la UDC<\/strong><\/p>\n\n\n\n<p>M\u00e1s all\u00e1 de la formaci\u00f3n t\u00e9cnica, la carrera impulsa la educaci\u00f3n ambiental como eje central para construir ciudadan\u00eda y compromiso social con la conservaci\u00f3n. Los graduados ser\u00e1n capacitados para dise\u00f1ar e implementar programas educativos en escuelas, centros comunitarios y espacios tur\u00edsticos, promoviendo pr\u00e1cticas de bajo impacto y fomentando valores de responsabilidad ambiental. La capacidad de transmitir conocimientos de manera clara y eficaz es cr\u00edtica para transformar actitudes y h\u00e1bitos: desde la reducci\u00f3n de la basura en costas hasta pr\u00e1cticas de pesca responsable, prevenci\u00f3n de incendios y respeto por la biodiversidad. Este enfoque pedag\u00f3gico refuerza la idea de que las ANPs no son solo espacios protegidos por vallas o normas, sino territorios vivientes que requieren del apoyo y la cooperaci\u00f3n de la ciudadan\u00eda local para su protecci\u00f3n efectiva.<\/p>\n\n\n\n<p><strong>Vinculaci\u00f3n institucional: redes, investigaciones y cooperaci\u00f3n interjurisdiccional<\/strong><\/p>\n\n\n\n<p>La conservaci\u00f3n moderna exige trabajar en redes: gobiernos provinciales, administraci\u00f3n de Parques Nacionales, universidades, ONG, comunidades ind\u00edgenas y actores del sector productivo deben coordinar acciones. La UDC, mediante sus sedes y su escuela de Producci\u00f3n, Ambiente y Desarrollo Sostenible, se posiciona como un nodo que facilita esta cooperaci\u00f3n. La formaci\u00f3n ofrecida permite la articulaci\u00f3n con proyectos de investigaci\u00f3n, programas de manejo adaptativo y convenios interinstitucionales que potencian la eficacia de las pol\u00edticas ambientales. La existencia de mecanismos de cooperaci\u00f3n interjurisdiccional es especialmente cr\u00edtica en \u00e1mbitos marinos y costeros, donde el manejo requiere coordinaci\u00f3n entre provincias y con el Estado nacional. Los egresados formados en la UDC estar\u00e1n en condiciones de participar en mesas t\u00e9cnicas, realizar estudios de impacto y colaborar en procesos de planificaci\u00f3n territorial y corredores biol\u00f3gicos que trascienden l\u00edmites administrativos.<\/p>\n\n\n\n<p><strong>Prevenci\u00f3n y manejo de incendios: una competencia cr\u00edtica en la Patagonia<\/strong><\/p>\n\n\n\n<p>La prevenci\u00f3n y supresi\u00f3n de incendios forestales y de campo es una competencia que exige formaci\u00f3n especializada, protocolos de seguridad y coordinaci\u00f3n interinstitucional. El curr\u00edculo incorpora herramientas para la planificaci\u00f3n de medidas preventivas, t\u00e9cnicas operativas de control y procedimientos para minimizar riesgos a personas y bienes. La capacitaci\u00f3n en manejo del fuego incluye conocimientos sobre ecolog\u00eda del fuego, cartograf\u00eda, uso de equipos y coordinaci\u00f3n log\u00edstica en emergencias. En la Patagonia, donde la din\u00e1mica del fuego puede tener impactos severos en ecosistemas fr\u00e1giles y especies end\u00e9micas, contar con profesionales formados que puedan integrar gesti\u00f3n t\u00e9cnica, comunicaci\u00f3n con comunidades y articulaci\u00f3n con bomberos y organismos de emergencia es un aporte invaluable para la resiliencia regional.<\/p>\n\n\n\n<p><strong>Turismo sostenible y manejo de visitantes: balancear acceso y conservaci\u00f3n<\/strong><\/p>\n\n\n\n<p>En muchos casos, las ANPs son destinos tur\u00edsticos de alta demanda y figuras clave para la econom\u00eda local. La carrera incorpora m\u00f3dulos dedicados al manejo de visitantes, dise\u00f1o de infraestructura de bajo impacto y modelos de turismo sostenible que permiten generar beneficios econ\u00f3micos sin comprometer los valores naturales. Aprender a dise\u00f1ar senderos, se\u00f1al\u00e9tica, protocolos de observaci\u00f3n de fauna y capacidades de gesti\u00f3n de grupos tur\u00edsticos es fundamental para minimizar huellas y conflictividad. Adem\u00e1s, los profesionales formados pueden desarrollar estrategias de gesti\u00f3n que redistribuyan los beneficios del turismo hacia comunidades locales mediante empleo directo, capacitaci\u00f3n y fomento de emprendimientos responsables como gu\u00edas locales, alojamientos sustentables y productos regionales con bajo impacto ambiental.<\/p>\n\n\n\n<p><strong>Investigaci\u00f3n aplicada: monitoreo de fauna, restauraci\u00f3n y ciencia ciudadana<\/strong><\/p>\n\n\n\n<p>La formaci\u00f3n universitaria tambi\u00e9n tiene un componente investigativo: el dise\u00f1o de protocolos de monitoreo poblacional, uso de tecnolog\u00edas para el seguimiento de fauna (como fototrampeo, marcaci\u00f3n y rastreo) y la implementaci\u00f3n de proyectos de restauraci\u00f3n ecol\u00f3gica. Estas capacidades permiten generar data s\u00f3lida que respalde decisiones de manejo y pol\u00edticas p\u00fablicas. Adem\u00e1s, la integraci\u00f3n de iniciativas de ciencia ciudadana \u2014donde la poblaci\u00f3n colabora en reportes de fauna, fen\u00f3menos ambientales o vigilancia de amenazas\u2014 multiplica la capacidad de monitoreo en territorios amplios, aportando informaci\u00f3n relevante y fortaleciendo el compromiso comunitario.<\/p>\n\n\n\n<p><strong>Equidad, empleo local y formalizaci\u00f3n de saberes tradicionales<\/strong><\/p>\n\n\n\n<p>Una ventaja social de la Tecnicatura y la Licenciatura es la posibilidad de transformar saberes locales, muchas veces emp\u00edricos, en conocimiento formal reconocido por el sistema educativo y laboral. Esto contribuye a la inclusi\u00f3n laboral de personas que ya desarrollan tareas vinculadas a la protecci\u00f3n del ambiente, ofreciendo certificaci\u00f3n, estabilidad y acceso a mayores oportunidades. El reconocimiento formal tambi\u00e9n favorece la participaci\u00f3n de comunidades rurales y pescadores en procesos de gesti\u00f3n, integrando pr\u00e1cticas tradicionales en estrategias de conservaci\u00f3n y fortaleciendo modelos de gobernanza m\u00e1s justos y eficaces.<\/p>\n\n\n\n<p><strong>Conectividad acad\u00e9mica: sedes y servicios de la UDC para acompa\u00f1ar a estudiantes<\/strong><\/p>\n\n\n\n<p>La UDC dispone de sedes y extensiones acad\u00e9micas que facilitan el acceso a la educaci\u00f3n superior: Rawson (sede acad\u00e9mica y bedel\u00eda), Esquel, Sarmiento, Gaiman y Puerto Madryn. Estas sedes funcionan como puntos de contacto para consultas acad\u00e9micas, inscripciones y gesti\u00f3n administrativa, y permiten que la oferta educativa llegue a distintos puntos de la provincia. Adem\u00e1s, los servicios de extensi\u00f3n universitaria, investigaci\u00f3n y biblioteca contribuyen a que los estudiantes cuenten con apoyo para su formaci\u00f3n integral, investigaciones aplicadas y la posibilidad de participar en eventos, congresos y actividades de vinculaci\u00f3n comunitaria.<\/p>\n\n\n\n<p><strong>Inscripci\u00f3n, PNU y recomendaciones para aspirantes<\/strong><\/p>\n\n\n\n<p>Los ingresantes a primer a\u00f1o deben cursar el Programa de Nivelaci\u00f3n Universitaria (PNU), dise\u00f1ado para equiparar competencias y garantizar que todos los estudiantes lleguen con bases s\u00f3lidas para afrontar la carrera. Dado que la formaci\u00f3n combina disciplinas cient\u00edficas, sociales y t\u00e9cnicas, el PNU facilita la transici\u00f3n y permite que quienes provienen de contextos no universitarios o con trayectoria emp\u00edrica se integren con \u00e9xito. Para aspirantes, se recomienda informarse sobre las sedes de cursada, los horarios y los contactos de bedel\u00eda y secretar\u00edas acad\u00e9micas, as\u00ed como explorar convenios de pr\u00e1cticas y oportunidades de becas o apoyo para movilidad a las instancias de campo.<\/p>\n\n\n\n<p><strong>Un llamado a las redes: c\u00f3mo puede la sociedad apoyar y potenciar esta formaci\u00f3n<\/strong><\/p>\n\n\n\n<p>La creaci\u00f3n y consolidaci\u00f3n de programas como los de la UDC requiere no solo voluntad institucional, sino tambi\u00e9n la colaboraci\u00f3n de actores p\u00fablicos y privados. El fomento de convenios con ONGs, parques nacionales, municipios y empresas tur\u00edsticas facilita que las pr\u00e1cticas profesionales en terreno sean ricas y diversas. Adem\u00e1s, la promoci\u00f3n de pol\u00edticas que prioricen la contrataci\u00f3n de personal t\u00e9cnico en \u00e1mbitos de conservaci\u00f3n y la generaci\u00f3n de fondos para investigaci\u00f3n aplicada son estrategias que multiplican el impacto formativo y contribuyen a la protecci\u00f3n efectiva de las ANPs.<\/p>\n\n\n\n<p><strong>Formar guardianes para un futuro sustentable<\/strong><\/p>\n\n\n\n<p>La Licenciatura en Administraci\u00f3n de \u00c1reas Naturales y la Tecnicatura Universitaria Guardaparque de la UDC son mucho m\u00e1s que opciones acad\u00e9micas: representan una apuesta estrat\u00e9gica para la protecci\u00f3n del patrimonio natural y la construcci\u00f3n de capacidades locales que impulsen una gesti\u00f3n sustentable en la Patagonia. En un contexto de desaf\u00edos ambientales crecientes, la profesionalizaci\u00f3n de quienes cuidan el territorio \u2014acompa\u00f1ada por investigaci\u00f3n, educaci\u00f3n y pol\u00edticas p\u00fablicas\u2014 es una pieza clave para garantizar que las \u00e1reas protegidas sigan siendo refugios de biodiversidad y fuentes de bienestar para las comunidades. La UDC, con su oferta presencial en Puerto Madryn y sus extensiones en Rawson, Esquel, Sarmiento y Gaiman, abre la puerta a una generaci\u00f3n de profesionales que ser\u00e1n, de facto, los gestores y guardianes de los paisajes patag\u00f3nicos. Para quienes sienten vocaci\u00f3n por la conservaci\u00f3n, esta es una oportunidad para transformar pasi\u00f3n en profesi\u00f3n, tradici\u00f3n en saber cient\u00edfico y compromiso en pol\u00edticas p\u00fablicas efectivas.<br><\/p>\n","protected":false},"excerpt":{"rendered":"","protected":false},"author":2,"featured_media":99666,"comment_status":"open","ping_status":"open","sticky":false,"template":"","format":"standard","meta":{"site-sidebar-layout":"default","site-content-layout":"","ast-site-content-layout":"default","site-content-style":"default","site-sidebar-style":"default","ast-global-header-display":"","ast-banner-title-visibility":"","ast-main-header-display":"","ast-hfb-above-header-display":"","ast-hfb-below-header-display":"","ast-hfb-mobile-header-display":"","site-post-title":"","ast-breadcrumbs-content":"","ast-featured-img":"","footer-sml-layout":"","ast-disable-related-posts":"","theme-transparent-header-meta":"","adv-header-id-meta":"","stick-header-meta":"","header-above-stick-meta":"","header-main-stick-meta":"","header-below-stick-meta":"","astra-migrate-meta-layouts":"default","ast-page-background-enabled":"default","ast-page-background-meta":{"desktop":{"background-color":"var(--ast-global-color-5)","background-image":"","background-repeat":"repeat","background-position":"center center","background-size":"auto","background-attachment":"scroll","background-type":"","background-media":"","overlay-type":"","overlay-color":"","overlay-opacity":"","overlay-gradient":""},"tablet":{"background-color":"","background-image":"","background-repeat":"repeat","background-position":"center center","background-size":"auto","background-attachment":"scroll","background-type":"","background-media":"","overlay-type":"","overlay-color":"","overlay-opacity":"","overlay-gradient":""},"mobile":{"background-color":"","background-image":"","background-repeat":"repeat","background-position":"center center","background-size":"auto","background-attachment":"scroll","background-type":"","background-media":"","overlay-type":"","overlay-color":"","overlay-opacity":"","overlay-gradient":""}},"ast-content-background-meta":{"desktop":{"background-color":"var(--ast-global-color-4)","background-image":"","background-repeat":"repeat","background-position":"center center","background-size":"auto","background-attachment":"scroll","background-type":"","background-media":"","overlay-type":"","overlay-color":"","overlay-opacity":"","overlay-gradient":""},"tablet":{"background-color":"var(--ast-global-color-4)","background-image":"","background-repeat":"repeat","background-position":"center center","background-size":"auto","background-attachment":"scroll","background-type":"","background-media":"","overlay-type":"","overlay-color":"","overlay-opacity":"","overlay-gradient":""},"mobile":{"background-color":"var(--ast-global-color-4)","background-image":"","background-repeat":"repeat","background-position":"center center","background-size":"auto","background-attachment":"scroll","background-type":"","background-media":"","overlay-type":"","overlay-color":"","overlay-opacity":"","overlay-gradient":""}},"footnotes":""},"categories":[3437,1],"tags":[],"class_list":["post-99665","post","type-post","status-publish","format-standard","has-post-thumbnail","hentry","category-educacion-ambiental","category-noticias"],"yoast_head":"<!-- This site is optimized with the Yoast SEO Premium plugin v23.0 (Yoast SEO v27.5) - https:\/\/yoast.com\/product\/yoast-seo-premium-wordpress\/ -->\n<title>La UDC forma a los guardianes que salvar\u00e1n nuestras \u00c1reas Naturales Protegidas La Universidad del Chubut (UDC) present\u00f3 con car\u00e1cter estrat\u00e9gico su propuesta acad\u00e9mica orientada a la conservaci\u00f3n<\/title>\n<meta name=\"description\" content=\"La Universidad del Chubut (UDC) present\u00f3 con car\u00e1cter estrat\u00e9gico su propuesta acad\u00e9mica orientada a la conservaci\u00f3n: la Licenciatura en Administraci\u00f3n de \u00c1reas Naturales y la Tecnicatura Universitaria Guardaparque, dos trayectos complementarios con validez nacional dise\u00f1ados para responder a una necesidad\" \/>\n<meta name=\"robots\" content=\"index, follow, max-snippet:-1, max-image-preview:large, max-video-preview:-1\" \/>\n<link rel=\"canonical\" href=\"https:\/\/patagoniambiental.com.ar\/info\/udc-carrera-academica\/\" \/>\n<meta property=\"og:locale\" content=\"es_ES\" \/>\n<meta property=\"og:type\" content=\"article\" \/>\n<meta property=\"og:title\" content=\"La UDC forma a los guardianes que salvar\u00e1n nuestras \u00c1reas Naturales Protegidas\" \/>\n<meta property=\"og:description\" content=\"La Universidad del Chubut (UDC) present\u00f3 con car\u00e1cter estrat\u00e9gico su propuesta acad\u00e9mica orientada a la conservaci\u00f3n: la Licenciatura en Administraci\u00f3n de \u00c1reas Naturales y la Tecnicatura Universitaria Guardaparque, dos trayectos complementarios con validez nacional dise\u00f1ados para responder a una necesidad\" \/>\n<meta property=\"og:url\" content=\"https:\/\/patagoniambiental.com.ar\/info\/udc-carrera-academica\/\" \/>\n<meta property=\"og:site_name\" content=\"Patagonia Ambiental\" \/>\n<meta property=\"article:publisher\" content=\"https:\/\/www.facebook.com\/patagonia.ambiental\" \/>\n<meta property=\"article:author\" content=\"https:\/\/www.facebook.com\/share\/1C1V8Gv9BX\/?mibextid=qi2Omg\" \/>\n<meta property=\"article:published_time\" content=\"2025-10-26T11:00:00+00:00\" \/>\n<meta property=\"og:image\" content=\"https:\/\/patagoniambiental.com.ar\/info\/wp-content\/uploads\/2025\/10\/WhatsApp-Image-2022-03-11-at-2.06.18-PM.jpeg\" \/>\n\t<meta property=\"og:image:width\" content=\"904\" \/>\n\t<meta property=\"og:image:height\" content=\"600\" \/>\n\t<meta property=\"og:image:type\" content=\"image\/jpeg\" \/>\n<meta name=\"author\" content=\"Patagonia Ambiental\" \/>\n<meta name=\"twitter:card\" content=\"summary_large_image\" \/>\n<meta name=\"twitter:creator\" content=\"@PatAmb\" \/>\n<meta name=\"twitter:site\" content=\"@PatAmb\" \/>\n<script type=\"application\/ld+json\" class=\"yoast-schema-graph\">{\"@context\":\"https:\\\/\\\/schema.org\",\"@graph\":[{\"@type\":\"Article\",\"@id\":\"https:\\\/\\\/patagoniambiental.com.ar\\\/info\\\/udc-carrera-academica\\\/#article\",\"isPartOf\":{\"@id\":\"https:\\\/\\\/patagoniambiental.com.ar\\\/info\\\/udc-carrera-academica\\\/\"},\"author\":{\"name\":\"Patagonia Ambiental\",\"@id\":\"https:\\\/\\\/patagoniambiental.com.ar\\\/info\\\/#\\\/schema\\\/person\\\/db12bff64bbcbf6a253710bf0ea37b5d\"},\"headline\":\"La UDC forma a los guardianes que salvar\u00e1n nuestras \u00c1reas Naturales Protegidas\",\"datePublished\":\"2025-10-26T11:00:00+00:00\",\"mainEntityOfPage\":{\"@id\":\"https:\\\/\\\/patagoniambiental.com.ar\\\/info\\\/udc-carrera-academica\\\/\"},\"wordCount\":2522,\"commentCount\":0,\"publisher\":{\"@id\":\"https:\\\/\\\/patagoniambiental.com.ar\\\/info\\\/#organization\"},\"image\":{\"@id\":\"https:\\\/\\\/patagoniambiental.com.ar\\\/info\\\/udc-carrera-academica\\\/#primaryimage\"},\"thumbnailUrl\":\"https:\\\/\\\/patagoniambiental.com.ar\\\/info\\\/wp-content\\\/uploads\\\/2025\\\/10\\\/WhatsApp-Image-2022-03-11-at-2.06.18-PM.jpeg\",\"articleSection\":[\"Educaci\u00f3n Ambiental\",\"Noticias\"],\"inLanguage\":\"es\",\"potentialAction\":[{\"@type\":\"CommentAction\",\"name\":\"Comment\",\"target\":[\"https:\\\/\\\/patagoniambiental.com.ar\\\/info\\\/udc-carrera-academica\\\/#respond\"]}]},{\"@type\":\"WebPage\",\"@id\":\"https:\\\/\\\/patagoniambiental.com.ar\\\/info\\\/udc-carrera-academica\\\/\",\"url\":\"https:\\\/\\\/patagoniambiental.com.ar\\\/info\\\/udc-carrera-academica\\\/\",\"name\":\"La UDC forma a los guardianes que salvar\u00e1n nuestras \u00c1reas Naturales Protegidas La Universidad del Chubut (UDC) present\u00f3 con car\u00e1cter estrat\u00e9gico su propuesta acad\u00e9mica orientada a la conservaci\u00f3n\",\"isPartOf\":{\"@id\":\"https:\\\/\\\/patagoniambiental.com.ar\\\/info\\\/#website\"},\"primaryImageOfPage\":{\"@id\":\"https:\\\/\\\/patagoniambiental.com.ar\\\/info\\\/udc-carrera-academica\\\/#primaryimage\"},\"image\":{\"@id\":\"https:\\\/\\\/patagoniambiental.com.ar\\\/info\\\/udc-carrera-academica\\\/#primaryimage\"},\"thumbnailUrl\":\"https:\\\/\\\/patagoniambiental.com.ar\\\/info\\\/wp-content\\\/uploads\\\/2025\\\/10\\\/WhatsApp-Image-2022-03-11-at-2.06.18-PM.jpeg\",\"datePublished\":\"2025-10-26T11:00:00+00:00\",\"description\":\"La Universidad del Chubut (UDC) present\u00f3 con car\u00e1cter estrat\u00e9gico su propuesta acad\u00e9mica orientada a la conservaci\u00f3n: la Licenciatura en Administraci\u00f3n de \u00c1reas Naturales y la Tecnicatura Universitaria Guardaparque, dos trayectos complementarios con validez nacional dise\u00f1ados para responder a una necesidad\",\"breadcrumb\":{\"@id\":\"https:\\\/\\\/patagoniambiental.com.ar\\\/info\\\/udc-carrera-academica\\\/#breadcrumb\"},\"inLanguage\":\"es\",\"potentialAction\":[{\"@type\":\"ReadAction\",\"target\":[\"https:\\\/\\\/patagoniambiental.com.ar\\\/info\\\/udc-carrera-academica\\\/\"]}]},{\"@type\":\"ImageObject\",\"inLanguage\":\"es\",\"@id\":\"https:\\\/\\\/patagoniambiental.com.ar\\\/info\\\/udc-carrera-academica\\\/#primaryimage\",\"url\":\"https:\\\/\\\/patagoniambiental.com.ar\\\/info\\\/wp-content\\\/uploads\\\/2025\\\/10\\\/WhatsApp-Image-2022-03-11-at-2.06.18-PM.jpeg\",\"contentUrl\":\"https:\\\/\\\/patagoniambiental.com.ar\\\/info\\\/wp-content\\\/uploads\\\/2025\\\/10\\\/WhatsApp-Image-2022-03-11-at-2.06.18-PM.jpeg\",\"width\":904,\"height\":600,\"caption\":\"Cr\u00e9dito: Gobierno de chubut\"},{\"@type\":\"BreadcrumbList\",\"@id\":\"https:\\\/\\\/patagoniambiental.com.ar\\\/info\\\/udc-carrera-academica\\\/#breadcrumb\",\"itemListElement\":[{\"@type\":\"ListItem\",\"position\":1,\"name\":\"Inicio\",\"item\":\"https:\\\/\\\/patagoniambiental.com.ar\\\/info\\\/\"},{\"@type\":\"ListItem\",\"position\":2,\"name\":\"La UDC forma a los guardianes que salvar\u00e1n nuestras \u00c1reas Naturales Protegidas\"}]},{\"@type\":\"WebSite\",\"@id\":\"https:\\\/\\\/patagoniambiental.com.ar\\\/info\\\/#website\",\"url\":\"https:\\\/\\\/patagoniambiental.com.ar\\\/info\\\/\",\"name\":\"Patagonia Ambiental\",\"description\":\"Monitoreo y an\u00e1lisis de la situaci\u00f3n geopol\u00edtica en el mundo y su implicancia en la Patagonia\",\"publisher\":{\"@id\":\"https:\\\/\\\/patagoniambiental.com.ar\\\/info\\\/#organization\"},\"potentialAction\":[{\"@type\":\"SearchAction\",\"target\":{\"@type\":\"EntryPoint\",\"urlTemplate\":\"https:\\\/\\\/patagoniambiental.com.ar\\\/info\\\/?s={search_term_string}\"},\"query-input\":{\"@type\":\"PropertyValueSpecification\",\"valueRequired\":true,\"valueName\":\"search_term_string\"}}],\"inLanguage\":\"es\"},{\"@type\":\"Organization\",\"@id\":\"https:\\\/\\\/patagoniambiental.com.ar\\\/info\\\/#organization\",\"name\":\"Patagonia Ambiental\",\"url\":\"https:\\\/\\\/patagoniambiental.com.ar\\\/info\\\/\",\"logo\":{\"@type\":\"ImageObject\",\"inLanguage\":\"es\",\"@id\":\"https:\\\/\\\/patagoniambiental.com.ar\\\/info\\\/#\\\/schema\\\/logo\\\/image\\\/\",\"url\":\"https:\\\/\\\/patagoniambiental.com.ar\\\/info\\\/wp-content\\\/uploads\\\/2025\\\/05\\\/LOGO-PATAGONIA-AMBIENTAL.png\",\"contentUrl\":\"https:\\\/\\\/patagoniambiental.com.ar\\\/info\\\/wp-content\\\/uploads\\\/2025\\\/05\\\/LOGO-PATAGONIA-AMBIENTAL.png\",\"width\":433,\"height\":250,\"caption\":\"Patagonia Ambiental\"},\"image\":{\"@id\":\"https:\\\/\\\/patagoniambiental.com.ar\\\/info\\\/#\\\/schema\\\/logo\\\/image\\\/\"},\"sameAs\":[\"https:\\\/\\\/www.facebook.com\\\/patagonia.ambiental\",\"https:\\\/\\\/x.com\\\/PatAmb\"]},{\"@type\":\"Person\",\"@id\":\"https:\\\/\\\/patagoniambiental.com.ar\\\/info\\\/#\\\/schema\\\/person\\\/db12bff64bbcbf6a253710bf0ea37b5d\",\"name\":\"Patagonia Ambiental\",\"description\":\"Andr\u00e9s Nievas T\u00e9cnico en manejo ambiental, consultor Ambiental y escritor para medios locales e internacionales sobre temas de geopolitica y medio ambiente.\",\"sameAs\":[\"http:\\\/\\\/www.patagoniambiental.com.ar\",\"https:\\\/\\\/www.facebook.com\\\/share\\\/1C1V8Gv9BX\\\/?mibextid=qi2Omg\",\"@patagoniambiental\",\"https:\\\/\\\/youtube.com\\\/@patagoniaambiental2023?si=BLt58t0wuXquxlYZ\"]}]}<\/script>\n<!-- \/ Yoast SEO Premium plugin. -->","yoast_head_json":{"title":"La UDC forma a los guardianes que salvar\u00e1n nuestras \u00c1reas Naturales Protegidas La Universidad del Chubut (UDC) present\u00f3 con car\u00e1cter estrat\u00e9gico su propuesta acad\u00e9mica orientada a la conservaci\u00f3n","description":"La Universidad del Chubut (UDC) present\u00f3 con car\u00e1cter estrat\u00e9gico su propuesta acad\u00e9mica orientada a la conservaci\u00f3n: la Licenciatura en Administraci\u00f3n de \u00c1reas Naturales y la Tecnicatura Universitaria Guardaparque, dos trayectos complementarios con validez nacional dise\u00f1ados para responder a una necesidad","robots":{"index":"index","follow":"follow","max-snippet":"max-snippet:-1","max-image-preview":"max-image-preview:large","max-video-preview":"max-video-preview:-1"},"canonical":"https:\/\/patagoniambiental.com.ar\/info\/udc-carrera-academica\/","og_locale":"es_ES","og_type":"article","og_title":"La UDC forma a los guardianes que salvar\u00e1n nuestras \u00c1reas Naturales Protegidas","og_description":"La Universidad del Chubut (UDC) present\u00f3 con car\u00e1cter estrat\u00e9gico su propuesta acad\u00e9mica orientada a la conservaci\u00f3n: la Licenciatura en Administraci\u00f3n de \u00c1reas Naturales y la Tecnicatura Universitaria Guardaparque, dos trayectos complementarios con validez nacional dise\u00f1ados para responder a una necesidad","og_url":"https:\/\/patagoniambiental.com.ar\/info\/udc-carrera-academica\/","og_site_name":"Patagonia Ambiental","article_publisher":"https:\/\/www.facebook.com\/patagonia.ambiental","article_author":"https:\/\/www.facebook.com\/share\/1C1V8Gv9BX\/?mibextid=qi2Omg","article_published_time":"2025-10-26T11:00:00+00:00","og_image":[{"width":904,"height":600,"url":"https:\/\/patagoniambiental.com.ar\/info\/wp-content\/uploads\/2025\/10\/WhatsApp-Image-2022-03-11-at-2.06.18-PM.jpeg","type":"image\/jpeg"}],"author":"Patagonia Ambiental","twitter_card":"summary_large_image","twitter_creator":"@PatAmb","twitter_site":"@PatAmb","schema":{"@context":"https:\/\/schema.org","@graph":[{"@type":"Article","@id":"https:\/\/patagoniambiental.com.ar\/info\/udc-carrera-academica\/#article","isPartOf":{"@id":"https:\/\/patagoniambiental.com.ar\/info\/udc-carrera-academica\/"},"author":{"name":"Patagonia Ambiental","@id":"https:\/\/patagoniambiental.com.ar\/info\/#\/schema\/person\/db12bff64bbcbf6a253710bf0ea37b5d"},"headline":"La UDC forma a los guardianes que salvar\u00e1n nuestras \u00c1reas Naturales Protegidas","datePublished":"2025-10-26T11:00:00+00:00","mainEntityOfPage":{"@id":"https:\/\/patagoniambiental.com.ar\/info\/udc-carrera-academica\/"},"wordCount":2522,"commentCount":0,"publisher":{"@id":"https:\/\/patagoniambiental.com.ar\/info\/#organization"},"image":{"@id":"https:\/\/patagoniambiental.com.ar\/info\/udc-carrera-academica\/#primaryimage"},"thumbnailUrl":"https:\/\/patagoniambiental.com.ar\/info\/wp-content\/uploads\/2025\/10\/WhatsApp-Image-2022-03-11-at-2.06.18-PM.jpeg","articleSection":["Educaci\u00f3n Ambiental","Noticias"],"inLanguage":"es","potentialAction":[{"@type":"CommentAction","name":"Comment","target":["https:\/\/patagoniambiental.com.ar\/info\/udc-carrera-academica\/#respond"]}]},{"@type":"WebPage","@id":"https:\/\/patagoniambiental.com.ar\/info\/udc-carrera-academica\/","url":"https:\/\/patagoniambiental.com.ar\/info\/udc-carrera-academica\/","name":"La UDC forma a los guardianes que salvar\u00e1n nuestras \u00c1reas Naturales Protegidas La Universidad del Chubut (UDC) present\u00f3 con car\u00e1cter estrat\u00e9gico su propuesta acad\u00e9mica orientada a la conservaci\u00f3n","isPartOf":{"@id":"https:\/\/patagoniambiental.com.ar\/info\/#website"},"primaryImageOfPage":{"@id":"https:\/\/patagoniambiental.com.ar\/info\/udc-carrera-academica\/#primaryimage"},"image":{"@id":"https:\/\/patagoniambiental.com.ar\/info\/udc-carrera-academica\/#primaryimage"},"thumbnailUrl":"https:\/\/patagoniambiental.com.ar\/info\/wp-content\/uploads\/2025\/10\/WhatsApp-Image-2022-03-11-at-2.06.18-PM.jpeg","datePublished":"2025-10-26T11:00:00+00:00","description":"La Universidad del Chubut (UDC) present\u00f3 con car\u00e1cter estrat\u00e9gico su propuesta acad\u00e9mica orientada a la conservaci\u00f3n: la Licenciatura en Administraci\u00f3n de \u00c1reas Naturales y la Tecnicatura Universitaria Guardaparque, dos trayectos complementarios con validez nacional dise\u00f1ados para responder a una necesidad","breadcrumb":{"@id":"https:\/\/patagoniambiental.com.ar\/info\/udc-carrera-academica\/#breadcrumb"},"inLanguage":"es","potentialAction":[{"@type":"ReadAction","target":["https:\/\/patagoniambiental.com.ar\/info\/udc-carrera-academica\/"]}]},{"@type":"ImageObject","inLanguage":"es","@id":"https:\/\/patagoniambiental.com.ar\/info\/udc-carrera-academica\/#primaryimage","url":"https:\/\/patagoniambiental.com.ar\/info\/wp-content\/uploads\/2025\/10\/WhatsApp-Image-2022-03-11-at-2.06.18-PM.jpeg","contentUrl":"https:\/\/patagoniambiental.com.ar\/info\/wp-content\/uploads\/2025\/10\/WhatsApp-Image-2022-03-11-at-2.06.18-PM.jpeg","width":904,"height":600,"caption":"Cr\u00e9dito: Gobierno de chubut"},{"@type":"BreadcrumbList","@id":"https:\/\/patagoniambiental.com.ar\/info\/udc-carrera-academica\/#breadcrumb","itemListElement":[{"@type":"ListItem","position":1,"name":"Inicio","item":"https:\/\/patagoniambiental.com.ar\/info\/"},{"@type":"ListItem","position":2,"name":"La UDC forma a los guardianes que salvar\u00e1n nuestras \u00c1reas Naturales Protegidas"}]},{"@type":"WebSite","@id":"https:\/\/patagoniambiental.com.ar\/info\/#website","url":"https:\/\/patagoniambiental.com.ar\/info\/","name":"Patagonia Ambiental","description":"Monitoreo y an\u00e1lisis de la situaci\u00f3n geopol\u00edtica en el mundo y su implicancia en la Patagonia","publisher":{"@id":"https:\/\/patagoniambiental.com.ar\/info\/#organization"},"potentialAction":[{"@type":"SearchAction","target":{"@type":"EntryPoint","urlTemplate":"https:\/\/patagoniambiental.com.ar\/info\/?s={search_term_string}"},"query-input":{"@type":"PropertyValueSpecification","valueRequired":true,"valueName":"search_term_string"}}],"inLanguage":"es"},{"@type":"Organization","@id":"https:\/\/patagoniambiental.com.ar\/info\/#organization","name":"Patagonia Ambiental","url":"https:\/\/patagoniambiental.com.ar\/info\/","logo":{"@type":"ImageObject","inLanguage":"es","@id":"https:\/\/patagoniambiental.com.ar\/info\/#\/schema\/logo\/image\/","url":"https:\/\/patagoniambiental.com.ar\/info\/wp-content\/uploads\/2025\/05\/LOGO-PATAGONIA-AMBIENTAL.png","contentUrl":"https:\/\/patagoniambiental.com.ar\/info\/wp-content\/uploads\/2025\/05\/LOGO-PATAGONIA-AMBIENTAL.png","width":433,"height":250,"caption":"Patagonia Ambiental"},"image":{"@id":"https:\/\/patagoniambiental.com.ar\/info\/#\/schema\/logo\/image\/"},"sameAs":["https:\/\/www.facebook.com\/patagonia.ambiental","https:\/\/x.com\/PatAmb"]},{"@type":"Person","@id":"https:\/\/patagoniambiental.com.ar\/info\/#\/schema\/person\/db12bff64bbcbf6a253710bf0ea37b5d","name":"Patagonia Ambiental","description":"Andr\u00e9s Nievas T\u00e9cnico en manejo ambiental, consultor Ambiental y escritor para medios locales e internacionales sobre temas de geopolitica y medio ambiente.","sameAs":["http:\/\/www.patagoniambiental.com.ar","https:\/\/www.facebook.com\/share\/1C1V8Gv9BX\/?mibextid=qi2Omg","@patagoniambiental","https:\/\/youtube.com\/@patagoniaambiental2023?si=BLt58t0wuXquxlYZ"]}]}},"_links":{"self":[{"href":"https:\/\/patagoniambiental.com.ar\/info\/wp-json\/wp\/v2\/posts\/99665","targetHints":{"allow":["GET"]}}],"collection":[{"href":"https:\/\/patagoniambiental.com.ar\/info\/wp-json\/wp\/v2\/posts"}],"about":[{"href":"https:\/\/patagoniambiental.com.ar\/info\/wp-json\/wp\/v2\/types\/post"}],"author":[{"embeddable":true,"href":"https:\/\/patagoniambiental.com.ar\/info\/wp-json\/wp\/v2\/users\/2"}],"replies":[{"embeddable":true,"href":"https:\/\/patagoniambiental.com.ar\/info\/wp-json\/wp\/v2\/comments?post=99665"}],"version-history":[{"count":2,"href":"https:\/\/patagoniambiental.com.ar\/info\/wp-json\/wp\/v2\/posts\/99665\/revisions"}],"predecessor-version":[{"id":99668,"href":"https:\/\/patagoniambiental.com.ar\/info\/wp-json\/wp\/v2\/posts\/99665\/revisions\/99668"}],"wp:featuredmedia":[{"embeddable":true,"href":"https:\/\/patagoniambiental.com.ar\/info\/wp-json\/wp\/v2\/media\/99666"}],"wp:attachment":[{"href":"https:\/\/patagoniambiental.com.ar\/info\/wp-json\/wp\/v2\/media?parent=99665"}],"wp:term":[{"taxonomy":"category","embeddable":true,"href":"https:\/\/patagoniambiental.com.ar\/info\/wp-json\/wp\/v2\/categories?post=99665"},{"taxonomy":"post_tag","embeddable":true,"href":"https:\/\/patagoniambiental.com.ar\/info\/wp-json\/wp\/v2\/tags?post=99665"}],"curies":[{"name":"wp","href":"https:\/\/api.w.org\/{rel}","templated":true}]}}