{"id":99683,"date":"2025-10-22T21:09:23","date_gmt":"2025-10-23T00:09:23","guid":{"rendered":"https:\/\/patagoniambiental.com.ar\/info\/?p=99683"},"modified":"2025-10-24T21:22:45","modified_gmt":"2025-10-25T00:22:45","slug":"fundacion-amigos-arbol","status":"publish","type":"post","link":"https:\/\/patagoniambiental.com.ar\/info\/fundacion-amigos-arbol\/","title":{"rendered":"Fundaci\u00f3n Amigos del \u00c1rbol y la Tierra: reconocida como \u201cVecino Ejemplar\u201d por su legado ambiental en San Blas y el Partido de Patagones"},"content":{"rendered":"\n<!--more-->\n\n\n\n<h2 class=\"wp-block-heading\" id=\"h-una-distincion-que-celebra-tres-decadas-de-compromiso-con-la-naturaleza-y-la-educacion-ambiental\">Una distinci\u00f3n que celebra tres d\u00e9cadas de compromiso con la naturaleza y la educaci\u00f3n ambiental<\/h2>\n\n\n\n<p>Bah\u00eda San Blas, Provincia de Buenos Aires, 22 de octubre de 2025. En una jornada cargada de emoci\u00f3n y conciencia ecol\u00f3gica, el Honorable Concejo Deliberante del Partido de Patagones celebr\u00f3 su 16\u00aa Sesi\u00f3n Ordinaria \u2013 26\u00aa Reuni\u00f3n del Per\u00edodo Legislativo 2025, en la v\u00edspera del 204\u00b0 aniversario de San Blas, el pasado 15 de octubre de 2025, en el hist\u00f3rico Club Deportivo de Bah\u00eda San Blas.<br>Durante el encuentro, se aprob\u00f3 por unanimidad el Proyecto de Resoluci\u00f3n N\u00b0 4735, presentado por la Concejal del Frente Grande, Mariel Cinirela, mediante el cual se otorg\u00f3 un reconocimiento a la Fundaci\u00f3n Amigos del \u00c1rbol y la Tierra de la Comarca Patagones\u2013Viedma, liderada por su fundador Carlos Alberto Larra\u00f1aga, por su destacada trayectoria en la promoci\u00f3n del cuidado ambiental, la educaci\u00f3n ecol\u00f3gica y la plantaci\u00f3n de \u00e1rboles en todo el distrito desde 1992.<\/p>\n\n\n\n<p>La Fundaci\u00f3n fue galardonada con la distinci\u00f3n de \u201cVecino Ejemplar del Partido de Patagones\u201d, un reconocimiento que pone en valor su labor sostenida, su compromiso con la naturaleza y su rol educativo en la comunidad.<\/p>\n\n\n\n<h2 class=\"wp-block-heading\" id=\"h-tres-decadas-de-siembra-educacion-y-conciencia-la-historia-de-la-fundacion-amigos-del-arbol-y-la-tierra\">\ud83c\udf31 Tres d\u00e9cadas de siembra, educaci\u00f3n y conciencia: la historia de la Fundaci\u00f3n Amigos del \u00c1rbol y la Tierra<\/h2>\n\n\n\n<p>Desde su creaci\u00f3n en 1992, la Fundaci\u00f3n Amigos del \u00c1rbol y la Tierra ha mantenido una presencia activa y constante en la regi\u00f3n. Con sede en la Comarca Patagones\u2013Viedma, ha promovido el respeto por el ambiente y la acci\u00f3n directa mediante campa\u00f1as de forestaci\u00f3n urbana y rural, talleres en escuelas, jornadas comunitarias de plantaci\u00f3n y charlas sobre cambio clim\u00e1tico y biodiversidad.<\/p>\n\n\n\n<p>A lo largo de sus 33 a\u00f1os de trayectoria, la fundaci\u00f3n ha plantado miles de \u00e1rboles nativos y adaptados a las condiciones del clima patag\u00f3nico, fomentando la recuperaci\u00f3n de suelos, la creaci\u00f3n de microbosques urbanos y la generaci\u00f3n de espacios verdes que funcionan como pulmones naturales en las localidades de la regi\u00f3n.<\/p>\n\n\n\n<p>Su fundador, Carlos Alberto Larra\u00f1aga, ha sido una figura clave en la concienciaci\u00f3n ambiental del Partido de Patagones. Con un mensaje simple pero profundo \u2014\u201cPlantar un \u00e1rbol es sembrar vida, futuro y paz en el mundo\u201d\u2014 ha inspirado a generaciones de estudiantes, docentes, vecinos y autoridades a involucrarse activamente en la construcci\u00f3n de una cultura ecol\u00f3gica regional.<\/p>\n\n\n\n<h2 class=\"wp-block-heading\" id=\"h-una-sesion-con-historia-bahia-san-blas-y-el-valor-ambiental-del-territorio\">\ud83c\udf0d Una sesi\u00f3n con historia: Bah\u00eda San Blas y el valor ambiental del territorio<\/h2>\n\n\n\n<p>La elecci\u00f3n de Bah\u00eda San Blas como escenario de esta sesi\u00f3n no fue casual. Este rinc\u00f3n costero, considerado una reserva natural de gran valor ecol\u00f3gico dentro del Partido de Patagones, es un s\u00edmbolo del equilibrio entre comunidad, naturaleza y desarrollo sustentable.<\/p>\n\n\n\n<p>San Blas, conocido tambi\u00e9n como \u201cEl Para\u00edso del Pescador\u201d, no solo es un destino tur\u00edstico, sino tambi\u00e9n un territorio donde la educaci\u00f3n ambiental y el cuidado del entorno forman parte de la identidad local.<br>El hecho de que el Concejo Deliberante realizara su sesi\u00f3n en este lugar, en el marco del aniversario 204\u00b0 de su fundaci\u00f3n, reforz\u00f3 el mensaje de que la pol\u00edtica p\u00fablica y la acci\u00f3n ciudadana deben ir de la mano en la defensa del ambiente.<\/p>\n\n\n\n<h2 class=\"wp-block-heading\" id=\"h-un-reconocimiento-con-unanimidad-politica-y-respaldo-social\">\ud83c\udfdb\ufe0f Un reconocimiento con unanimidad pol\u00edtica y respaldo social<\/h2>\n\n\n\n<p>Durante la sesi\u00f3n, los concejales de todos los bloques pol\u00edticos acompa\u00f1aron la iniciativa de la concejal Mariel Cinirela, aprobando por unanimidad el reconocimiento a la Fundaci\u00f3n Amigos del \u00c1rbol y la Tierra.<br>Este gesto reflej\u00f3 una unidad institucional en torno a la defensa del ambiente, en tiempos donde las problem\u00e1ticas ecol\u00f3gicas \u2014como el cambio clim\u00e1tico, la desertificaci\u00f3n y la p\u00e9rdida de biodiversidad\u2014 exigen consensos y acciones concretas.<\/p>\n\n\n\n<p>Adem\u00e1s del reconocimiento principal, se entregaron certificados honor\u00edficos a Zulma Marisa Galv\u00e1n, activista y miembro activo de la Fundaci\u00f3n, y al propio Carlos Larra\u00f1aga, por su liderazgo inspirador y su compromiso incansable con la comunidad.<\/p>\n\n\n\n<h2 class=\"wp-block-heading\" id=\"h-educacion-ambiental-las-nuevas-generaciones-de-san-blas-aprenden-sembrando-vida\">\ud83d\udc67\ud83c\udf33 Educaci\u00f3n ambiental: las nuevas generaciones de San Blas aprenden sembrando vida<\/h2>\n\n\n\n<p>Uno de los momentos m\u00e1s destacados de la jornada fue la participaci\u00f3n de los alumnos y alumnas de la Escuela Primaria N\u00b07 de Bah\u00eda San Blas, quienes asistieron junto a su directora y docentes.<br>Durante la sesi\u00f3n, los estudiantes escucharon con atenci\u00f3n las palabras de los representantes de la Fundaci\u00f3n y de los concejales, comprendiendo que plantar un \u00e1rbol es m\u00e1s que un acto simb\u00f3lico: es un compromiso con el futuro del planeta.<\/p>\n\n\n\n<p>Los ni\u00f1os y ni\u00f1as participaron activamente en la plantaci\u00f3n simb\u00f3lica de dos \u00e1rboles frente al Club Deportivo, gesto que coron\u00f3 el encuentro con un mensaje de esperanza y responsabilidad colectiva.<br>Esa acci\u00f3n, sencilla pero profunda, condens\u00f3 el esp\u00edritu de la jornada: educar, sembrar y cuidar la tierra como un legado compartido entre generaciones.<\/p>\n\n\n\n<h2 class=\"wp-block-heading\" id=\"h-nace-el-dia-del-plantador-de-arboles-en-el-partido-de-patagones\">\ud83d\udcdc Nace el \u201cD\u00eda del Plantador de \u00c1rboles\u201d en el Partido de Patagones<\/h2>\n\n\n\n<p>Uno de los hitos m\u00e1s relevantes de esta sesi\u00f3n fue la aprobaci\u00f3n del art\u00edculo 2\u00b0 del Proyecto de Resoluci\u00f3n, que institucionaliza el 5 de junio de cada a\u00f1o como el \u201cD\u00eda del Plantador de \u00c1rboles\u201d en todo el territorio del Partido de Patagones.<\/p>\n\n\n\n<p>La fecha elegida coincide con el D\u00eda Mundial del Medio Ambiente, conmemoraci\u00f3n instaurada por Naciones Unidas, y busca promover la forestaci\u00f3n, la educaci\u00f3n ambiental y la participaci\u00f3n comunitaria.<\/p>\n\n\n\n<p>El texto de la resoluci\u00f3n tambi\u00e9n invita al Departamento Ejecutivo Municipal, a las delegaciones locales, escuelas, clubes, organizaciones intermedias y vecinos a adherirse y participar en las jornadas conmemorativas.<\/p>\n\n\n\n<p>Este reconocimiento no solo enaltece la labor de la Fundaci\u00f3n Amigos del \u00c1rbol y la Tierra, sino que institucionaliza un legado colectivo, garantizando que el mensaje de plantar, cuidar y proteger la naturaleza siga creciendo a\u00f1o tras a\u00f1o.<\/p>\n\n\n\n<h2 class=\"wp-block-heading\" id=\"h-carlos-larranaga-tres-decadas-de-liderazgo-ambiental-en-la-patagonia\">\ud83e\udeb4 Carlos Larra\u00f1aga: tres d\u00e9cadas de liderazgo ambiental en la Patagonia<\/h2>\n\n\n\n<p>El fundador de la organizaci\u00f3n, Carlos Alberto Larra\u00f1aga, es una figura emblem\u00e1tica en el activismo ambiental de la Patagonia.<br>Desde los a\u00f1os noventa ha encabezado campa\u00f1as de reforestaci\u00f3n, charlas educativas y acciones comunitarias en escuelas, plazas y caminos rurales del Partido de Patagones y Viedma.<\/p>\n\n\n\n<p>Su enfoque combina educaci\u00f3n, acci\u00f3n directa y sensibilizaci\u00f3n social, promoviendo la idea de que cada \u00e1rbol plantado es una herramienta contra el cambio clim\u00e1tico y la desertificaci\u00f3n.<br>Su mensaje ha trascendido generaciones y su compromiso se mantiene intacto: \u201cCada \u00e1rbol es una semilla de esperanza que nos conecta con el planeta y con los dem\u00e1s\u201d.<\/p>\n\n\n\n<h2 class=\"wp-block-heading\" id=\"h-zulma-marisa-galvan-la-fuerza-femenina-detras-de-la-siembra\">\ud83c\udf3e Zulma Marisa Galv\u00e1n: la fuerza femenina detr\u00e1s de la siembra<\/h2>\n\n\n\n<p>Junto a Larra\u00f1aga, la activista Zulma Marisa Galv\u00e1n ha sido reconocida por su participaci\u00f3n incansable en las jornadas de plantaci\u00f3n y educaci\u00f3n ambiental.<br>Su labor, silenciosa pero constante, representa el trabajo de cientos de mujeres que, desde distintos rincones de la Patagonia, sostienen la acci\u00f3n ambiental comunitaria.<\/p>\n\n\n\n<p>El reconocimiento otorgado por el Concejo Deliberante visibiliza ese esfuerzo cotidiano y subraya que la transici\u00f3n hacia una sociedad sustentable tambi\u00e9n requiere del liderazgo femenino y la participaci\u00f3n ciudadana.<\/p>\n\n\n\n<h2 class=\"wp-block-heading\" id=\"h-malvinas-memoria-y-naturaleza-un-mensaje-de-union-y-esperanza\">\ud83c\udde6\ud83c\uddf7 Malvinas, memoria y naturaleza: un mensaje de uni\u00f3n y esperanza<\/h2>\n\n\n\n<p>La jornada cont\u00f3 adem\u00e1s con la presencia del veterano de Malvinas, Mario Ernesto Brens, quien comparti\u00f3 palabras cargadas de reflexi\u00f3n, paz y memoria.<br>Su intervenci\u00f3n vincul\u00f3 el sentido de la memoria hist\u00f3rica con la protecci\u00f3n de la naturaleza, recordando que \u201cplantar un \u00e1rbol tambi\u00e9n es un acto de amor por la Patria\u201d.<\/p>\n\n\n\n<p>El mensaje reson\u00f3 profundamente entre los presentes, integrando los valores de memoria, paz, unidad y sostenibilidad en un mismo acto simb\u00f3lico.<\/p>\n\n\n\n<h2 class=\"wp-block-heading\" id=\"h-una-plantacion-simbolica-que-une-pasado-presente-y-futuro\">\ud83c\udf33 Una plantaci\u00f3n simb\u00f3lica que une pasado, presente y futuro<\/h2>\n\n\n\n<p>El cierre de la jornada fue, literalmente, una siembra de vida.<br>Frente al Club Deportivo de San Blas, representantes del Concejo Deliberante, miembros de la Fundaci\u00f3n Amigos del \u00c1rbol y la Tierra, docentes, alumnos y vecinos plantaron dos \u00e1rboles como s\u00edmbolo del compromiso colectivo con el ambiente.<\/p>\n\n\n\n<p>El acto tuvo un profundo significado: reafirmar el valor ecol\u00f3gico de Bah\u00eda San Blas y del Partido de Patagones como territorios que defienden su identidad natural frente a los desaf\u00edos ambientales globales.<\/p>\n\n\n\n<h2 class=\"wp-block-heading\" id=\"h-fundacion-amigos-del-arbol-y-la-tierra-impacto-y-legado-ambiental-en-cifras\">\ud83d\udcc8 Fundaci\u00f3n Amigos del \u00c1rbol y la Tierra: impacto y legado ambiental en cifras<\/h2>\n\n\n\n<p>Durante m\u00e1s de tres d\u00e9cadas, la Fundaci\u00f3n ha logrado:<\/p>\n\n\n\n<p>\ud83c\udf31 Plantar m\u00e1s de 25.000 \u00e1rboles en distintos puntos de la Comarca Patagones\u2013Viedma.<\/p>\n\n\n\n<p>\ud83d\udc69\u200d\ud83c\udfeb Realizar m\u00e1s de 200 talleres y charlas educativas en escuelas rurales y urbanas.<\/p>\n\n\n\n<p>\ud83e\udd1d Desarrollar alianzas con municipios, ONG y universidades para programas de educaci\u00f3n ambiental.<\/p>\n\n\n\n<p>\ud83c\udf0e Promover la recuperaci\u00f3n de especies nativas y la protecci\u00f3n de suelos degradados.<\/p>\n\n\n\n<p>\ud83e\udeb4 Participar en planes de forestaci\u00f3n comunitaria en barrios, costaneras y rutas rurales.<\/p>\n\n\n\n<p>Estos n\u00fameros reflejan no solo la magnitud del trabajo, sino su impacto social y ambiental en la Patagonia Norte.<\/p>\n\n\n\n<h2 class=\"wp-block-heading\" id=\"h-e-a-t-y-posicionamiento-institucional-la-fundacion-como-modelo-de-educacion-ambiental\">\ud83e\udded E-A-T y posicionamiento institucional: la Fundaci\u00f3n como modelo de educaci\u00f3n ambiental<\/h2>\n\n\n\n<p>Desde la perspectiva de E-A-T (Experiencia, Autoridad y Confiabilidad), la Fundaci\u00f3n Amigos del \u00c1rbol y la Tierra representa un caso ejemplar de liderazgo ambiental en territorio patag\u00f3nico.<br>Su trabajo sostenido durante m\u00e1s de tres d\u00e9cadas, su reconocimiento institucional y su articulaci\u00f3n con escuelas y gobiernos locales consolidan su autoridad ecol\u00f3gica y pedag\u00f3gica.<\/p>\n\n\n\n<p>Adem\u00e1s, su enfoque comunitario y su compromiso con la educaci\u00f3n popular la convierten en un referente para otras organizaciones ambientales del sur argentino.<\/p>\n\n\n\n<p><\/p>\n\n\n\n<h2 class=\"wp-block-heading\" id=\"h-declaraciones-y-agradecimientos\">\ud83d\udcac Declaraciones y agradecimientos<\/h2>\n\n\n\n<p>La Fundaci\u00f3n Amigos del \u00c1rbol y la Tierra agradeci\u00f3 especialmente a la Concejal Mariel Cinirela, autora del proyecto, y al Honorable Concejo Deliberante por la distinci\u00f3n recibida.<br>\u201cPlantar un \u00e1rbol es sembrar vida, futuro y paz en el mundo\u201d, repiti\u00f3 su fundador como cierre de la jornada, recordando que el compromiso ambiental es una tarea diaria que trasciende generaciones.<\/p>\n\n\n\n<h2 class=\"wp-block-heading\" id=\"h-sembrar-arboles-sembrar-futuro\">Sembrar \u00e1rboles, sembrar futuro<\/h2>\n\n\n\n<p>El reconocimiento a la Fundaci\u00f3n Amigos del \u00c1rbol y la Tierra no es solo un homenaje a su trayectoria, sino un llamado a la acci\u00f3n colectiva.<br>En un contexto de crisis clim\u00e1tica global, cada \u00e1rbol plantado es una respuesta esperanzadora, y cada acci\u00f3n local tiene impacto global.<\/p>\n\n\n\n<p>Desde Bah\u00eda San Blas hasta cada rinc\u00f3n del Partido de Patagones, el legado de la Fundaci\u00f3n seguir\u00e1 creciendo, alimentado por nuevas manos, nuevas ideas y la misma convicci\u00f3n que hace m\u00e1s de tres d\u00e9cadas sembr\u00f3 Carlos Larra\u00f1aga:<br>\u201cCuidar un \u00e1rbol es cuidar la vida misma.\u201d<\/p>\n","protected":false},"excerpt":{"rendered":"","protected":false},"author":2,"featured_media":99684,"comment_status":"open","ping_status":"open","sticky":false,"template":"","format":"standard","meta":{"site-sidebar-layout":"default","site-content-layout":"","ast-site-content-layout":"default","site-content-style":"default","site-sidebar-style":"default","ast-global-header-display":"","ast-banner-title-visibility":"","ast-main-header-display":"","ast-hfb-above-header-display":"","ast-hfb-below-header-display":"","ast-hfb-mobile-header-display":"","site-post-title":"","ast-breadcrumbs-content":"","ast-featured-img":"","footer-sml-layout":"","ast-disable-related-posts":"","theme-transparent-header-meta":"","adv-header-id-meta":"","stick-header-meta":"","header-above-stick-meta":"","header-main-stick-meta":"","header-below-stick-meta":"","astra-migrate-meta-layouts":"default","ast-page-background-enabled":"default","ast-page-background-meta":{"desktop":{"background-color":"var(--ast-global-color-5)","background-image":"","background-repeat":"repeat","background-position":"center center","background-size":"auto","background-attachment":"scroll","background-type":"","background-media":"","overlay-type":"","overlay-color":"","overlay-opacity":"","overlay-gradient":""},"tablet":{"background-color":"","background-image":"","background-repeat":"repeat","background-position":"center center","background-size":"auto","background-attachment":"scroll","background-type":"","background-media":"","overlay-type":"","overlay-color":"","overlay-opacity":"","overlay-gradient":""},"mobile":{"background-color":"","background-image":"","background-repeat":"repeat","background-position":"center center","background-size":"auto","background-attachment":"scroll","background-type":"","background-media":"","overlay-type":"","overlay-color":"","overlay-opacity":"","overlay-gradient":""}},"ast-content-background-meta":{"desktop":{"background-color":"var(--ast-global-color-4)","background-image":"","background-repeat":"repeat","background-position":"center center","background-size":"auto","background-attachment":"scroll","background-type":"","background-media":"","overlay-type":"","overlay-color":"","overlay-opacity":"","overlay-gradient":""},"tablet":{"background-color":"var(--ast-global-color-4)","background-image":"","background-repeat":"repeat","background-position":"center center","background-size":"auto","background-attachment":"scroll","background-type":"","background-media":"","overlay-type":"","overlay-color":"","overlay-opacity":"","overlay-gradient":""},"mobile":{"background-color":"var(--ast-global-color-4)","background-image":"","background-repeat":"repeat","background-position":"center center","background-size":"auto","background-attachment":"scroll","background-type":"","background-media":"","overlay-type":"","overlay-color":"","overlay-opacity":"","overlay-gradient":""}},"footnotes":""},"categories":[1,47],"tags":[],"class_list":["post-99683","post","type-post","status-publish","format-standard","has-post-thumbnail","hentry","category-noticias","category-ongs-ambientalistas"],"yoast_head":"<!-- This site is optimized with the Yoast SEO Premium plugin v23.0 (Yoast SEO v27.4) - https:\/\/yoast.com\/product\/yoast-seo-premium-wordpress\/ -->\n<title>Fundaci\u00f3n Amigos del \u00c1rbol y la Tierra: reconocida como \u201cVecino Ejemplar\u201d por su legado ambiental en San Blas y el Partido de Patagones En una jornada cargada de emoci\u00f3n y conciencia ecol\u00f3gica, el Honorable Concejo Deliberante del Partido de Patagones celebr\u00f3 su 16\u00aa Sesi\u00f3n Ordinaria \u2013 26\u00aa Reuni\u00f3n del Per\u00edodo Legislativo 2025<\/title>\n<meta name=\"description\" content=\"En una jornada cargada de emoci\u00f3n y conciencia ecol\u00f3gica, el Honorable Concejo Deliberante del Partido de Patagones celebr\u00f3 su 16\u00aa Sesi\u00f3n Ordinaria \u2013 26\u00aa Reuni\u00f3n del Per\u00edodo Legislativo 2025, en la v\u00edspera del 204\u00b0 aniversario de San Blas, el pasado 15 de octubre de 2025, en el hist\u00f3rico Club Deportivo de Bah\u00eda San Blas.\" \/>\n<meta name=\"robots\" content=\"index, follow, max-snippet:-1, max-image-preview:large, max-video-preview:-1\" \/>\n<link rel=\"canonical\" href=\"https:\/\/patagoniambiental.com.ar\/info\/fundacion-amigos-arbol\/\" \/>\n<meta property=\"og:locale\" content=\"es_ES\" \/>\n<meta property=\"og:type\" content=\"article\" \/>\n<meta property=\"og:title\" content=\"Fundaci\u00f3n Amigos del \u00c1rbol y la Tierra: reconocida como \u201cVecino Ejemplar\u201d por su legado ambiental en San Blas y el Partido de Patagones\" \/>\n<meta property=\"og:description\" content=\"En una jornada cargada de emoci\u00f3n y conciencia ecol\u00f3gica, el Honorable Concejo Deliberante del Partido de Patagones celebr\u00f3 su 16\u00aa Sesi\u00f3n Ordinaria \u2013 26\u00aa Reuni\u00f3n del Per\u00edodo Legislativo 2025, en la v\u00edspera del 204\u00b0 aniversario de San Blas, el pasado 15 de octubre de 2025, en el hist\u00f3rico Club Deportivo de Bah\u00eda San Blas.\" \/>\n<meta property=\"og:url\" content=\"https:\/\/patagoniambiental.com.ar\/info\/fundacion-amigos-arbol\/\" \/>\n<meta property=\"og:site_name\" content=\"Patagonia Ambiental\" \/>\n<meta property=\"article:publisher\" content=\"https:\/\/www.facebook.com\/patagonia.ambiental\" \/>\n<meta property=\"article:author\" content=\"https:\/\/www.facebook.com\/share\/1C1V8Gv9BX\/?mibextid=qi2Omg\" \/>\n<meta property=\"article:published_time\" content=\"2025-10-23T00:09:23+00:00\" \/>\n<meta property=\"article:modified_time\" content=\"2025-10-25T00:22:45+00:00\" \/>\n<meta property=\"og:image\" content=\"https:\/\/patagoniambiental.com.ar\/info\/wp-content\/uploads\/2025\/10\/FB_IMG_1761344151769.jpg\" \/>\n\t<meta property=\"og:image:width\" content=\"800\" \/>\n\t<meta property=\"og:image:height\" content=\"600\" \/>\n\t<meta property=\"og:image:type\" content=\"image\/jpeg\" \/>\n<meta name=\"author\" content=\"Patagonia Ambiental\" \/>\n<meta name=\"twitter:card\" content=\"summary_large_image\" \/>\n<meta name=\"twitter:creator\" content=\"@PatAmb\" \/>\n<meta name=\"twitter:site\" content=\"@PatAmb\" \/>\n<script type=\"application\/ld+json\" class=\"yoast-schema-graph\">{\"@context\":\"https:\\\/\\\/schema.org\",\"@graph\":[{\"@type\":\"Article\",\"@id\":\"https:\\\/\\\/patagoniambiental.com.ar\\\/info\\\/fundacion-amigos-arbol\\\/#article\",\"isPartOf\":{\"@id\":\"https:\\\/\\\/patagoniambiental.com.ar\\\/info\\\/fundacion-amigos-arbol\\\/\"},\"author\":{\"name\":\"Patagonia Ambiental\",\"@id\":\"https:\\\/\\\/patagoniambiental.com.ar\\\/info\\\/#\\\/schema\\\/person\\\/db12bff64bbcbf6a253710bf0ea37b5d\"},\"headline\":\"Fundaci\u00f3n Amigos del \u00c1rbol y la Tierra: reconocida como \u201cVecino Ejemplar\u201d por su legado ambiental en San Blas y el Partido de Patagones\",\"datePublished\":\"2025-10-23T00:09:23+00:00\",\"dateModified\":\"2025-10-25T00:22:45+00:00\",\"mainEntityOfPage\":{\"@id\":\"https:\\\/\\\/patagoniambiental.com.ar\\\/info\\\/fundacion-amigos-arbol\\\/\"},\"wordCount\":1812,\"commentCount\":0,\"publisher\":{\"@id\":\"https:\\\/\\\/patagoniambiental.com.ar\\\/info\\\/#organization\"},\"image\":{\"@id\":\"https:\\\/\\\/patagoniambiental.com.ar\\\/info\\\/fundacion-amigos-arbol\\\/#primaryimage\"},\"thumbnailUrl\":\"https:\\\/\\\/patagoniambiental.com.ar\\\/info\\\/wp-content\\\/uploads\\\/2025\\\/10\\\/FB_IMG_1761344151769.jpg\",\"articleSection\":[\"Noticias\",\"ONGs ambientalistas\"],\"inLanguage\":\"es\",\"potentialAction\":[{\"@type\":\"CommentAction\",\"name\":\"Comment\",\"target\":[\"https:\\\/\\\/patagoniambiental.com.ar\\\/info\\\/fundacion-amigos-arbol\\\/#respond\"]}]},{\"@type\":\"WebPage\",\"@id\":\"https:\\\/\\\/patagoniambiental.com.ar\\\/info\\\/fundacion-amigos-arbol\\\/\",\"url\":\"https:\\\/\\\/patagoniambiental.com.ar\\\/info\\\/fundacion-amigos-arbol\\\/\",\"name\":\"Fundaci\u00f3n Amigos del \u00c1rbol y la Tierra: reconocida como \u201cVecino Ejemplar\u201d por su legado ambiental en San Blas y el Partido de Patagones En una jornada cargada de emoci\u00f3n y conciencia ecol\u00f3gica, el Honorable Concejo Deliberante del Partido de Patagones celebr\u00f3 su 16\u00aa Sesi\u00f3n Ordinaria \u2013 26\u00aa Reuni\u00f3n del Per\u00edodo Legislativo 2025\",\"isPartOf\":{\"@id\":\"https:\\\/\\\/patagoniambiental.com.ar\\\/info\\\/#website\"},\"primaryImageOfPage\":{\"@id\":\"https:\\\/\\\/patagoniambiental.com.ar\\\/info\\\/fundacion-amigos-arbol\\\/#primaryimage\"},\"image\":{\"@id\":\"https:\\\/\\\/patagoniambiental.com.ar\\\/info\\\/fundacion-amigos-arbol\\\/#primaryimage\"},\"thumbnailUrl\":\"https:\\\/\\\/patagoniambiental.com.ar\\\/info\\\/wp-content\\\/uploads\\\/2025\\\/10\\\/FB_IMG_1761344151769.jpg\",\"datePublished\":\"2025-10-23T00:09:23+00:00\",\"dateModified\":\"2025-10-25T00:22:45+00:00\",\"description\":\"En una jornada cargada de emoci\u00f3n y conciencia ecol\u00f3gica, el Honorable Concejo Deliberante del Partido de Patagones celebr\u00f3 su 16\u00aa Sesi\u00f3n Ordinaria \u2013 26\u00aa Reuni\u00f3n del Per\u00edodo Legislativo 2025, en la v\u00edspera del 204\u00b0 aniversario de San Blas, el pasado 15 de octubre de 2025, en el hist\u00f3rico Club Deportivo de Bah\u00eda San Blas.\",\"breadcrumb\":{\"@id\":\"https:\\\/\\\/patagoniambiental.com.ar\\\/info\\\/fundacion-amigos-arbol\\\/#breadcrumb\"},\"inLanguage\":\"es\",\"potentialAction\":[{\"@type\":\"ReadAction\",\"target\":[\"https:\\\/\\\/patagoniambiental.com.ar\\\/info\\\/fundacion-amigos-arbol\\\/\"]}]},{\"@type\":\"ImageObject\",\"inLanguage\":\"es\",\"@id\":\"https:\\\/\\\/patagoniambiental.com.ar\\\/info\\\/fundacion-amigos-arbol\\\/#primaryimage\",\"url\":\"https:\\\/\\\/patagoniambiental.com.ar\\\/info\\\/wp-content\\\/uploads\\\/2025\\\/10\\\/FB_IMG_1761344151769.jpg\",\"contentUrl\":\"https:\\\/\\\/patagoniambiental.com.ar\\\/info\\\/wp-content\\\/uploads\\\/2025\\\/10\\\/FB_IMG_1761344151769.jpg\",\"width\":800,\"height\":600,\"caption\":\"Cr\u00e9dito: Fundaci\u00f3n Amigos del \u00c1rbol Viedma Patagones\"},{\"@type\":\"BreadcrumbList\",\"@id\":\"https:\\\/\\\/patagoniambiental.com.ar\\\/info\\\/fundacion-amigos-arbol\\\/#breadcrumb\",\"itemListElement\":[{\"@type\":\"ListItem\",\"position\":1,\"name\":\"Inicio\",\"item\":\"https:\\\/\\\/patagoniambiental.com.ar\\\/info\\\/\"},{\"@type\":\"ListItem\",\"position\":2,\"name\":\"Fundaci\u00f3n Amigos del \u00c1rbol y la Tierra: reconocida como \u201cVecino Ejemplar\u201d por su legado ambiental en San Blas y el Partido de Patagones\"}]},{\"@type\":\"WebSite\",\"@id\":\"https:\\\/\\\/patagoniambiental.com.ar\\\/info\\\/#website\",\"url\":\"https:\\\/\\\/patagoniambiental.com.ar\\\/info\\\/\",\"name\":\"Patagonia Ambiental\",\"description\":\"Monitoreo y an\u00e1lisis de la situaci\u00f3n geopol\u00edtica en el mundo y su implicancia en la Patagonia\",\"publisher\":{\"@id\":\"https:\\\/\\\/patagoniambiental.com.ar\\\/info\\\/#organization\"},\"potentialAction\":[{\"@type\":\"SearchAction\",\"target\":{\"@type\":\"EntryPoint\",\"urlTemplate\":\"https:\\\/\\\/patagoniambiental.com.ar\\\/info\\\/?s={search_term_string}\"},\"query-input\":{\"@type\":\"PropertyValueSpecification\",\"valueRequired\":true,\"valueName\":\"search_term_string\"}}],\"inLanguage\":\"es\"},{\"@type\":\"Organization\",\"@id\":\"https:\\\/\\\/patagoniambiental.com.ar\\\/info\\\/#organization\",\"name\":\"Patagonia Ambiental\",\"url\":\"https:\\\/\\\/patagoniambiental.com.ar\\\/info\\\/\",\"logo\":{\"@type\":\"ImageObject\",\"inLanguage\":\"es\",\"@id\":\"https:\\\/\\\/patagoniambiental.com.ar\\\/info\\\/#\\\/schema\\\/logo\\\/image\\\/\",\"url\":\"https:\\\/\\\/patagoniambiental.com.ar\\\/info\\\/wp-content\\\/uploads\\\/2025\\\/05\\\/LOGO-PATAGONIA-AMBIENTAL.png\",\"contentUrl\":\"https:\\\/\\\/patagoniambiental.com.ar\\\/info\\\/wp-content\\\/uploads\\\/2025\\\/05\\\/LOGO-PATAGONIA-AMBIENTAL.png\",\"width\":433,\"height\":250,\"caption\":\"Patagonia Ambiental\"},\"image\":{\"@id\":\"https:\\\/\\\/patagoniambiental.com.ar\\\/info\\\/#\\\/schema\\\/logo\\\/image\\\/\"},\"sameAs\":[\"https:\\\/\\\/www.facebook.com\\\/patagonia.ambiental\",\"https:\\\/\\\/x.com\\\/PatAmb\"]},{\"@type\":\"Person\",\"@id\":\"https:\\\/\\\/patagoniambiental.com.ar\\\/info\\\/#\\\/schema\\\/person\\\/db12bff64bbcbf6a253710bf0ea37b5d\",\"name\":\"Patagonia Ambiental\",\"description\":\"Andr\u00e9s Nievas T\u00e9cnico en manejo ambiental, consultor Ambiental y escritor para medios locales e internacionales sobre temas de geopolitica y medio ambiente.\",\"sameAs\":[\"http:\\\/\\\/www.patagoniambiental.com.ar\",\"https:\\\/\\\/www.facebook.com\\\/share\\\/1C1V8Gv9BX\\\/?mibextid=qi2Omg\",\"@patagoniambiental\",\"https:\\\/\\\/youtube.com\\\/@patagoniaambiental2023?si=BLt58t0wuXquxlYZ\"]}]}<\/script>\n<!-- \/ Yoast SEO Premium plugin. -->","yoast_head_json":{"title":"Fundaci\u00f3n Amigos del \u00c1rbol y la Tierra: reconocida como \u201cVecino Ejemplar\u201d por su legado ambiental en San Blas y el Partido de Patagones En una jornada cargada de emoci\u00f3n y conciencia ecol\u00f3gica, el Honorable Concejo Deliberante del Partido de Patagones celebr\u00f3 su 16\u00aa Sesi\u00f3n Ordinaria \u2013 26\u00aa Reuni\u00f3n del Per\u00edodo Legislativo 2025","description":"En una jornada cargada de emoci\u00f3n y conciencia ecol\u00f3gica, el Honorable Concejo Deliberante del Partido de Patagones celebr\u00f3 su 16\u00aa Sesi\u00f3n Ordinaria \u2013 26\u00aa Reuni\u00f3n del Per\u00edodo Legislativo 2025, en la v\u00edspera del 204\u00b0 aniversario de San Blas, el pasado 15 de octubre de 2025, en el hist\u00f3rico Club Deportivo de Bah\u00eda San Blas.","robots":{"index":"index","follow":"follow","max-snippet":"max-snippet:-1","max-image-preview":"max-image-preview:large","max-video-preview":"max-video-preview:-1"},"canonical":"https:\/\/patagoniambiental.com.ar\/info\/fundacion-amigos-arbol\/","og_locale":"es_ES","og_type":"article","og_title":"Fundaci\u00f3n Amigos del \u00c1rbol y la Tierra: reconocida como \u201cVecino Ejemplar\u201d por su legado ambiental en San Blas y el Partido de Patagones","og_description":"En una jornada cargada de emoci\u00f3n y conciencia ecol\u00f3gica, el Honorable Concejo Deliberante del Partido de Patagones celebr\u00f3 su 16\u00aa Sesi\u00f3n Ordinaria \u2013 26\u00aa Reuni\u00f3n del Per\u00edodo Legislativo 2025, en la v\u00edspera del 204\u00b0 aniversario de San Blas, el pasado 15 de octubre de 2025, en el hist\u00f3rico Club Deportivo de Bah\u00eda San Blas.","og_url":"https:\/\/patagoniambiental.com.ar\/info\/fundacion-amigos-arbol\/","og_site_name":"Patagonia Ambiental","article_publisher":"https:\/\/www.facebook.com\/patagonia.ambiental","article_author":"https:\/\/www.facebook.com\/share\/1C1V8Gv9BX\/?mibextid=qi2Omg","article_published_time":"2025-10-23T00:09:23+00:00","article_modified_time":"2025-10-25T00:22:45+00:00","og_image":[{"width":800,"height":600,"url":"https:\/\/patagoniambiental.com.ar\/info\/wp-content\/uploads\/2025\/10\/FB_IMG_1761344151769.jpg","type":"image\/jpeg"}],"author":"Patagonia Ambiental","twitter_card":"summary_large_image","twitter_creator":"@PatAmb","twitter_site":"@PatAmb","schema":{"@context":"https:\/\/schema.org","@graph":[{"@type":"Article","@id":"https:\/\/patagoniambiental.com.ar\/info\/fundacion-amigos-arbol\/#article","isPartOf":{"@id":"https:\/\/patagoniambiental.com.ar\/info\/fundacion-amigos-arbol\/"},"author":{"name":"Patagonia Ambiental","@id":"https:\/\/patagoniambiental.com.ar\/info\/#\/schema\/person\/db12bff64bbcbf6a253710bf0ea37b5d"},"headline":"Fundaci\u00f3n Amigos del \u00c1rbol y la Tierra: reconocida como \u201cVecino Ejemplar\u201d por su legado ambiental en San Blas y el Partido de Patagones","datePublished":"2025-10-23T00:09:23+00:00","dateModified":"2025-10-25T00:22:45+00:00","mainEntityOfPage":{"@id":"https:\/\/patagoniambiental.com.ar\/info\/fundacion-amigos-arbol\/"},"wordCount":1812,"commentCount":0,"publisher":{"@id":"https:\/\/patagoniambiental.com.ar\/info\/#organization"},"image":{"@id":"https:\/\/patagoniambiental.com.ar\/info\/fundacion-amigos-arbol\/#primaryimage"},"thumbnailUrl":"https:\/\/patagoniambiental.com.ar\/info\/wp-content\/uploads\/2025\/10\/FB_IMG_1761344151769.jpg","articleSection":["Noticias","ONGs ambientalistas"],"inLanguage":"es","potentialAction":[{"@type":"CommentAction","name":"Comment","target":["https:\/\/patagoniambiental.com.ar\/info\/fundacion-amigos-arbol\/#respond"]}]},{"@type":"WebPage","@id":"https:\/\/patagoniambiental.com.ar\/info\/fundacion-amigos-arbol\/","url":"https:\/\/patagoniambiental.com.ar\/info\/fundacion-amigos-arbol\/","name":"Fundaci\u00f3n Amigos del \u00c1rbol y la Tierra: reconocida como \u201cVecino Ejemplar\u201d por su legado ambiental en San Blas y el Partido de Patagones En una jornada cargada de emoci\u00f3n y conciencia ecol\u00f3gica, el Honorable Concejo Deliberante del Partido de Patagones celebr\u00f3 su 16\u00aa Sesi\u00f3n Ordinaria \u2013 26\u00aa Reuni\u00f3n del Per\u00edodo Legislativo 2025","isPartOf":{"@id":"https:\/\/patagoniambiental.com.ar\/info\/#website"},"primaryImageOfPage":{"@id":"https:\/\/patagoniambiental.com.ar\/info\/fundacion-amigos-arbol\/#primaryimage"},"image":{"@id":"https:\/\/patagoniambiental.com.ar\/info\/fundacion-amigos-arbol\/#primaryimage"},"thumbnailUrl":"https:\/\/patagoniambiental.com.ar\/info\/wp-content\/uploads\/2025\/10\/FB_IMG_1761344151769.jpg","datePublished":"2025-10-23T00:09:23+00:00","dateModified":"2025-10-25T00:22:45+00:00","description":"En una jornada cargada de emoci\u00f3n y conciencia ecol\u00f3gica, el Honorable Concejo Deliberante del Partido de Patagones celebr\u00f3 su 16\u00aa Sesi\u00f3n Ordinaria \u2013 26\u00aa Reuni\u00f3n del Per\u00edodo Legislativo 2025, en la v\u00edspera del 204\u00b0 aniversario de San Blas, el pasado 15 de octubre de 2025, en el hist\u00f3rico Club Deportivo de Bah\u00eda San Blas.","breadcrumb":{"@id":"https:\/\/patagoniambiental.com.ar\/info\/fundacion-amigos-arbol\/#breadcrumb"},"inLanguage":"es","potentialAction":[{"@type":"ReadAction","target":["https:\/\/patagoniambiental.com.ar\/info\/fundacion-amigos-arbol\/"]}]},{"@type":"ImageObject","inLanguage":"es","@id":"https:\/\/patagoniambiental.com.ar\/info\/fundacion-amigos-arbol\/#primaryimage","url":"https:\/\/patagoniambiental.com.ar\/info\/wp-content\/uploads\/2025\/10\/FB_IMG_1761344151769.jpg","contentUrl":"https:\/\/patagoniambiental.com.ar\/info\/wp-content\/uploads\/2025\/10\/FB_IMG_1761344151769.jpg","width":800,"height":600,"caption":"Cr\u00e9dito: Fundaci\u00f3n Amigos del \u00c1rbol Viedma Patagones"},{"@type":"BreadcrumbList","@id":"https:\/\/patagoniambiental.com.ar\/info\/fundacion-amigos-arbol\/#breadcrumb","itemListElement":[{"@type":"ListItem","position":1,"name":"Inicio","item":"https:\/\/patagoniambiental.com.ar\/info\/"},{"@type":"ListItem","position":2,"name":"Fundaci\u00f3n Amigos del \u00c1rbol y la Tierra: reconocida como \u201cVecino Ejemplar\u201d por su legado ambiental en San Blas y el Partido de Patagones"}]},{"@type":"WebSite","@id":"https:\/\/patagoniambiental.com.ar\/info\/#website","url":"https:\/\/patagoniambiental.com.ar\/info\/","name":"Patagonia Ambiental","description":"Monitoreo y an\u00e1lisis de la situaci\u00f3n geopol\u00edtica en el mundo y su implicancia en la Patagonia","publisher":{"@id":"https:\/\/patagoniambiental.com.ar\/info\/#organization"},"potentialAction":[{"@type":"SearchAction","target":{"@type":"EntryPoint","urlTemplate":"https:\/\/patagoniambiental.com.ar\/info\/?s={search_term_string}"},"query-input":{"@type":"PropertyValueSpecification","valueRequired":true,"valueName":"search_term_string"}}],"inLanguage":"es"},{"@type":"Organization","@id":"https:\/\/patagoniambiental.com.ar\/info\/#organization","name":"Patagonia Ambiental","url":"https:\/\/patagoniambiental.com.ar\/info\/","logo":{"@type":"ImageObject","inLanguage":"es","@id":"https:\/\/patagoniambiental.com.ar\/info\/#\/schema\/logo\/image\/","url":"https:\/\/patagoniambiental.com.ar\/info\/wp-content\/uploads\/2025\/05\/LOGO-PATAGONIA-AMBIENTAL.png","contentUrl":"https:\/\/patagoniambiental.com.ar\/info\/wp-content\/uploads\/2025\/05\/LOGO-PATAGONIA-AMBIENTAL.png","width":433,"height":250,"caption":"Patagonia Ambiental"},"image":{"@id":"https:\/\/patagoniambiental.com.ar\/info\/#\/schema\/logo\/image\/"},"sameAs":["https:\/\/www.facebook.com\/patagonia.ambiental","https:\/\/x.com\/PatAmb"]},{"@type":"Person","@id":"https:\/\/patagoniambiental.com.ar\/info\/#\/schema\/person\/db12bff64bbcbf6a253710bf0ea37b5d","name":"Patagonia Ambiental","description":"Andr\u00e9s Nievas T\u00e9cnico en manejo ambiental, consultor Ambiental y escritor para medios locales e internacionales sobre temas de geopolitica y medio ambiente.","sameAs":["http:\/\/www.patagoniambiental.com.ar","https:\/\/www.facebook.com\/share\/1C1V8Gv9BX\/?mibextid=qi2Omg","@patagoniambiental","https:\/\/youtube.com\/@patagoniaambiental2023?si=BLt58t0wuXquxlYZ"]}]}},"_links":{"self":[{"href":"https:\/\/patagoniambiental.com.ar\/info\/wp-json\/wp\/v2\/posts\/99683","targetHints":{"allow":["GET"]}}],"collection":[{"href":"https:\/\/patagoniambiental.com.ar\/info\/wp-json\/wp\/v2\/posts"}],"about":[{"href":"https:\/\/patagoniambiental.com.ar\/info\/wp-json\/wp\/v2\/types\/post"}],"author":[{"embeddable":true,"href":"https:\/\/patagoniambiental.com.ar\/info\/wp-json\/wp\/v2\/users\/2"}],"replies":[{"embeddable":true,"href":"https:\/\/patagoniambiental.com.ar\/info\/wp-json\/wp\/v2\/comments?post=99683"}],"version-history":[{"count":3,"href":"https:\/\/patagoniambiental.com.ar\/info\/wp-json\/wp\/v2\/posts\/99683\/revisions"}],"predecessor-version":[{"id":99689,"href":"https:\/\/patagoniambiental.com.ar\/info\/wp-json\/wp\/v2\/posts\/99683\/revisions\/99689"}],"wp:featuredmedia":[{"embeddable":true,"href":"https:\/\/patagoniambiental.com.ar\/info\/wp-json\/wp\/v2\/media\/99684"}],"wp:attachment":[{"href":"https:\/\/patagoniambiental.com.ar\/info\/wp-json\/wp\/v2\/media?parent=99683"}],"wp:term":[{"taxonomy":"category","embeddable":true,"href":"https:\/\/patagoniambiental.com.ar\/info\/wp-json\/wp\/v2\/categories?post=99683"},{"taxonomy":"post_tag","embeddable":true,"href":"https:\/\/patagoniambiental.com.ar\/info\/wp-json\/wp\/v2\/tags?post=99683"}],"curies":[{"name":"wp","href":"https:\/\/api.w.org\/{rel}","templated":true}]}}