{"id":99702,"date":"2025-10-30T00:48:02","date_gmt":"2025-10-30T03:48:02","guid":{"rendered":"https:\/\/patagoniambiental.com.ar\/info\/?p=99702"},"modified":"2025-10-30T00:48:04","modified_gmt":"2025-10-30T03:48:04","slug":"capacitacion-rio-negro","status":"publish","type":"post","link":"https:\/\/patagoniambiental.com.ar\/info\/capacitacion-rio-negro\/","title":{"rendered":"Docentes al frente de la revoluci\u00f3n verde: R\u00edo Negro lanza capacitaci\u00f3n clave en educaci\u00f3n ambiental y agua para transformar la Patagonia Norte"},"content":{"rendered":"\n<!--more-->\n\n\n\n<p>Viedma, Rio Negro, 29 de octubre de 2025. En un momento decisivo para el futuro del planeta y de la regi\u00f3n, el Gobierno de R\u00edo Negro impulsa una iniciativa de alto impacto destinada a fortalecer la educaci\u00f3n ambiental, la gesti\u00f3n del agua y la adaptaci\u00f3n al cambio clim\u00e1tico en la Patagonia Norte. La formaci\u00f3n permanente para docentes, denominada <strong>\u201cEl Agua y el Ambiente: un enfoque integral desde la Educaci\u00f3n Ambiental\u201d<\/strong>, busca preparar a las comunidades escolares ante los desaf\u00edos crecientes vinculados al uso del agua, la conservaci\u00f3n de los ecosistemas y la construcci\u00f3n de una ciudadan\u00eda sustentable. Esta propuesta, impulsada junto a la Provincia de Neuqu\u00e9n, la Universidad Nacional del Comahue y la Autoridad Interjurisdiccional de Cuencas (AIC), se desarrollar\u00e1 en modalidad virtual y asincr\u00f3nica, con una carga total de 20 horas c\u00e1tedra. M\u00e1s que un curso, se trata de una apuesta estrat\u00e9gica para formar a quienes educan y convertir las aulas patag\u00f3nicas en espacios de acci\u00f3n ambiental y compromiso colectivo.<\/p>\n\n\n\n<p><strong>La educaci\u00f3n ambiental docente: una urgencia ineludible<\/strong><\/p>\n\n\n\n<p>En un contexto donde el cambio clim\u00e1tico y la escasez de recursos naturales son realidades palpables, la <strong>educaci\u00f3n ambiental<\/strong> se ha convertido en una prioridad. En provincias como R\u00edo Negro y Neuqu\u00e9n, los conflictos por el uso del agua, la presi\u00f3n sobre los ecosistemas y la necesidad de gestionar cuencas compartidas exigen profesionales con una mirada cr\u00edtica e interdisciplinaria. Formar docentes en estas tem\u00e1ticas significa empoderar a quienes tienen la capacidad de multiplicar conciencia ambiental dentro y fuera del aula. La capacitaci\u00f3n promueve los principios de la <strong>Ley 27.621 de Educaci\u00f3n Ambiental Integral<\/strong>, que impulsa una mirada situada y transversal de las problem\u00e1ticas ecol\u00f3gicas contempor\u00e1neas. En la Patagonia, donde los efectos del cambio clim\u00e1tico se sienten en la desertificaci\u00f3n, la p\u00e9rdida de biodiversidad y los eventos extremos, la formaci\u00f3n docente representa una herramienta clave para fortalecer el compromiso comunitario y la acci\u00f3n colectiva.<\/p>\n\n\n\n<p><strong>Una capacitaci\u00f3n dise\u00f1ada para transformar la ense\u00f1anza ambiental<\/strong><\/p>\n\n\n\n<p>La propuesta \u201cEl Agua y el Ambiente\u201d ofrece un recorrido dividido en tres m\u00f3dulos centrales:<br><strong>M\u00f3dulo 1:<\/strong> <em>Ambiente, desarrollo sustentable y Educaci\u00f3n Ambiental<\/em>, que aborda la sustentabilidad como un equilibrio entre las dimensiones ecol\u00f3gica, econ\u00f3mica y social, y ense\u00f1a a los docentes c\u00f3mo integrar esta mirada en sus pr\u00e1cticas educativas.<br><strong>M\u00f3dulo 2:<\/strong> <em>Cambio Clim\u00e1tico<\/em>, que profundiza en las causas, impactos y estrategias de adaptaci\u00f3n y mitigaci\u00f3n, con foco en la realidad patag\u00f3nica.<br><strong>M\u00f3dulo 3:<\/strong> <em>Gesti\u00f3n Integral de los Recursos H\u00eddricos<\/em>, donde el agua se analiza como bien com\u00fan y recurso estrat\u00e9gico, promoviendo una comprensi\u00f3n integral de las cuencas, la gobernanza y la cooperaci\u00f3n interprovincial.<br>Las inscripciones estar\u00e1n abiertas hasta el <strong>10 de noviembre<\/strong> en el campus virtual de formaci\u00f3n permanente del Ministerio de Educaci\u00f3n de R\u00edo Negro. La modalidad virtual y asincr\u00f3nica permite la participaci\u00f3n de docentes de escuelas secundarias, t\u00e9cnicas y de formaci\u00f3n profesional de toda la regi\u00f3n, superando barreras geogr\u00e1ficas y garantizando acceso equitativo al conocimiento ambiental.<\/p>\n\n\n\n<p><strong>Una alianza interprovincial con fuerte respaldo institucional<\/strong><\/p>\n\n\n\n<p>La iniciativa cuenta con el respaldo t\u00e9cnico e institucional del Gobierno de R\u00edo Negro, el Gobierno de Neuqu\u00e9n, la Universidad Nacional del Comahue, la Autoridad Interjurisdiccional de Cuencas (AIC), el Departamento Provincial de Aguas (DPA), la Subsecretar\u00eda de Recursos H\u00eddricos de Neuqu\u00e9n y las \u00e1reas ambientales de los municipios de Cipolletti y Neuqu\u00e9n. Esta articulaci\u00f3n interprovincial convierte a la capacitaci\u00f3n en una experiencia in\u00e9dita de cooperaci\u00f3n regional, donde las pol\u00edticas p\u00fablicas de ambas provincias convergen para fortalecer la educaci\u00f3n ambiental integral. La presencia de universidades y organismos t\u00e9cnicos garantiza la calidad acad\u00e9mica y cient\u00edfica de los contenidos, mientras que la participaci\u00f3n de los municipios permite vincular la formaci\u00f3n con la gesti\u00f3n territorial y las necesidades concretas de cada comunidad educativa.<\/p>\n\n\n\n<p><strong>Educaci\u00f3n, agua y cambio clim\u00e1tico: tres ejes que definen el futuro patag\u00f3nico<\/strong><\/p>\n\n\n\n<p>En la Patagonia Norte, la relaci\u00f3n entre educaci\u00f3n, agua y cambio clim\u00e1tico es cada vez m\u00e1s estrecha. El control de las cuencas compartidas, la gesti\u00f3n del recurso h\u00eddrico y la adaptaci\u00f3n a los impactos ambientales requieren una mirada integral que solo la educaci\u00f3n puede construir. Esta formaci\u00f3n docente propone justamente esa articulaci\u00f3n entre conocimiento, conciencia y acci\u00f3n. Al combinar el estudio del ambiente, el desarrollo sustentable y la gesti\u00f3n del agua, los docentes adquieren herramientas para ense\u00f1ar desde la pr\u00e1ctica, promover h\u00e1bitos responsables y fomentar la participaci\u00f3n de sus comunidades. En una regi\u00f3n donde los desaf\u00edos ambientales trascienden las fronteras provinciales, esta capacitaci\u00f3n se convierte en una respuesta concreta y necesaria.<\/p>\n\n\n\n<p><strong>La Patagonia como aula viva para la educaci\u00f3n ambiental<\/strong><\/p>\n\n\n\n<p>El curso no solo se enfoca en los contenidos te\u00f3ricos, sino que promueve una conexi\u00f3n directa con el territorio. R\u00edo Negro y Neuqu\u00e9n son escenarios donde los conflictos por el agua, la expansi\u00f3n urbana y las actividades productivas impactan sobre los ecosistemas. Desde esta realidad, la capacitaci\u00f3n invita a los docentes a reconocer sus propias comunidades como laboratorios de aprendizaje ambiental. Las escuelas, por su papel en la formaci\u00f3n ciudadana, son el espacio ideal para multiplicar la conciencia ecol\u00f3gica, incentivar proyectos escolares sostenibles y fomentar la participaci\u00f3n estudiantil en temas como reciclaje, energ\u00edas limpias y uso racional del agua. De este modo, la educaci\u00f3n ambiental deja de ser una materia m\u00e1s y se convierte en una filosof\u00eda transversal a toda la ense\u00f1anza.<\/p>\n\n\n\n<p><strong>Una propuesta que responde a las b\u00fasquedas e intereses actuales<\/strong><\/p>\n\n\n\n<p>Cada vez m\u00e1s docentes buscan en internet opciones de <strong>formaci\u00f3n ambiental<\/strong>, <strong>cursos sobre cambio clim\u00e1tico<\/strong>, o <strong>capacitaciones sobre gesti\u00f3n del agua<\/strong>. Esta iniciativa responde de forma precisa a esa necesidad, combinando accesibilidad, contenido actualizado y pertinencia regional. La capacitaci\u00f3n permite a los docentes incorporar en sus aulas temas contempor\u00e1neos que despiertan el inter\u00e9s de los estudiantes, como la crisis clim\u00e1tica, la biodiversidad y el uso responsable del agua. Adem\u00e1s, ofrece certificaci\u00f3n oficial y un enfoque interdisciplinario que potencia la inserci\u00f3n de la educaci\u00f3n ambiental en el curr\u00edculo escolar. Es una respuesta educativa adaptada al contexto digital, accesible para docentes de todo el territorio y dise\u00f1ada con criterios de calidad y actualizaci\u00f3n cient\u00edfica.<\/p>\n\n\n\n<p><strong>El valor de la cooperaci\u00f3n institucional en la educaci\u00f3n ambiental<\/strong><\/p>\n\n\n\n<p>El \u00e9xito de esta propuesta radica en su esp\u00edritu colaborativo. Las instituciones que participan \u2014entre ellas la <strong>Universidad Nacional del Comahue<\/strong>, la <strong>AIC<\/strong> y los ministerios de educaci\u00f3n y ambiente de ambas provincias\u2014 aportan su conocimiento t\u00e9cnico, su experiencia territorial y su capacidad de gesti\u00f3n. Esta red de cooperaci\u00f3n p\u00fablico-acad\u00e9mica fortalece la legitimidad del programa y garantiza que la formaci\u00f3n tenga impacto real. Adem\u00e1s, promueve el intercambio de saberes entre profesionales de distintas disciplinas, generando una comunidad educativa que comparte un mismo objetivo: formar ciudadanos comprometidos con la sostenibilidad y la protecci\u00f3n del ambiente.<\/p>\n\n\n\n<p><strong>La educaci\u00f3n ambiental como pol\u00edtica p\u00fablica de largo plazo<\/strong><\/p>\n\n\n\n<p>Este programa se enmarca en una visi\u00f3n estrat\u00e9gica que reconoce a la educaci\u00f3n como herramienta de transformaci\u00f3n social. En el contexto global de crisis clim\u00e1tica, la educaci\u00f3n ambiental es una pol\u00edtica p\u00fablica esencial para preparar a las nuevas generaciones frente a los desaf\u00edos ecol\u00f3gicos y sociales del siglo XXI. La Patagonia Norte, con su enorme riqueza natural y sus problemas emergentes, requiere docentes capaces de liderar procesos de cambio, integrar el conocimiento local con la ciencia global y promover el di\u00e1logo entre comunidad, gobierno y escuela. Esta capacitaci\u00f3n representa un paso firme en esa direcci\u00f3n y sienta las bases de una red educativa ambiental s\u00f3lida y permanente.<\/p>\n\n\n\n<p><strong>Una oportunidad para que los docentes sean protagonistas del cambio<\/strong><\/p>\n\n\n\n<p>Ser parte de esta capacitaci\u00f3n no es solo acceder a nuevos contenidos acad\u00e9micos: es participar en una transformaci\u00f3n cultural. Los docentes formados en educaci\u00f3n ambiental se convierten en multiplicadores del cambio, capaces de inspirar a sus estudiantes y a sus comunidades. La escuela, en este marco, se convierte en un espacio donde se aprenden valores, se generan proyectos sustentables y se construye ciudadan\u00eda ecol\u00f3gica. Este programa ofrece herramientas concretas para pasar del conocimiento a la acci\u00f3n, del aula a la comunidad, y del discurso ambiental a las pr\u00e1cticas sostenibles.<\/p>\n\n\n\n<p><strong>Reflexi\u00f3n final y llamado a la acci\u00f3n<\/strong><\/p>\n\n\n\n<p>La formaci\u00f3n docente en educaci\u00f3n ambiental que impulsa el Gobierno de R\u00edo Negro junto a Neuqu\u00e9n y la Universidad Nacional del Comahue no es una acci\u00f3n aislada: es una apuesta estrat\u00e9gica por el futuro. En tiempos donde el cambio clim\u00e1tico, la escasez de agua y la p\u00e9rdida de biodiversidad amenazan a la regi\u00f3n, fortalecer la educaci\u00f3n ambiental es fortalecer la resiliencia social. Esta capacitaci\u00f3n ofrece a los docentes la oportunidad de ser protagonistas de una nueva era educativa, en la que ense\u00f1ar sobre el ambiente significa tambi\u00e9n ense\u00f1ar a cuidar la vida. Las inscripciones est\u00e1n abiertas hasta el <strong>10 de noviembre<\/strong> en el campus virtual del Ministerio de Educaci\u00f3n de R\u00edo Negro. Ser parte de este trayecto formativo es tambi\u00e9n ser parte del cambio que la Patagonia necesita.<br><\/p>\n","protected":false},"excerpt":{"rendered":"","protected":false},"author":2,"featured_media":99703,"comment_status":"open","ping_status":"open","sticky":false,"template":"","format":"standard","meta":{"site-sidebar-layout":"default","site-content-layout":"","ast-site-content-layout":"default","site-content-style":"default","site-sidebar-style":"default","ast-global-header-display":"","ast-banner-title-visibility":"","ast-main-header-display":"","ast-hfb-above-header-display":"","ast-hfb-below-header-display":"","ast-hfb-mobile-header-display":"","site-post-title":"","ast-breadcrumbs-content":"","ast-featured-img":"","footer-sml-layout":"","ast-disable-related-posts":"","theme-transparent-header-meta":"","adv-header-id-meta":"","stick-header-meta":"","header-above-stick-meta":"","header-main-stick-meta":"","header-below-stick-meta":"","astra-migrate-meta-layouts":"default","ast-page-background-enabled":"default","ast-page-background-meta":{"desktop":{"background-color":"var(--ast-global-color-5)","background-image":"","background-repeat":"repeat","background-position":"center center","background-size":"auto","background-attachment":"scroll","background-type":"","background-media":"","overlay-type":"","overlay-color":"","overlay-opacity":"","overlay-gradient":""},"tablet":{"background-color":"","background-image":"","background-repeat":"repeat","background-position":"center center","background-size":"auto","background-attachment":"scroll","background-type":"","background-media":"","overlay-type":"","overlay-color":"","overlay-opacity":"","overlay-gradient":""},"mobile":{"background-color":"","background-image":"","background-repeat":"repeat","background-position":"center center","background-size":"auto","background-attachment":"scroll","background-type":"","background-media":"","overlay-type":"","overlay-color":"","overlay-opacity":"","overlay-gradient":""}},"ast-content-background-meta":{"desktop":{"background-color":"var(--ast-global-color-4)","background-image":"","background-repeat":"repeat","background-position":"center center","background-size":"auto","background-attachment":"scroll","background-type":"","background-media":"","overlay-type":"","overlay-color":"","overlay-opacity":"","overlay-gradient":""},"tablet":{"background-color":"var(--ast-global-color-4)","background-image":"","background-repeat":"repeat","background-position":"center center","background-size":"auto","background-attachment":"scroll","background-type":"","background-media":"","overlay-type":"","overlay-color":"","overlay-opacity":"","overlay-gradient":""},"mobile":{"background-color":"var(--ast-global-color-4)","background-image":"","background-repeat":"repeat","background-position":"center center","background-size":"auto","background-attachment":"scroll","background-type":"","background-media":"","overlay-type":"","overlay-color":"","overlay-opacity":"","overlay-gradient":""}},"footnotes":""},"categories":[12,1],"tags":[],"class_list":["post-99702","post","type-post","status-publish","format-standard","has-post-thumbnail","hentry","category-agenda-ambiental","category-noticias"],"yoast_head":"<!-- This site is optimized with the Yoast SEO Premium plugin v23.0 (Yoast SEO v27.5) - https:\/\/yoast.com\/product\/yoast-seo-premium-wordpress\/ -->\n<title>Docentes al frente de la revoluci\u00f3n verde: R\u00edo Negro lanza capacitaci\u00f3n clave en educaci\u00f3n ambiental y agua para transformar la Patagonia Norte En un momento decisivo para el futuro del planeta y de la regi\u00f3n, el Gobierno de R\u00edo Negro impulsa una iniciativa de alto impacto<\/title>\n<meta name=\"description\" content=\"En un momento decisivo para el futuro del planeta y de la regi\u00f3n, el Gobierno de R\u00edo Negro impulsa una iniciativa de alto impacto destinada a fortalecer la educaci\u00f3n ambiental, la gesti\u00f3n del agua y la adaptaci\u00f3n al cambio clim\u00e1tico en la Patagonia Norte.\" \/>\n<meta name=\"robots\" content=\"index, follow, max-snippet:-1, max-image-preview:large, max-video-preview:-1\" \/>\n<link rel=\"canonical\" href=\"https:\/\/patagoniambiental.com.ar\/info\/capacitacion-rio-negro\/\" \/>\n<meta property=\"og:locale\" content=\"es_ES\" \/>\n<meta property=\"og:type\" content=\"article\" \/>\n<meta property=\"og:title\" content=\"Docentes al frente de la revoluci\u00f3n verde: R\u00edo Negro lanza capacitaci\u00f3n clave en educaci\u00f3n ambiental y agua para transformar la Patagonia Norte\" \/>\n<meta property=\"og:description\" content=\"En un momento decisivo para el futuro del planeta y de la regi\u00f3n, el Gobierno de R\u00edo Negro impulsa una iniciativa de alto impacto destinada a fortalecer la educaci\u00f3n ambiental, la gesti\u00f3n del agua y la adaptaci\u00f3n al cambio clim\u00e1tico en la Patagonia Norte.\" \/>\n<meta property=\"og:url\" content=\"https:\/\/patagoniambiental.com.ar\/info\/capacitacion-rio-negro\/\" \/>\n<meta property=\"og:site_name\" content=\"Patagonia Ambiental\" \/>\n<meta property=\"article:publisher\" content=\"https:\/\/www.facebook.com\/patagonia.ambiental\" \/>\n<meta property=\"article:author\" content=\"https:\/\/www.facebook.com\/share\/1C1V8Gv9BX\/?mibextid=qi2Omg\" \/>\n<meta property=\"article:published_time\" content=\"2025-10-30T03:48:02+00:00\" \/>\n<meta property=\"article:modified_time\" content=\"2025-10-30T03:48:04+00:00\" \/>\n<meta property=\"og:image\" content=\"https:\/\/patagoniambiental.com.ar\/info\/wp-content\/uploads\/2025\/10\/1761751889_8a3a2a0ef9555dad3f28.jpg\" \/>\n\t<meta property=\"og:image:width\" content=\"1068\" \/>\n\t<meta property=\"og:image:height\" content=\"600\" \/>\n\t<meta property=\"og:image:type\" content=\"image\/jpeg\" \/>\n<meta name=\"author\" content=\"Patagonia Ambiental\" \/>\n<meta name=\"twitter:card\" content=\"summary_large_image\" \/>\n<meta name=\"twitter:creator\" content=\"@PatAmb\" \/>\n<meta name=\"twitter:site\" content=\"@PatAmb\" \/>\n<script type=\"application\/ld+json\" class=\"yoast-schema-graph\">{\"@context\":\"https:\\\/\\\/schema.org\",\"@graph\":[{\"@type\":\"Article\",\"@id\":\"https:\\\/\\\/patagoniambiental.com.ar\\\/info\\\/capacitacion-rio-negro\\\/#article\",\"isPartOf\":{\"@id\":\"https:\\\/\\\/patagoniambiental.com.ar\\\/info\\\/capacitacion-rio-negro\\\/\"},\"author\":{\"name\":\"Patagonia Ambiental\",\"@id\":\"https:\\\/\\\/patagoniambiental.com.ar\\\/info\\\/#\\\/schema\\\/person\\\/db12bff64bbcbf6a253710bf0ea37b5d\"},\"headline\":\"Docentes al frente de la revoluci\u00f3n verde: R\u00edo Negro lanza capacitaci\u00f3n clave en educaci\u00f3n ambiental y agua para transformar la Patagonia Norte\",\"datePublished\":\"2025-10-30T03:48:02+00:00\",\"dateModified\":\"2025-10-30T03:48:04+00:00\",\"mainEntityOfPage\":{\"@id\":\"https:\\\/\\\/patagoniambiental.com.ar\\\/info\\\/capacitacion-rio-negro\\\/\"},\"wordCount\":1653,\"commentCount\":0,\"publisher\":{\"@id\":\"https:\\\/\\\/patagoniambiental.com.ar\\\/info\\\/#organization\"},\"image\":{\"@id\":\"https:\\\/\\\/patagoniambiental.com.ar\\\/info\\\/capacitacion-rio-negro\\\/#primaryimage\"},\"thumbnailUrl\":\"https:\\\/\\\/patagoniambiental.com.ar\\\/info\\\/wp-content\\\/uploads\\\/2025\\\/10\\\/1761751889_8a3a2a0ef9555dad3f28.jpg\",\"articleSection\":[\"Agenda Ambiental\",\"Noticias\"],\"inLanguage\":\"es\",\"potentialAction\":[{\"@type\":\"CommentAction\",\"name\":\"Comment\",\"target\":[\"https:\\\/\\\/patagoniambiental.com.ar\\\/info\\\/capacitacion-rio-negro\\\/#respond\"]}]},{\"@type\":\"WebPage\",\"@id\":\"https:\\\/\\\/patagoniambiental.com.ar\\\/info\\\/capacitacion-rio-negro\\\/\",\"url\":\"https:\\\/\\\/patagoniambiental.com.ar\\\/info\\\/capacitacion-rio-negro\\\/\",\"name\":\"Docentes al frente de la revoluci\u00f3n verde: R\u00edo Negro lanza capacitaci\u00f3n clave en educaci\u00f3n ambiental y agua para transformar la Patagonia Norte En un momento decisivo para el futuro del planeta y de la regi\u00f3n, el Gobierno de R\u00edo Negro impulsa una iniciativa de alto impacto\",\"isPartOf\":{\"@id\":\"https:\\\/\\\/patagoniambiental.com.ar\\\/info\\\/#website\"},\"primaryImageOfPage\":{\"@id\":\"https:\\\/\\\/patagoniambiental.com.ar\\\/info\\\/capacitacion-rio-negro\\\/#primaryimage\"},\"image\":{\"@id\":\"https:\\\/\\\/patagoniambiental.com.ar\\\/info\\\/capacitacion-rio-negro\\\/#primaryimage\"},\"thumbnailUrl\":\"https:\\\/\\\/patagoniambiental.com.ar\\\/info\\\/wp-content\\\/uploads\\\/2025\\\/10\\\/1761751889_8a3a2a0ef9555dad3f28.jpg\",\"datePublished\":\"2025-10-30T03:48:02+00:00\",\"dateModified\":\"2025-10-30T03:48:04+00:00\",\"description\":\"En un momento decisivo para el futuro del planeta y de la regi\u00f3n, el Gobierno de R\u00edo Negro impulsa una iniciativa de alto impacto destinada a fortalecer la educaci\u00f3n ambiental, la gesti\u00f3n del agua y la adaptaci\u00f3n al cambio clim\u00e1tico en la Patagonia Norte.\",\"breadcrumb\":{\"@id\":\"https:\\\/\\\/patagoniambiental.com.ar\\\/info\\\/capacitacion-rio-negro\\\/#breadcrumb\"},\"inLanguage\":\"es\",\"potentialAction\":[{\"@type\":\"ReadAction\",\"target\":[\"https:\\\/\\\/patagoniambiental.com.ar\\\/info\\\/capacitacion-rio-negro\\\/\"]}]},{\"@type\":\"ImageObject\",\"inLanguage\":\"es\",\"@id\":\"https:\\\/\\\/patagoniambiental.com.ar\\\/info\\\/capacitacion-rio-negro\\\/#primaryimage\",\"url\":\"https:\\\/\\\/patagoniambiental.com.ar\\\/info\\\/wp-content\\\/uploads\\\/2025\\\/10\\\/1761751889_8a3a2a0ef9555dad3f28.jpg\",\"contentUrl\":\"https:\\\/\\\/patagoniambiental.com.ar\\\/info\\\/wp-content\\\/uploads\\\/2025\\\/10\\\/1761751889_8a3a2a0ef9555dad3f28.jpg\",\"width\":1068,\"height\":600,\"caption\":\"Cr\u00e9dito: Gobierno de Rio Negro\"},{\"@type\":\"BreadcrumbList\",\"@id\":\"https:\\\/\\\/patagoniambiental.com.ar\\\/info\\\/capacitacion-rio-negro\\\/#breadcrumb\",\"itemListElement\":[{\"@type\":\"ListItem\",\"position\":1,\"name\":\"Inicio\",\"item\":\"https:\\\/\\\/patagoniambiental.com.ar\\\/info\\\/\"},{\"@type\":\"ListItem\",\"position\":2,\"name\":\"Docentes al frente de la revoluci\u00f3n verde: R\u00edo Negro lanza capacitaci\u00f3n clave en educaci\u00f3n ambiental y agua para transformar la Patagonia Norte\"}]},{\"@type\":\"WebSite\",\"@id\":\"https:\\\/\\\/patagoniambiental.com.ar\\\/info\\\/#website\",\"url\":\"https:\\\/\\\/patagoniambiental.com.ar\\\/info\\\/\",\"name\":\"Patagonia Ambiental\",\"description\":\"Monitoreo y an\u00e1lisis de la situaci\u00f3n geopol\u00edtica en el mundo y su implicancia en la Patagonia\",\"publisher\":{\"@id\":\"https:\\\/\\\/patagoniambiental.com.ar\\\/info\\\/#organization\"},\"potentialAction\":[{\"@type\":\"SearchAction\",\"target\":{\"@type\":\"EntryPoint\",\"urlTemplate\":\"https:\\\/\\\/patagoniambiental.com.ar\\\/info\\\/?s={search_term_string}\"},\"query-input\":{\"@type\":\"PropertyValueSpecification\",\"valueRequired\":true,\"valueName\":\"search_term_string\"}}],\"inLanguage\":\"es\"},{\"@type\":\"Organization\",\"@id\":\"https:\\\/\\\/patagoniambiental.com.ar\\\/info\\\/#organization\",\"name\":\"Patagonia Ambiental\",\"url\":\"https:\\\/\\\/patagoniambiental.com.ar\\\/info\\\/\",\"logo\":{\"@type\":\"ImageObject\",\"inLanguage\":\"es\",\"@id\":\"https:\\\/\\\/patagoniambiental.com.ar\\\/info\\\/#\\\/schema\\\/logo\\\/image\\\/\",\"url\":\"https:\\\/\\\/patagoniambiental.com.ar\\\/info\\\/wp-content\\\/uploads\\\/2025\\\/05\\\/LOGO-PATAGONIA-AMBIENTAL.png\",\"contentUrl\":\"https:\\\/\\\/patagoniambiental.com.ar\\\/info\\\/wp-content\\\/uploads\\\/2025\\\/05\\\/LOGO-PATAGONIA-AMBIENTAL.png\",\"width\":433,\"height\":250,\"caption\":\"Patagonia Ambiental\"},\"image\":{\"@id\":\"https:\\\/\\\/patagoniambiental.com.ar\\\/info\\\/#\\\/schema\\\/logo\\\/image\\\/\"},\"sameAs\":[\"https:\\\/\\\/www.facebook.com\\\/patagonia.ambiental\",\"https:\\\/\\\/x.com\\\/PatAmb\"]},{\"@type\":\"Person\",\"@id\":\"https:\\\/\\\/patagoniambiental.com.ar\\\/info\\\/#\\\/schema\\\/person\\\/db12bff64bbcbf6a253710bf0ea37b5d\",\"name\":\"Patagonia Ambiental\",\"description\":\"Andr\u00e9s Nievas T\u00e9cnico en manejo ambiental, consultor Ambiental y escritor para medios locales e internacionales sobre temas de geopolitica y medio ambiente.\",\"sameAs\":[\"http:\\\/\\\/www.patagoniambiental.com.ar\",\"https:\\\/\\\/www.facebook.com\\\/share\\\/1C1V8Gv9BX\\\/?mibextid=qi2Omg\",\"@patagoniambiental\",\"https:\\\/\\\/youtube.com\\\/@patagoniaambiental2023?si=BLt58t0wuXquxlYZ\"]}]}<\/script>\n<!-- \/ Yoast SEO Premium plugin. -->","yoast_head_json":{"title":"Docentes al frente de la revoluci\u00f3n verde: R\u00edo Negro lanza capacitaci\u00f3n clave en educaci\u00f3n ambiental y agua para transformar la Patagonia Norte En un momento decisivo para el futuro del planeta y de la regi\u00f3n, el Gobierno de R\u00edo Negro impulsa una iniciativa de alto impacto","description":"En un momento decisivo para el futuro del planeta y de la regi\u00f3n, el Gobierno de R\u00edo Negro impulsa una iniciativa de alto impacto destinada a fortalecer la educaci\u00f3n ambiental, la gesti\u00f3n del agua y la adaptaci\u00f3n al cambio clim\u00e1tico en la Patagonia Norte.","robots":{"index":"index","follow":"follow","max-snippet":"max-snippet:-1","max-image-preview":"max-image-preview:large","max-video-preview":"max-video-preview:-1"},"canonical":"https:\/\/patagoniambiental.com.ar\/info\/capacitacion-rio-negro\/","og_locale":"es_ES","og_type":"article","og_title":"Docentes al frente de la revoluci\u00f3n verde: R\u00edo Negro lanza capacitaci\u00f3n clave en educaci\u00f3n ambiental y agua para transformar la Patagonia Norte","og_description":"En un momento decisivo para el futuro del planeta y de la regi\u00f3n, el Gobierno de R\u00edo Negro impulsa una iniciativa de alto impacto destinada a fortalecer la educaci\u00f3n ambiental, la gesti\u00f3n del agua y la adaptaci\u00f3n al cambio clim\u00e1tico en la Patagonia Norte.","og_url":"https:\/\/patagoniambiental.com.ar\/info\/capacitacion-rio-negro\/","og_site_name":"Patagonia Ambiental","article_publisher":"https:\/\/www.facebook.com\/patagonia.ambiental","article_author":"https:\/\/www.facebook.com\/share\/1C1V8Gv9BX\/?mibextid=qi2Omg","article_published_time":"2025-10-30T03:48:02+00:00","article_modified_time":"2025-10-30T03:48:04+00:00","og_image":[{"width":1068,"height":600,"url":"https:\/\/patagoniambiental.com.ar\/info\/wp-content\/uploads\/2025\/10\/1761751889_8a3a2a0ef9555dad3f28.jpg","type":"image\/jpeg"}],"author":"Patagonia Ambiental","twitter_card":"summary_large_image","twitter_creator":"@PatAmb","twitter_site":"@PatAmb","schema":{"@context":"https:\/\/schema.org","@graph":[{"@type":"Article","@id":"https:\/\/patagoniambiental.com.ar\/info\/capacitacion-rio-negro\/#article","isPartOf":{"@id":"https:\/\/patagoniambiental.com.ar\/info\/capacitacion-rio-negro\/"},"author":{"name":"Patagonia Ambiental","@id":"https:\/\/patagoniambiental.com.ar\/info\/#\/schema\/person\/db12bff64bbcbf6a253710bf0ea37b5d"},"headline":"Docentes al frente de la revoluci\u00f3n verde: R\u00edo Negro lanza capacitaci\u00f3n clave en educaci\u00f3n ambiental y agua para transformar la Patagonia Norte","datePublished":"2025-10-30T03:48:02+00:00","dateModified":"2025-10-30T03:48:04+00:00","mainEntityOfPage":{"@id":"https:\/\/patagoniambiental.com.ar\/info\/capacitacion-rio-negro\/"},"wordCount":1653,"commentCount":0,"publisher":{"@id":"https:\/\/patagoniambiental.com.ar\/info\/#organization"},"image":{"@id":"https:\/\/patagoniambiental.com.ar\/info\/capacitacion-rio-negro\/#primaryimage"},"thumbnailUrl":"https:\/\/patagoniambiental.com.ar\/info\/wp-content\/uploads\/2025\/10\/1761751889_8a3a2a0ef9555dad3f28.jpg","articleSection":["Agenda Ambiental","Noticias"],"inLanguage":"es","potentialAction":[{"@type":"CommentAction","name":"Comment","target":["https:\/\/patagoniambiental.com.ar\/info\/capacitacion-rio-negro\/#respond"]}]},{"@type":"WebPage","@id":"https:\/\/patagoniambiental.com.ar\/info\/capacitacion-rio-negro\/","url":"https:\/\/patagoniambiental.com.ar\/info\/capacitacion-rio-negro\/","name":"Docentes al frente de la revoluci\u00f3n verde: R\u00edo Negro lanza capacitaci\u00f3n clave en educaci\u00f3n ambiental y agua para transformar la Patagonia Norte En un momento decisivo para el futuro del planeta y de la regi\u00f3n, el Gobierno de R\u00edo Negro impulsa una iniciativa de alto impacto","isPartOf":{"@id":"https:\/\/patagoniambiental.com.ar\/info\/#website"},"primaryImageOfPage":{"@id":"https:\/\/patagoniambiental.com.ar\/info\/capacitacion-rio-negro\/#primaryimage"},"image":{"@id":"https:\/\/patagoniambiental.com.ar\/info\/capacitacion-rio-negro\/#primaryimage"},"thumbnailUrl":"https:\/\/patagoniambiental.com.ar\/info\/wp-content\/uploads\/2025\/10\/1761751889_8a3a2a0ef9555dad3f28.jpg","datePublished":"2025-10-30T03:48:02+00:00","dateModified":"2025-10-30T03:48:04+00:00","description":"En un momento decisivo para el futuro del planeta y de la regi\u00f3n, el Gobierno de R\u00edo Negro impulsa una iniciativa de alto impacto destinada a fortalecer la educaci\u00f3n ambiental, la gesti\u00f3n del agua y la adaptaci\u00f3n al cambio clim\u00e1tico en la Patagonia Norte.","breadcrumb":{"@id":"https:\/\/patagoniambiental.com.ar\/info\/capacitacion-rio-negro\/#breadcrumb"},"inLanguage":"es","potentialAction":[{"@type":"ReadAction","target":["https:\/\/patagoniambiental.com.ar\/info\/capacitacion-rio-negro\/"]}]},{"@type":"ImageObject","inLanguage":"es","@id":"https:\/\/patagoniambiental.com.ar\/info\/capacitacion-rio-negro\/#primaryimage","url":"https:\/\/patagoniambiental.com.ar\/info\/wp-content\/uploads\/2025\/10\/1761751889_8a3a2a0ef9555dad3f28.jpg","contentUrl":"https:\/\/patagoniambiental.com.ar\/info\/wp-content\/uploads\/2025\/10\/1761751889_8a3a2a0ef9555dad3f28.jpg","width":1068,"height":600,"caption":"Cr\u00e9dito: Gobierno de Rio Negro"},{"@type":"BreadcrumbList","@id":"https:\/\/patagoniambiental.com.ar\/info\/capacitacion-rio-negro\/#breadcrumb","itemListElement":[{"@type":"ListItem","position":1,"name":"Inicio","item":"https:\/\/patagoniambiental.com.ar\/info\/"},{"@type":"ListItem","position":2,"name":"Docentes al frente de la revoluci\u00f3n verde: R\u00edo Negro lanza capacitaci\u00f3n clave en educaci\u00f3n ambiental y agua para transformar la Patagonia Norte"}]},{"@type":"WebSite","@id":"https:\/\/patagoniambiental.com.ar\/info\/#website","url":"https:\/\/patagoniambiental.com.ar\/info\/","name":"Patagonia Ambiental","description":"Monitoreo y an\u00e1lisis de la situaci\u00f3n geopol\u00edtica en el mundo y su implicancia en la Patagonia","publisher":{"@id":"https:\/\/patagoniambiental.com.ar\/info\/#organization"},"potentialAction":[{"@type":"SearchAction","target":{"@type":"EntryPoint","urlTemplate":"https:\/\/patagoniambiental.com.ar\/info\/?s={search_term_string}"},"query-input":{"@type":"PropertyValueSpecification","valueRequired":true,"valueName":"search_term_string"}}],"inLanguage":"es"},{"@type":"Organization","@id":"https:\/\/patagoniambiental.com.ar\/info\/#organization","name":"Patagonia Ambiental","url":"https:\/\/patagoniambiental.com.ar\/info\/","logo":{"@type":"ImageObject","inLanguage":"es","@id":"https:\/\/patagoniambiental.com.ar\/info\/#\/schema\/logo\/image\/","url":"https:\/\/patagoniambiental.com.ar\/info\/wp-content\/uploads\/2025\/05\/LOGO-PATAGONIA-AMBIENTAL.png","contentUrl":"https:\/\/patagoniambiental.com.ar\/info\/wp-content\/uploads\/2025\/05\/LOGO-PATAGONIA-AMBIENTAL.png","width":433,"height":250,"caption":"Patagonia Ambiental"},"image":{"@id":"https:\/\/patagoniambiental.com.ar\/info\/#\/schema\/logo\/image\/"},"sameAs":["https:\/\/www.facebook.com\/patagonia.ambiental","https:\/\/x.com\/PatAmb"]},{"@type":"Person","@id":"https:\/\/patagoniambiental.com.ar\/info\/#\/schema\/person\/db12bff64bbcbf6a253710bf0ea37b5d","name":"Patagonia Ambiental","description":"Andr\u00e9s Nievas T\u00e9cnico en manejo ambiental, consultor Ambiental y escritor para medios locales e internacionales sobre temas de geopolitica y medio ambiente.","sameAs":["http:\/\/www.patagoniambiental.com.ar","https:\/\/www.facebook.com\/share\/1C1V8Gv9BX\/?mibextid=qi2Omg","@patagoniambiental","https:\/\/youtube.com\/@patagoniaambiental2023?si=BLt58t0wuXquxlYZ"]}]}},"_links":{"self":[{"href":"https:\/\/patagoniambiental.com.ar\/info\/wp-json\/wp\/v2\/posts\/99702","targetHints":{"allow":["GET"]}}],"collection":[{"href":"https:\/\/patagoniambiental.com.ar\/info\/wp-json\/wp\/v2\/posts"}],"about":[{"href":"https:\/\/patagoniambiental.com.ar\/info\/wp-json\/wp\/v2\/types\/post"}],"author":[{"embeddable":true,"href":"https:\/\/patagoniambiental.com.ar\/info\/wp-json\/wp\/v2\/users\/2"}],"replies":[{"embeddable":true,"href":"https:\/\/patagoniambiental.com.ar\/info\/wp-json\/wp\/v2\/comments?post=99702"}],"version-history":[{"count":1,"href":"https:\/\/patagoniambiental.com.ar\/info\/wp-json\/wp\/v2\/posts\/99702\/revisions"}],"predecessor-version":[{"id":99704,"href":"https:\/\/patagoniambiental.com.ar\/info\/wp-json\/wp\/v2\/posts\/99702\/revisions\/99704"}],"wp:featuredmedia":[{"embeddable":true,"href":"https:\/\/patagoniambiental.com.ar\/info\/wp-json\/wp\/v2\/media\/99703"}],"wp:attachment":[{"href":"https:\/\/patagoniambiental.com.ar\/info\/wp-json\/wp\/v2\/media?parent=99702"}],"wp:term":[{"taxonomy":"category","embeddable":true,"href":"https:\/\/patagoniambiental.com.ar\/info\/wp-json\/wp\/v2\/categories?post=99702"},{"taxonomy":"post_tag","embeddable":true,"href":"https:\/\/patagoniambiental.com.ar\/info\/wp-json\/wp\/v2\/tags?post=99702"}],"curies":[{"name":"wp","href":"https:\/\/api.w.org\/{rel}","templated":true}]}}