{"id":99738,"date":"2025-10-24T08:00:00","date_gmt":"2025-10-24T11:00:00","guid":{"rendered":"https:\/\/patagoniambiental.com.ar\/info\/?p=99738"},"modified":"2025-12-13T20:25:30","modified_gmt":"2025-12-13T23:25:30","slug":"dia-contra-cambio-climatico","status":"publish","type":"post","link":"https:\/\/patagoniambiental.com.ar\/info\/dia-contra-cambio-climatico\/","title":{"rendered":"R\u00edo Negro se posiciona como l\u00edder en acci\u00f3n clim\u00e1tica: gesti\u00f3n, ciencia y educaci\u00f3n para enfrentar el cambio clim\u00e1tico"},"content":{"rendered":"\n<!--more-->\n\n\n\n<p><strong>Por qu\u00e9 la provincia patag\u00f3nica se convirti\u00f3 en un modelo de gesti\u00f3n ambiental en Argentina<\/strong><\/p>\n\n\n\n<p><strong>El desaf\u00edo clim\u00e1tico que redefine el futuro de R\u00edo Negro<\/strong><\/p>\n\n\n\n<p>El cambio clim\u00e1tico dej\u00f3 de ser un concepto lejano. Hoy, es una realidad palpable que afecta la vida cotidiana de miles de argentinos, desde los incendios forestales hasta las sequ\u00edas extremas y las lluvias torrenciales. En este contexto, <strong>R\u00edo Negro emerge como una de las provincias pioneras en la planificaci\u00f3n y acci\u00f3n frente a la crisis clim\u00e1tica<\/strong>, impulsando una estrategia integral basada en <strong>gesti\u00f3n, investigaci\u00f3n y educaci\u00f3n ambiental<\/strong>.<\/p>\n\n\n\n<p>Durante el <strong>D\u00eda Internacional contra el Cambio Clim\u00e1tico<\/strong>, la Secretar\u00eda de Ambiente y Cambio Clim\u00e1tico del Gobierno provincial reafirm\u00f3 su compromiso con el <strong>Plan Provincial de Respuesta frente al Cambio Clim\u00e1tico<\/strong>, un instrumento clave que articula pol\u00edticas de mitigaci\u00f3n y adaptaci\u00f3n con alcance territorial.<\/p>\n\n\n\n<p>Pero, \u00bfqu\u00e9 hace que este plan se destaque entre los programas ambientales de otras provincias? La respuesta est\u00e1 en su combinaci\u00f3n de ciencia, prevenci\u00f3n, participaci\u00f3n ciudadana y cooperaci\u00f3n internacional.<\/p>\n\n\n\n<p><strong>Un plan provincial para enfrentar la emergencia clim\u00e1tica: ciencia y gesti\u00f3n al servicio del ambiente<\/strong><\/p>\n\n\n\n<p>El <strong>Plan Provincial de Respuesta frente al Cambio Clim\u00e1tico de R\u00edo Negro<\/strong> busca fortalecer la capacidad de respuesta de las comunidades ante los riesgos clim\u00e1ticos, priorizando la reducci\u00f3n de vulnerabilidades y el desarrollo sostenible.<\/p>\n\n\n\n<p>A trav\u00e9s de una estructura articulada, el plan integra pol\u00edticas de <strong>mitigaci\u00f3n<\/strong> \u2014como la reducci\u00f3n de emisiones, la eficiencia energ\u00e9tica y la protecci\u00f3n de ecosistemas\u2014 y de <strong>adaptaci\u00f3n<\/strong>, orientadas a anticipar los efectos del cambio clim\u00e1tico en los sectores m\u00e1s sensibles de la econom\u00eda y la poblaci\u00f3n.<\/p>\n\n\n\n<p>Entre las acciones m\u00e1s destacadas se encuentran:<\/p>\n\n\n\n<p><strong>Campa\u00f1as de prevenci\u00f3n de incendios<\/strong> en la zona andina.<br><\/p>\n\n\n\n<p><strong>Programas de educaci\u00f3n ambiental continua<\/strong>, con talleres y materiales pedag\u00f3gicos para docentes y estudiantes.<br><\/p>\n\n\n\n<p><strong>Iniciativas de restauraci\u00f3n ecol\u00f3gica y forestaci\u00f3n<\/strong> en \u00e1reas afectadas por la deforestaci\u00f3n y los incendios.<\/p>\n\n\n\n<p><br>Este enfoque integral permite abordar la crisis clim\u00e1tica desde una perspectiva cient\u00edfica, t\u00e9cnica y social, combinando investigaci\u00f3n, pol\u00edticas p\u00fablicas y educaci\u00f3n ciudadana.<\/p>\n\n\n\n<p><strong>\u201cUnidos por la Naturaleza\u201d: la campa\u00f1a que impulsa la conciencia ambiental<\/strong><\/p>\n\n\n\n<p>Durante octubre, la provincia desarrolla la campa\u00f1a <strong>\u201cUnidos por la Naturaleza, para la Naturaleza 2025\u201d<\/strong>, una iniciativa que busca movilizar a instituciones, municipios y comunidades en acciones de <strong>reforestaci\u00f3n, sensibilizaci\u00f3n y restauraci\u00f3n ecol\u00f3gica<\/strong>.<\/p>\n\n\n\n<p>En la regi\u00f3n cordillerana, guardaparques, docentes, organizaciones civiles y voluntarios trabajan de manera conjunta para <strong>reforestar zonas afectadas por incendios<\/strong>, realizar talleres educativos sobre biodiversidad y promover el consumo responsable de los recursos naturales.<\/p>\n\n\n\n<p>La secretaria de Ambiente, <strong>Judith Jim\u00e9nez<\/strong>, destac\u00f3 que <em>\u201cenfrentar el cambio clim\u00e1tico requiere integrar gesti\u00f3n, ciencia y participaci\u00f3n ciudadana. Nuestro desaf\u00edo es anticiparnos a los eventos extremos y fortalecer la resiliencia de las comunidades\u201d<\/em>.<\/p>\n\n\n\n<p>Este tipo de campa\u00f1as no solo cumplen un rol ambiental, sino tambi\u00e9n educativo y cultural, fomentando una nueva relaci\u00f3n entre las personas y su entorno natural.<\/p>\n\n\n\n<p><strong>Innovaci\u00f3n en salud y ambiente: un sistema de alerta temprana frente a eventos extremos<\/strong><\/p>\n\n\n\n<p>Uno de los avances m\u00e1s innovadores dentro del plan provincial es la <strong>implementaci\u00f3n de un sistema de alerta temprana<\/strong> ante eventos clim\u00e1ticos extremos, desarrollado por el <strong>Ministerio de Salud de R\u00edo Negro<\/strong> y reconocido por la <strong>Organizaci\u00f3n Panamericana de la Salud (OPS)<\/strong>.<\/p>\n\n\n\n<p>Este sistema permitir\u00e1 anticipar impactos derivados de olas de calor, inundaciones o incendios, activando protocolos de <strong>respuesta r\u00e1pida y coordinaci\u00f3n interinstitucional<\/strong>. De esta forma, R\u00edo Negro se convierte en una de las pocas provincias argentinas en contar con una herramienta de salud p\u00fablica vinculada directamente a la gesti\u00f3n del cambio clim\u00e1tico.<\/p>\n\n\n\n<p>El objetivo no es solo salvar vidas, sino tambi\u00e9n reducir los costos sociales y econ\u00f3micos de las emergencias ambientales, un aspecto clave para el desarrollo sostenible.<\/p>\n\n\n\n<p><strong>Cooperaci\u00f3n internacional: ciencia franco-argentina al servicio del clima<\/strong><\/p>\n\n\n\n<p>El <strong>proyecto ESENCIA<\/strong>, una iniciativa franco-argentina, fortalece la cooperaci\u00f3n cient\u00edfica en materia de cambio clim\u00e1tico y manejo sostenible de bosques. A trav\u00e9s de esta alianza, investigadores de ambos pa\u00edses desarrollan <strong>conocimientos aplicados para el manejo forestal adaptativo<\/strong>, contribuyendo a la resiliencia de los ecosistemas patag\u00f3nicos frente a las variaciones del clima.<\/p>\n\n\n\n<p>La colaboraci\u00f3n internacional tambi\u00e9n incluye <strong>programas de financiamiento y asistencia t\u00e9cnica<\/strong> para el monitoreo de indicadores clim\u00e1ticos, h\u00eddricos y de biodiversidad, consolidando la posici\u00f3n de R\u00edo Negro como <strong>referente regional en innovaci\u00f3n ambiental<\/strong>.<\/p>\n\n\n\n<p><strong>Educaci\u00f3n ambiental: transformar la conciencia individual en acci\u00f3n colectiva<\/strong><\/p>\n\n\n\n<p>Uno de los pilares m\u00e1s s\u00f3lidos de la estrategia rionegrina es la <strong>educaci\u00f3n ambiental<\/strong>. El gobierno provincial impulsa talleres, charlas y programas educativos coordinados por el <strong>Cuerpo de Guardas e Informantes Ambientales<\/strong>, que recorren escuelas, centros comunitarios y espacios p\u00fablicos de toda la provincia.<\/p>\n\n\n\n<p>El objetivo es claro: <strong>formar una ciudadan\u00eda ambientalmente consciente<\/strong>, capaz de comprender los efectos del cambio clim\u00e1tico y actuar en consecuencia. La educaci\u00f3n, en este sentido, se convierte en una herramienta transformadora, que vincula el conocimiento cient\u00edfico con la pr\u00e1ctica cotidiana.<\/p>\n\n\n\n<p>Los materiales pedag\u00f3gicos desarrollados por la Secretar\u00eda permiten abordar temas como el ciclo del agua, la gesti\u00f3n de residuos, la biodiversidad local y el uso responsable de la energ\u00eda, fomentando la participaci\u00f3n activa de estudiantes y docentes.<\/p>\n\n\n\n<p><strong>Mitigaci\u00f3n y adaptaci\u00f3n: dos caras de una misma estrategia<\/strong><\/p>\n\n\n\n<p>La respuesta al cambio clim\u00e1tico en R\u00edo Negro combina <strong>acciones de mitigaci\u00f3n<\/strong> \u2014como la reducci\u00f3n de gases de efecto invernadero, la promoci\u00f3n de energ\u00edas renovables y la eficiencia energ\u00e9tica\u2014 con <strong>estrategias de adaptaci\u00f3n<\/strong>, orientadas a proteger la salud, la agricultura, los recursos h\u00eddricos y la infraestructura.<\/p>\n\n\n\n<p>Entre las medidas implementadas se destacan:<\/p>\n\n\n\n<ul class=\"wp-block-list\">\n<li>Monitoreo permanente de variables clim\u00e1ticas y h\u00eddricas.<\/li>\n\n\n\n<li>Planificaci\u00f3n territorial con enfoque de riesgo clim\u00e1tico.<\/li>\n\n\n\n<li>Restauraci\u00f3n de ecosistemas degradados.<\/li>\n\n\n\n<li>Promoci\u00f3n de la agroecolog\u00eda y pr\u00e1cticas sostenibles.<\/li>\n<\/ul>\n\n\n\n<p><br>Esta visi\u00f3n integral convierte a R\u00edo Negro en un caso de estudio sobre c\u00f3mo <strong>las provincias pueden implementar pol\u00edticas clim\u00e1ticas efectivas desde un enfoque local<\/strong>, alineadas con los compromisos internacionales de Argentina.<\/p>\n\n\n\n<p><strong>Datos, ciencia y evidencia: la base de una pol\u00edtica ambiental sostenible<\/strong><\/p>\n\n\n\n<p>La <strong>Secretar\u00eda de Ambiente y Cambio Clim\u00e1tico<\/strong> desarrolla un robusto sistema de monitoreo que recopila y analiza datos sobre clima, agua y biodiversidad. Estos indicadores permiten <strong>tomar decisiones basadas en evidencia cient\u00edfica<\/strong>, garantizando que las pol\u00edticas ambientales sean efectivas y medibles.<\/p>\n\n\n\n<p>Gracias a esta base de datos, R\u00edo Negro puede identificar zonas cr\u00edticas, prever riesgos y planificar inversiones con criterios de sostenibilidad. Adem\u00e1s, la informaci\u00f3n se comparte con organismos nacionales e internacionales, fortaleciendo la transparencia y la cooperaci\u00f3n t\u00e9cnica.<\/p>\n\n\n\n<p><strong>Resiliencia comunitaria: cuando la participaci\u00f3n ciudadana marca la diferencia<\/strong><\/p>\n\n\n\n<p>M\u00e1s all\u00e1 de los planes y programas, el verdadero cambio se produce cuando la sociedad se involucra. En este sentido, <strong>la participaci\u00f3n ciudadana<\/strong> se ha convertido en un componente esencial de la pol\u00edtica ambiental rionegrina.<\/p>\n\n\n\n<p>Vecinos, escuelas, ONGs y municipios participan activamente en jornadas de limpieza, reforestaci\u00f3n, monitoreo de fauna y talleres educativos. Estas acciones locales generan un efecto multiplicador, construyendo una red de compromiso colectivo frente al cambio clim\u00e1tico.<\/p>\n\n\n\n<p>El concepto de <strong>resiliencia comunitaria<\/strong> \u2014la capacidad de las comunidades para adaptarse y recuperarse ante desastres clim\u00e1ticos\u2014 adquiere as\u00ed un valor central en la estrategia provincial.<\/p>\n\n\n\n<p><strong>Un modelo de desarrollo sostenible que inspira a otras provincias<\/strong><\/p>\n\n\n\n<p>Con una pol\u00edtica ambiental continua, planificada y sustentada en la evidencia cient\u00edfica, R\u00edo Negro consolida un <strong>modelo de desarrollo sostenible<\/strong> basado en la protecci\u00f3n de la biodiversidad, el uso racional de los recursos naturales y la planificaci\u00f3n territorial.<\/p>\n\n\n\n<p>El \u00e9xito del plan no radica solo en sus acciones concretas, sino tambi\u00e9n en su enfoque interdisciplinario y participativo. La provincia demuestra que <strong>el desarrollo y la sostenibilidad pueden coexistir<\/strong>, siempre que exista voluntad pol\u00edtica, coordinaci\u00f3n institucional y educaci\u00f3n ciudadana.<\/p>\n\n\n\n<p><strong>Desaf\u00edos futuros: tecnolog\u00eda, energ\u00eda y cambio cultural<\/strong><\/p>\n\n\n\n<p>De cara al futuro, R\u00edo Negro proyecta <strong>nuevas l\u00edneas de acci\u00f3n vinculadas a la tecnolog\u00eda y la energ\u00eda limpia<\/strong>, como la implementaci\u00f3n de sistemas solares en edificios p\u00fablicos, el fomento de la movilidad el\u00e9ctrica y la promoci\u00f3n de emprendimientos verdes.<\/p>\n\n\n\n<p>Sin embargo, el desaf\u00edo m\u00e1s grande sigue siendo <strong>el cambio cultural<\/strong>: lograr que la conciencia ambiental se traduzca en h\u00e1bitos cotidianos sostenibles, desde el consumo responsable hasta la reducci\u00f3n de residuos y el cuidado del agua.<\/p>\n\n\n\n<p>La educaci\u00f3n y la comunicaci\u00f3n ser\u00e1n las herramientas m\u00e1s poderosas para mantener este proceso en marcha.<\/p>\n\n\n\n<p><strong>R\u00edo Negro, un laboratorio vivo de adaptaci\u00f3n clim\u00e1tica en la Patagonia<\/strong><\/p>\n\n\n\n<p>El compromiso de R\u00edo Negro frente al cambio clim\u00e1tico se consolida como un <strong>modelo inspirador para el resto del pa\u00eds<\/strong>. Con una combinaci\u00f3n de gesti\u00f3n t\u00e9cnica, participaci\u00f3n social y cooperaci\u00f3n internacional, la provincia demuestra que <strong>la acci\u00f3n clim\u00e1tica efectiva comienza a nivel local<\/strong>.<\/p>\n\n\n\n<p>Mientras el mundo busca respuestas a una crisis global, R\u00edo Negro ofrece un ejemplo concreto de c\u00f3mo una pol\u00edtica p\u00fablica bien planificada puede fortalecer la resiliencia, proteger la biodiversidad y garantizar un futuro sostenible para las pr\u00f3ximas generaciones.<\/p>\n\n\n\n<p><\/p>\n","protected":false},"excerpt":{"rendered":"","protected":false},"author":2,"featured_media":100089,"comment_status":"open","ping_status":"open","sticky":false,"template":"","format":"standard","meta":{"site-sidebar-layout":"default","site-content-layout":"","ast-site-content-layout":"default","site-content-style":"default","site-sidebar-style":"default","ast-global-header-display":"","ast-banner-title-visibility":"","ast-main-header-display":"","ast-hfb-above-header-display":"","ast-hfb-below-header-display":"","ast-hfb-mobile-header-display":"","site-post-title":"","ast-breadcrumbs-content":"","ast-featured-img":"","footer-sml-layout":"","ast-disable-related-posts":"","theme-transparent-header-meta":"","adv-header-id-meta":"","stick-header-meta":"","header-above-stick-meta":"","header-main-stick-meta":"","header-below-stick-meta":"","astra-migrate-meta-layouts":"default","ast-page-background-enabled":"default","ast-page-background-meta":{"desktop":{"background-color":"var(--ast-global-color-5)","background-image":"","background-repeat":"repeat","background-position":"center center","background-size":"auto","background-attachment":"scroll","background-type":"","background-media":"","overlay-type":"","overlay-color":"","overlay-opacity":"","overlay-gradient":""},"tablet":{"background-color":"","background-image":"","background-repeat":"repeat","background-position":"center center","background-size":"auto","background-attachment":"scroll","background-type":"","background-media":"","overlay-type":"","overlay-color":"","overlay-opacity":"","overlay-gradient":""},"mobile":{"background-color":"","background-image":"","background-repeat":"repeat","background-position":"center center","background-size":"auto","background-attachment":"scroll","background-type":"","background-media":"","overlay-type":"","overlay-color":"","overlay-opacity":"","overlay-gradient":""}},"ast-content-background-meta":{"desktop":{"background-color":"var(--ast-global-color-4)","background-image":"","background-repeat":"repeat","background-position":"center center","background-size":"auto","background-attachment":"scroll","background-type":"","background-media":"","overlay-type":"","overlay-color":"","overlay-opacity":"","overlay-gradient":""},"tablet":{"background-color":"var(--ast-global-color-4)","background-image":"","background-repeat":"repeat","background-position":"center center","background-size":"auto","background-attachment":"scroll","background-type":"","background-media":"","overlay-type":"","overlay-color":"","overlay-opacity":"","overlay-gradient":""},"mobile":{"background-color":"var(--ast-global-color-4)","background-image":"","background-repeat":"repeat","background-position":"center center","background-size":"auto","background-attachment":"scroll","background-type":"","background-media":"","overlay-type":"","overlay-color":"","overlay-opacity":"","overlay-gradient":""}},"footnotes":""},"categories":[12,1],"tags":[],"class_list":["post-99738","post","type-post","status-publish","format-standard","has-post-thumbnail","hentry","category-agenda-ambiental","category-noticias"],"yoast_head":"<!-- This site is optimized with the Yoast SEO Premium plugin v23.0 (Yoast SEO v27.5) - https:\/\/yoast.com\/product\/yoast-seo-premium-wordpress\/ -->\n<title>R\u00edo Negro se posiciona como l\u00edder en acci\u00f3n clim\u00e1tica<\/title>\n<meta name=\"description\" content=\"El cambio clim\u00e1tico dej\u00f3 de ser un concepto lejano. Hoy, es una realidad palpable que afecta la vida cotidiana de miles de argentinos.\" \/>\n<meta name=\"robots\" content=\"index, follow, max-snippet:-1, max-image-preview:large, max-video-preview:-1\" \/>\n<link rel=\"canonical\" href=\"https:\/\/patagoniambiental.com.ar\/info\/dia-contra-cambio-climatico\/\" \/>\n<meta property=\"og:locale\" content=\"es_ES\" \/>\n<meta property=\"og:type\" content=\"article\" \/>\n<meta property=\"og:title\" content=\"R\u00edo Negro se posiciona como l\u00edder en acci\u00f3n clim\u00e1tica: gesti\u00f3n, ciencia y educaci\u00f3n para enfrentar el cambio clim\u00e1tico\" \/>\n<meta property=\"og:description\" content=\"El cambio clim\u00e1tico dej\u00f3 de ser un concepto lejano. Hoy, es una realidad palpable que afecta la vida cotidiana de miles de argentinos.\" \/>\n<meta property=\"og:url\" content=\"https:\/\/patagoniambiental.com.ar\/info\/dia-contra-cambio-climatico\/\" \/>\n<meta property=\"og:site_name\" content=\"Patagonia Ambiental\" \/>\n<meta property=\"article:publisher\" content=\"https:\/\/www.facebook.com\/patagonia.ambiental\" \/>\n<meta property=\"article:author\" content=\"https:\/\/www.facebook.com\/share\/1C1V8Gv9BX\/?mibextid=qi2Omg\" \/>\n<meta property=\"article:published_time\" content=\"2025-10-24T11:00:00+00:00\" \/>\n<meta property=\"article:modified_time\" content=\"2025-12-13T23:25:30+00:00\" \/>\n<meta property=\"og:image\" content=\"https:\/\/patagoniambiental.com.ar\/info\/wp-content\/uploads\/2025\/10\/Rio-Negro-se-posiciona-como-lider-en-accion-climatica.webp\" \/>\n\t<meta property=\"og:image:width\" content=\"1068\" \/>\n\t<meta property=\"og:image:height\" content=\"600\" \/>\n\t<meta property=\"og:image:type\" content=\"image\/webp\" \/>\n<meta name=\"author\" content=\"Patagonia Ambiental\" \/>\n<meta name=\"twitter:card\" content=\"summary_large_image\" \/>\n<meta name=\"twitter:creator\" content=\"@PatAmb\" \/>\n<meta name=\"twitter:site\" content=\"@PatAmb\" \/>\n<script type=\"application\/ld+json\" class=\"yoast-schema-graph\">{\"@context\":\"https:\\\/\\\/schema.org\",\"@graph\":[{\"@type\":\"Article\",\"@id\":\"https:\\\/\\\/patagoniambiental.com.ar\\\/info\\\/dia-contra-cambio-climatico\\\/#article\",\"isPartOf\":{\"@id\":\"https:\\\/\\\/patagoniambiental.com.ar\\\/info\\\/dia-contra-cambio-climatico\\\/\"},\"author\":{\"name\":\"Patagonia Ambiental\",\"@id\":\"https:\\\/\\\/patagoniambiental.com.ar\\\/info\\\/#\\\/schema\\\/person\\\/db12bff64bbcbf6a253710bf0ea37b5d\"},\"headline\":\"R\u00edo Negro se posiciona como l\u00edder en acci\u00f3n clim\u00e1tica: gesti\u00f3n, ciencia y educaci\u00f3n para enfrentar el cambio clim\u00e1tico\",\"datePublished\":\"2025-10-24T11:00:00+00:00\",\"dateModified\":\"2025-12-13T23:25:30+00:00\",\"mainEntityOfPage\":{\"@id\":\"https:\\\/\\\/patagoniambiental.com.ar\\\/info\\\/dia-contra-cambio-climatico\\\/\"},\"wordCount\":1647,\"commentCount\":0,\"publisher\":{\"@id\":\"https:\\\/\\\/patagoniambiental.com.ar\\\/info\\\/#organization\"},\"image\":{\"@id\":\"https:\\\/\\\/patagoniambiental.com.ar\\\/info\\\/dia-contra-cambio-climatico\\\/#primaryimage\"},\"thumbnailUrl\":\"https:\\\/\\\/patagoniambiental.com.ar\\\/info\\\/wp-content\\\/uploads\\\/2025\\\/10\\\/Rio-Negro-se-posiciona-como-lider-en-accion-climatica.webp\",\"articleSection\":[\"Agenda Ambiental\",\"Noticias\"],\"inLanguage\":\"es\",\"potentialAction\":[{\"@type\":\"CommentAction\",\"name\":\"Comment\",\"target\":[\"https:\\\/\\\/patagoniambiental.com.ar\\\/info\\\/dia-contra-cambio-climatico\\\/#respond\"]}]},{\"@type\":\"WebPage\",\"@id\":\"https:\\\/\\\/patagoniambiental.com.ar\\\/info\\\/dia-contra-cambio-climatico\\\/\",\"url\":\"https:\\\/\\\/patagoniambiental.com.ar\\\/info\\\/dia-contra-cambio-climatico\\\/\",\"name\":\"R\u00edo Negro se posiciona como l\u00edder en acci\u00f3n clim\u00e1tica\",\"isPartOf\":{\"@id\":\"https:\\\/\\\/patagoniambiental.com.ar\\\/info\\\/#website\"},\"primaryImageOfPage\":{\"@id\":\"https:\\\/\\\/patagoniambiental.com.ar\\\/info\\\/dia-contra-cambio-climatico\\\/#primaryimage\"},\"image\":{\"@id\":\"https:\\\/\\\/patagoniambiental.com.ar\\\/info\\\/dia-contra-cambio-climatico\\\/#primaryimage\"},\"thumbnailUrl\":\"https:\\\/\\\/patagoniambiental.com.ar\\\/info\\\/wp-content\\\/uploads\\\/2025\\\/10\\\/Rio-Negro-se-posiciona-como-lider-en-accion-climatica.webp\",\"datePublished\":\"2025-10-24T11:00:00+00:00\",\"dateModified\":\"2025-12-13T23:25:30+00:00\",\"description\":\"El cambio clim\u00e1tico dej\u00f3 de ser un concepto lejano. Hoy, es una realidad palpable que afecta la vida cotidiana de miles de argentinos.\",\"breadcrumb\":{\"@id\":\"https:\\\/\\\/patagoniambiental.com.ar\\\/info\\\/dia-contra-cambio-climatico\\\/#breadcrumb\"},\"inLanguage\":\"es\",\"potentialAction\":[{\"@type\":\"ReadAction\",\"target\":[\"https:\\\/\\\/patagoniambiental.com.ar\\\/info\\\/dia-contra-cambio-climatico\\\/\"]}]},{\"@type\":\"ImageObject\",\"inLanguage\":\"es\",\"@id\":\"https:\\\/\\\/patagoniambiental.com.ar\\\/info\\\/dia-contra-cambio-climatico\\\/#primaryimage\",\"url\":\"https:\\\/\\\/patagoniambiental.com.ar\\\/info\\\/wp-content\\\/uploads\\\/2025\\\/10\\\/Rio-Negro-se-posiciona-como-lider-en-accion-climatica.webp\",\"contentUrl\":\"https:\\\/\\\/patagoniambiental.com.ar\\\/info\\\/wp-content\\\/uploads\\\/2025\\\/10\\\/Rio-Negro-se-posiciona-como-lider-en-accion-climatica.webp\",\"width\":1068,\"height\":600,\"caption\":\"R\u00edo Negro se posiciona como l\u00edder en Acci\u00f3n CLim\u00e1tica\"},{\"@type\":\"BreadcrumbList\",\"@id\":\"https:\\\/\\\/patagoniambiental.com.ar\\\/info\\\/dia-contra-cambio-climatico\\\/#breadcrumb\",\"itemListElement\":[{\"@type\":\"ListItem\",\"position\":1,\"name\":\"Inicio\",\"item\":\"https:\\\/\\\/patagoniambiental.com.ar\\\/info\\\/\"},{\"@type\":\"ListItem\",\"position\":2,\"name\":\"R\u00edo Negro se posiciona como l\u00edder en acci\u00f3n clim\u00e1tica: gesti\u00f3n, ciencia y educaci\u00f3n para enfrentar el cambio clim\u00e1tico\"}]},{\"@type\":\"WebSite\",\"@id\":\"https:\\\/\\\/patagoniambiental.com.ar\\\/info\\\/#website\",\"url\":\"https:\\\/\\\/patagoniambiental.com.ar\\\/info\\\/\",\"name\":\"Patagonia Ambiental\",\"description\":\"Monitoreo y an\u00e1lisis de la situaci\u00f3n geopol\u00edtica en el mundo y su implicancia en la Patagonia\",\"publisher\":{\"@id\":\"https:\\\/\\\/patagoniambiental.com.ar\\\/info\\\/#organization\"},\"potentialAction\":[{\"@type\":\"SearchAction\",\"target\":{\"@type\":\"EntryPoint\",\"urlTemplate\":\"https:\\\/\\\/patagoniambiental.com.ar\\\/info\\\/?s={search_term_string}\"},\"query-input\":{\"@type\":\"PropertyValueSpecification\",\"valueRequired\":true,\"valueName\":\"search_term_string\"}}],\"inLanguage\":\"es\"},{\"@type\":\"Organization\",\"@id\":\"https:\\\/\\\/patagoniambiental.com.ar\\\/info\\\/#organization\",\"name\":\"Patagonia Ambiental\",\"url\":\"https:\\\/\\\/patagoniambiental.com.ar\\\/info\\\/\",\"logo\":{\"@type\":\"ImageObject\",\"inLanguage\":\"es\",\"@id\":\"https:\\\/\\\/patagoniambiental.com.ar\\\/info\\\/#\\\/schema\\\/logo\\\/image\\\/\",\"url\":\"https:\\\/\\\/patagoniambiental.com.ar\\\/info\\\/wp-content\\\/uploads\\\/2025\\\/05\\\/LOGO-PATAGONIA-AMBIENTAL.png\",\"contentUrl\":\"https:\\\/\\\/patagoniambiental.com.ar\\\/info\\\/wp-content\\\/uploads\\\/2025\\\/05\\\/LOGO-PATAGONIA-AMBIENTAL.png\",\"width\":433,\"height\":250,\"caption\":\"Patagonia Ambiental\"},\"image\":{\"@id\":\"https:\\\/\\\/patagoniambiental.com.ar\\\/info\\\/#\\\/schema\\\/logo\\\/image\\\/\"},\"sameAs\":[\"https:\\\/\\\/www.facebook.com\\\/patagonia.ambiental\",\"https:\\\/\\\/x.com\\\/PatAmb\"]},{\"@type\":\"Person\",\"@id\":\"https:\\\/\\\/patagoniambiental.com.ar\\\/info\\\/#\\\/schema\\\/person\\\/db12bff64bbcbf6a253710bf0ea37b5d\",\"name\":\"Patagonia Ambiental\",\"description\":\"Andr\u00e9s Nievas T\u00e9cnico en manejo ambiental, consultor Ambiental y escritor para medios locales e internacionales sobre temas de geopolitica y medio ambiente.\",\"sameAs\":[\"http:\\\/\\\/www.patagoniambiental.com.ar\",\"https:\\\/\\\/www.facebook.com\\\/share\\\/1C1V8Gv9BX\\\/?mibextid=qi2Omg\",\"@patagoniambiental\",\"https:\\\/\\\/youtube.com\\\/@patagoniaambiental2023?si=BLt58t0wuXquxlYZ\"]}]}<\/script>\n<!-- \/ Yoast SEO Premium plugin. -->","yoast_head_json":{"title":"R\u00edo Negro se posiciona como l\u00edder en acci\u00f3n clim\u00e1tica","description":"El cambio clim\u00e1tico dej\u00f3 de ser un concepto lejano. Hoy, es una realidad palpable que afecta la vida cotidiana de miles de argentinos.","robots":{"index":"index","follow":"follow","max-snippet":"max-snippet:-1","max-image-preview":"max-image-preview:large","max-video-preview":"max-video-preview:-1"},"canonical":"https:\/\/patagoniambiental.com.ar\/info\/dia-contra-cambio-climatico\/","og_locale":"es_ES","og_type":"article","og_title":"R\u00edo Negro se posiciona como l\u00edder en acci\u00f3n clim\u00e1tica: gesti\u00f3n, ciencia y educaci\u00f3n para enfrentar el cambio clim\u00e1tico","og_description":"El cambio clim\u00e1tico dej\u00f3 de ser un concepto lejano. Hoy, es una realidad palpable que afecta la vida cotidiana de miles de argentinos.","og_url":"https:\/\/patagoniambiental.com.ar\/info\/dia-contra-cambio-climatico\/","og_site_name":"Patagonia Ambiental","article_publisher":"https:\/\/www.facebook.com\/patagonia.ambiental","article_author":"https:\/\/www.facebook.com\/share\/1C1V8Gv9BX\/?mibextid=qi2Omg","article_published_time":"2025-10-24T11:00:00+00:00","article_modified_time":"2025-12-13T23:25:30+00:00","og_image":[{"width":1068,"height":600,"url":"https:\/\/patagoniambiental.com.ar\/info\/wp-content\/uploads\/2025\/10\/Rio-Negro-se-posiciona-como-lider-en-accion-climatica.webp","type":"image\/webp"}],"author":"Patagonia Ambiental","twitter_card":"summary_large_image","twitter_creator":"@PatAmb","twitter_site":"@PatAmb","schema":{"@context":"https:\/\/schema.org","@graph":[{"@type":"Article","@id":"https:\/\/patagoniambiental.com.ar\/info\/dia-contra-cambio-climatico\/#article","isPartOf":{"@id":"https:\/\/patagoniambiental.com.ar\/info\/dia-contra-cambio-climatico\/"},"author":{"name":"Patagonia Ambiental","@id":"https:\/\/patagoniambiental.com.ar\/info\/#\/schema\/person\/db12bff64bbcbf6a253710bf0ea37b5d"},"headline":"R\u00edo Negro se posiciona como l\u00edder en acci\u00f3n clim\u00e1tica: gesti\u00f3n, ciencia y educaci\u00f3n para enfrentar el cambio clim\u00e1tico","datePublished":"2025-10-24T11:00:00+00:00","dateModified":"2025-12-13T23:25:30+00:00","mainEntityOfPage":{"@id":"https:\/\/patagoniambiental.com.ar\/info\/dia-contra-cambio-climatico\/"},"wordCount":1647,"commentCount":0,"publisher":{"@id":"https:\/\/patagoniambiental.com.ar\/info\/#organization"},"image":{"@id":"https:\/\/patagoniambiental.com.ar\/info\/dia-contra-cambio-climatico\/#primaryimage"},"thumbnailUrl":"https:\/\/patagoniambiental.com.ar\/info\/wp-content\/uploads\/2025\/10\/Rio-Negro-se-posiciona-como-lider-en-accion-climatica.webp","articleSection":["Agenda Ambiental","Noticias"],"inLanguage":"es","potentialAction":[{"@type":"CommentAction","name":"Comment","target":["https:\/\/patagoniambiental.com.ar\/info\/dia-contra-cambio-climatico\/#respond"]}]},{"@type":"WebPage","@id":"https:\/\/patagoniambiental.com.ar\/info\/dia-contra-cambio-climatico\/","url":"https:\/\/patagoniambiental.com.ar\/info\/dia-contra-cambio-climatico\/","name":"R\u00edo Negro se posiciona como l\u00edder en acci\u00f3n clim\u00e1tica","isPartOf":{"@id":"https:\/\/patagoniambiental.com.ar\/info\/#website"},"primaryImageOfPage":{"@id":"https:\/\/patagoniambiental.com.ar\/info\/dia-contra-cambio-climatico\/#primaryimage"},"image":{"@id":"https:\/\/patagoniambiental.com.ar\/info\/dia-contra-cambio-climatico\/#primaryimage"},"thumbnailUrl":"https:\/\/patagoniambiental.com.ar\/info\/wp-content\/uploads\/2025\/10\/Rio-Negro-se-posiciona-como-lider-en-accion-climatica.webp","datePublished":"2025-10-24T11:00:00+00:00","dateModified":"2025-12-13T23:25:30+00:00","description":"El cambio clim\u00e1tico dej\u00f3 de ser un concepto lejano. Hoy, es una realidad palpable que afecta la vida cotidiana de miles de argentinos.","breadcrumb":{"@id":"https:\/\/patagoniambiental.com.ar\/info\/dia-contra-cambio-climatico\/#breadcrumb"},"inLanguage":"es","potentialAction":[{"@type":"ReadAction","target":["https:\/\/patagoniambiental.com.ar\/info\/dia-contra-cambio-climatico\/"]}]},{"@type":"ImageObject","inLanguage":"es","@id":"https:\/\/patagoniambiental.com.ar\/info\/dia-contra-cambio-climatico\/#primaryimage","url":"https:\/\/patagoniambiental.com.ar\/info\/wp-content\/uploads\/2025\/10\/Rio-Negro-se-posiciona-como-lider-en-accion-climatica.webp","contentUrl":"https:\/\/patagoniambiental.com.ar\/info\/wp-content\/uploads\/2025\/10\/Rio-Negro-se-posiciona-como-lider-en-accion-climatica.webp","width":1068,"height":600,"caption":"R\u00edo Negro se posiciona como l\u00edder en Acci\u00f3n CLim\u00e1tica"},{"@type":"BreadcrumbList","@id":"https:\/\/patagoniambiental.com.ar\/info\/dia-contra-cambio-climatico\/#breadcrumb","itemListElement":[{"@type":"ListItem","position":1,"name":"Inicio","item":"https:\/\/patagoniambiental.com.ar\/info\/"},{"@type":"ListItem","position":2,"name":"R\u00edo Negro se posiciona como l\u00edder en acci\u00f3n clim\u00e1tica: gesti\u00f3n, ciencia y educaci\u00f3n para enfrentar el cambio clim\u00e1tico"}]},{"@type":"WebSite","@id":"https:\/\/patagoniambiental.com.ar\/info\/#website","url":"https:\/\/patagoniambiental.com.ar\/info\/","name":"Patagonia Ambiental","description":"Monitoreo y an\u00e1lisis de la situaci\u00f3n geopol\u00edtica en el mundo y su implicancia en la Patagonia","publisher":{"@id":"https:\/\/patagoniambiental.com.ar\/info\/#organization"},"potentialAction":[{"@type":"SearchAction","target":{"@type":"EntryPoint","urlTemplate":"https:\/\/patagoniambiental.com.ar\/info\/?s={search_term_string}"},"query-input":{"@type":"PropertyValueSpecification","valueRequired":true,"valueName":"search_term_string"}}],"inLanguage":"es"},{"@type":"Organization","@id":"https:\/\/patagoniambiental.com.ar\/info\/#organization","name":"Patagonia Ambiental","url":"https:\/\/patagoniambiental.com.ar\/info\/","logo":{"@type":"ImageObject","inLanguage":"es","@id":"https:\/\/patagoniambiental.com.ar\/info\/#\/schema\/logo\/image\/","url":"https:\/\/patagoniambiental.com.ar\/info\/wp-content\/uploads\/2025\/05\/LOGO-PATAGONIA-AMBIENTAL.png","contentUrl":"https:\/\/patagoniambiental.com.ar\/info\/wp-content\/uploads\/2025\/05\/LOGO-PATAGONIA-AMBIENTAL.png","width":433,"height":250,"caption":"Patagonia Ambiental"},"image":{"@id":"https:\/\/patagoniambiental.com.ar\/info\/#\/schema\/logo\/image\/"},"sameAs":["https:\/\/www.facebook.com\/patagonia.ambiental","https:\/\/x.com\/PatAmb"]},{"@type":"Person","@id":"https:\/\/patagoniambiental.com.ar\/info\/#\/schema\/person\/db12bff64bbcbf6a253710bf0ea37b5d","name":"Patagonia Ambiental","description":"Andr\u00e9s Nievas T\u00e9cnico en manejo ambiental, consultor Ambiental y escritor para medios locales e internacionales sobre temas de geopolitica y medio ambiente.","sameAs":["http:\/\/www.patagoniambiental.com.ar","https:\/\/www.facebook.com\/share\/1C1V8Gv9BX\/?mibextid=qi2Omg","@patagoniambiental","https:\/\/youtube.com\/@patagoniaambiental2023?si=BLt58t0wuXquxlYZ"]}]}},"_links":{"self":[{"href":"https:\/\/patagoniambiental.com.ar\/info\/wp-json\/wp\/v2\/posts\/99738","targetHints":{"allow":["GET"]}}],"collection":[{"href":"https:\/\/patagoniambiental.com.ar\/info\/wp-json\/wp\/v2\/posts"}],"about":[{"href":"https:\/\/patagoniambiental.com.ar\/info\/wp-json\/wp\/v2\/types\/post"}],"author":[{"embeddable":true,"href":"https:\/\/patagoniambiental.com.ar\/info\/wp-json\/wp\/v2\/users\/2"}],"replies":[{"embeddable":true,"href":"https:\/\/patagoniambiental.com.ar\/info\/wp-json\/wp\/v2\/comments?post=99738"}],"version-history":[{"count":3,"href":"https:\/\/patagoniambiental.com.ar\/info\/wp-json\/wp\/v2\/posts\/99738\/revisions"}],"predecessor-version":[{"id":100091,"href":"https:\/\/patagoniambiental.com.ar\/info\/wp-json\/wp\/v2\/posts\/99738\/revisions\/100091"}],"wp:featuredmedia":[{"embeddable":true,"href":"https:\/\/patagoniambiental.com.ar\/info\/wp-json\/wp\/v2\/media\/100089"}],"wp:attachment":[{"href":"https:\/\/patagoniambiental.com.ar\/info\/wp-json\/wp\/v2\/media?parent=99738"}],"wp:term":[{"taxonomy":"category","embeddable":true,"href":"https:\/\/patagoniambiental.com.ar\/info\/wp-json\/wp\/v2\/categories?post=99738"},{"taxonomy":"post_tag","embeddable":true,"href":"https:\/\/patagoniambiental.com.ar\/info\/wp-json\/wp\/v2\/tags?post=99738"}],"curies":[{"name":"wp","href":"https:\/\/api.w.org\/{rel}","templated":true}]}}