{"id":99784,"date":"2025-12-30T08:00:00","date_gmt":"2025-12-30T11:00:00","guid":{"rendered":"https:\/\/patagoniambiental.com.ar\/info\/?p=99784"},"modified":"2025-12-13T11:00:32","modified_gmt":"2025-12-13T14:00:32","slug":"cinco-tendencias","status":"publish","type":"post","link":"https:\/\/patagoniambiental.com.ar\/info\/cinco-tendencias\/","title":{"rendered":"5 tendencias verdes que marcar\u00e1n el consumo responsable en 2025"},"content":{"rendered":"\n<!--more-->\n\n\n\n<p>Viedma, Rio Negro, 30 de diciembre de 2025. El consumo responsable ha dejado de ser una tendencia pasajera para convertirse en una necesidad global. Cada vez m\u00e1s consumidores buscan productos y servicios que respeten el medio ambiente, mientras que empresas y gobiernos implementan pol\u00edticas sostenibles que transforman la forma en que producimos y consumimos. Para 2025, algunas tendencias verdes se consolidar\u00e1n como pilares del consumo consciente, impactando tanto la econom\u00eda como el planeta.<\/p>\n\n\n\n<p>En este art\u00edculo, exploraremos <strong>cinco tendencias clave<\/strong> que marcar\u00e1n el consumo responsable en 2025, y c\u00f3mo las marcas, tecnolog\u00edas y pol\u00edticas ambientales est\u00e1n moldeando un futuro m\u00e1s sostenible.<\/p>\n\n\n\n<p><strong>1. Econom\u00eda circular: del desecho al recurso<\/strong><\/p>\n\n\n\n<p>La <strong>econom\u00eda circular<\/strong> no es solo un concepto de moda, sino una estrategia necesaria para reducir el impacto ambiental de la producci\u00f3n y el consumo. A diferencia del modelo lineal \u201cproducir-usar-desechar\u201d, la econom\u00eda circular busca <strong>maximizar la vida \u00fatil de los productos y materiales<\/strong> mediante el reciclaje, la reutilizaci\u00f3n y el redise\u00f1o.<\/p>\n\n\n\n<p><strong>Marcas y ejemplos destacados<\/strong><\/p>\n\n\n\n<p>Empresas como <strong>IKEA<\/strong> y <strong>Patagonia<\/strong> est\u00e1n adoptando modelos circulares: IKEA ofrece programas de recompra de muebles usados, mientras que Patagonia incentiva la reparaci\u00f3n de ropa en lugar de comprar nueva. Estas iniciativas permiten que los materiales vuelvan a la cadena de producci\u00f3n, reduciendo residuos y emisiones de carbono.<\/p>\n\n\n\n<p><strong>Tecnolog\u00edas que impulsan la econom\u00eda circular<\/strong><\/p>\n\n\n\n<p>El desarrollo de <strong>blockchain para trazabilidad de materiales<\/strong> y <strong>plataformas de segunda mano online<\/strong> ha facilitado que consumidores y empresas intercambien productos y eviten desperdicios. Adem\u00e1s, la impresi\u00f3n 3D permite crear piezas de repuesto con materiales reciclados, extendiendo la vida de muchos objetos.<\/p>\n\n\n\n<p><strong>Impacto en el consumo responsable<\/strong><\/p>\n\n\n\n<p>Se espera que para 2025, la econom\u00eda circular influya significativamente en las decisiones de compra: los consumidores preferir\u00e1n marcas que ofrezcan <strong>productos reparables, reciclables y duraderos<\/strong>, fomentando un consumo m\u00e1s consciente y sostenible.<\/p>\n\n\n\n<p><strong>2. Energ\u00edas renovables y eficiencia energ\u00e9tica en productos de uso diario<\/strong><\/p>\n\n\n\n<p>El cambio hacia energ\u00edas limpias no se limita a la producci\u00f3n industrial; tambi\u00e9n afecta el consumo dom\u00e9stico. Los <strong>electrodom\u00e9sticos eficientes y los sistemas de energ\u00eda renovable<\/strong> son cada vez m\u00e1s accesibles para los hogares, permitiendo un consumo responsable de electricidad.<\/p>\n\n\n\n<p><strong>Dispositivos y soluciones innovadoras<\/strong><\/p>\n\n\n\n<p>En 2025, veremos un auge de <strong>cargadores solares port\u00e1tiles, bombillas LED inteligentes y sistemas dom\u00e9sticos de autoconsumo energ\u00e9tico<\/strong>. Marcas como <strong>Tesla<\/strong> con sus soluciones de paneles solares y bater\u00edas para el hogar, o <strong>Philips<\/strong> con iluminaci\u00f3n inteligente, est\u00e1n liderando esta transformaci\u00f3n.<\/p>\n\n\n\n<p><strong>Pol\u00edticas y regulaciones<\/strong><\/p>\n\n\n\n<p>Gobiernos de Europa y Am\u00e9rica Latina est\u00e1n implementando <strong>incentivos fiscales y subvenciones<\/strong> para hogares que adopten energ\u00edas renovables y productos de alta eficiencia energ\u00e9tica, lo que fomenta la transici\u00f3n hacia un consumo responsable.<\/p>\n\n\n\n<p><strong>Beneficios ambientales y econ\u00f3micos<\/strong><\/p>\n\n\n\n<p>M\u00e1s all\u00e1 de reducir la huella de carbono, estas tecnolog\u00edas permiten a los consumidores <strong>ahorrar dinero en electricidad<\/strong> y contribuir a la descarbonizaci\u00f3n del planeta, un factor que ser\u00e1 determinante en 2025.<\/p>\n\n\n\n<p><strong>3. Alimentaci\u00f3n sostenible: de la granja a la mesa<\/strong><\/p>\n\n\n\n<p>La industria alimentaria es responsable de una parte significativa de las emisiones de gases de efecto invernadero. Por eso, la <strong>alimentaci\u00f3n sostenible<\/strong> se posiciona como una tendencia clave en el consumo responsable.<\/p>\n\n\n\n<p><strong>Productos y marcas<\/strong><\/p>\n\n\n\n<p>Alimentos de origen vegetal, carnes cultivadas en laboratorio y productos con certificaciones ecol\u00f3gicas ser\u00e1n protagonistas. Empresas como <strong>Beyond Meat<\/strong> y <strong>Impossible Foods<\/strong> contin\u00faan ganando popularidad, mientras que supermercados ofrecen cada vez m\u00e1s opciones de <strong>productos locales, org\u00e1nicos y de comercio justo<\/strong>.<\/p>\n\n\n\n<p><strong>Tecnolog\u00eda y trazabilidad<\/strong><\/p>\n\n\n\n<p>La digitalizaci\u00f3n de la cadena alimentaria permite a los consumidores conocer el <strong>origen de los productos, su huella de carbono y m\u00e9todos de producci\u00f3n<\/strong>, fomentando decisiones de compra conscientes.<\/p>\n\n\n\n<p><strong>Cambios en h\u00e1bitos de consumo<\/strong><\/p>\n\n\n\n<p>Para 2025, se espera que la dieta sostenible deje de ser un nicho y se convierta en un est\u00e1ndar: consumidores elegir\u00e1n productos que <strong>minimicen impacto ambiental y promuevan la justicia social<\/strong>, integrando la sostenibilidad en su vida diaria.<\/p>\n\n\n\n<p><strong>4. Moda \u00e9tica y slow fashion<\/strong><\/p>\n\n\n\n<p>El <strong>fast fashion<\/strong> ha sido hist\u00f3ricamente uno de los sectores m\u00e1s contaminantes. Sin embargo, para 2025, la <strong>moda \u00e9tica<\/strong> y el <strong>slow fashion<\/strong> se consolidar\u00e1n como alternativas responsables, enfocadas en reducir el desperdicio textil y mejorar las condiciones laborales.<\/p>\n\n\n\n<p><strong>Marcas pioneras<\/strong><\/p>\n\n\n\n<p><strong>Stella McCartney<\/strong>, <strong>Everlane<\/strong> y <strong>Reformation<\/strong> lideran la tendencia ofreciendo productos duraderos, reciclables y con procesos de fabricaci\u00f3n responsables. Adem\u00e1s, surgen plataformas de <strong>moda de segunda mano<\/strong> que permiten reutilizar ropa y reducir el impacto ambiental.<\/p>\n\n\n\n<p><strong>Innovaci\u00f3n en materiales<\/strong><\/p>\n\n\n\n<p>El uso de <strong>tejidos reciclados, fibras biodegradables y cuero vegano<\/strong> est\u00e1 en aumento. La investigaci\u00f3n en biotecnolog\u00eda textil permite crear materiales sostenibles que reemplazan al algod\u00f3n convencional y al cuero animal, ofreciendo opciones m\u00e1s ecol\u00f3gicas sin sacrificar calidad ni estilo.<\/p>\n\n\n\n<p><strong>Influencia en los consumidores<\/strong><\/p>\n\n\n\n<p>Cada vez m\u00e1s personas consideran factores \u00e9ticos y ambientales antes de comprar ropa. La <strong>conciencia sobre el impacto social y ambiental de la moda<\/strong> ser\u00e1 un motor clave de compra en 2025, incentivando un consumo m\u00e1s responsable y consciente.<\/p>\n\n\n\n<p><strong>5. Tecnolog\u00eda y apps para consumo responsable<\/strong><\/p>\n\n\n\n<p>El <strong>consumo responsable digital<\/strong> es una tendencia que combina tecnolog\u00eda, informaci\u00f3n y h\u00e1bitos de vida sostenibles. Apps y plataformas permiten a los consumidores medir su impacto ambiental y tomar decisiones informadas.<\/p>\n\n\n\n<p><strong>Aplicaciones destacadas<\/strong><\/p>\n\n\n\n<p>Herramientas como <strong>Olio<\/strong> (para compartir comida sobrante), <strong>Too Good To Go<\/strong> (evitar desperdicio de alimentos) y <strong>JouleBug<\/strong> (promover h\u00e1bitos sostenibles) facilitan la adopci\u00f3n de pr\u00e1cticas responsables en la vida cotidiana.<\/p>\n\n\n\n<p><strong>Inteligencia artificial y datos<\/strong><\/p>\n\n\n\n<p>El uso de <strong>IA y big data<\/strong> permite analizar patrones de consumo y ofrecer recomendaciones personalizadas, ayudando a reducir la huella ambiental individual y promoviendo la econom\u00eda circular.<\/p>\n\n\n\n<p><strong>Impacto en 2025<\/strong><\/p>\n\n\n\n<p>Para 2025, las apps verdes no solo guiar\u00e1n decisiones de compra, sino que tambi\u00e9n fomentar\u00e1n comunidades de consumidores conscientes que comparten recursos, reducen desperdicios y amplifican el impacto positivo de sus acciones.<\/p>\n\n\n\n<p><strong>Un futuro sostenible al alcance de todos<\/strong><\/p>\n\n\n\n<p>El consumo responsable no es solo una elecci\u00f3n individual, sino una <strong>tendencia global que involucra empresas, gobiernos y tecnolog\u00edas innovadoras<\/strong>. Las cinco tendencias que marcar\u00e1n 2025 \u2014econom\u00eda circular, energ\u00edas renovables, alimentaci\u00f3n sostenible, moda \u00e9tica y consumo responsable<\/p>\n","protected":false},"excerpt":{"rendered":"","protected":false},"author":2,"featured_media":100025,"comment_status":"open","ping_status":"open","sticky":false,"template":"","format":"standard","meta":{"site-sidebar-layout":"default","site-content-layout":"","ast-site-content-layout":"default","site-content-style":"default","site-sidebar-style":"default","ast-global-header-display":"","ast-banner-title-visibility":"","ast-main-header-display":"","ast-hfb-above-header-display":"","ast-hfb-below-header-display":"","ast-hfb-mobile-header-display":"","site-post-title":"","ast-breadcrumbs-content":"","ast-featured-img":"","footer-sml-layout":"","ast-disable-related-posts":"","theme-transparent-header-meta":"","adv-header-id-meta":"","stick-header-meta":"","header-above-stick-meta":"","header-main-stick-meta":"","header-below-stick-meta":"","astra-migrate-meta-layouts":"default","ast-page-background-enabled":"default","ast-page-background-meta":{"desktop":{"background-color":"var(--ast-global-color-5)","background-image":"","background-repeat":"repeat","background-position":"center center","background-size":"auto","background-attachment":"scroll","background-type":"","background-media":"","overlay-type":"","overlay-color":"","overlay-opacity":"","overlay-gradient":""},"tablet":{"background-color":"","background-image":"","background-repeat":"repeat","background-position":"center center","background-size":"auto","background-attachment":"scroll","background-type":"","background-media":"","overlay-type":"","overlay-color":"","overlay-opacity":"","overlay-gradient":""},"mobile":{"background-color":"","background-image":"","background-repeat":"repeat","background-position":"center center","background-size":"auto","background-attachment":"scroll","background-type":"","background-media":"","overlay-type":"","overlay-color":"","overlay-opacity":"","overlay-gradient":""}},"ast-content-background-meta":{"desktop":{"background-color":"var(--ast-global-color-4)","background-image":"","background-repeat":"repeat","background-position":"center center","background-size":"auto","background-attachment":"scroll","background-type":"","background-media":"","overlay-type":"","overlay-color":"","overlay-opacity":"","overlay-gradient":""},"tablet":{"background-color":"var(--ast-global-color-4)","background-image":"","background-repeat":"repeat","background-position":"center center","background-size":"auto","background-attachment":"scroll","background-type":"","background-media":"","overlay-type":"","overlay-color":"","overlay-opacity":"","overlay-gradient":""},"mobile":{"background-color":"var(--ast-global-color-4)","background-image":"","background-repeat":"repeat","background-position":"center center","background-size":"auto","background-attachment":"scroll","background-type":"","background-media":"","overlay-type":"","overlay-color":"","overlay-opacity":"","overlay-gradient":""}},"footnotes":""},"categories":[3512,1],"tags":[],"class_list":["post-99784","post","type-post","status-publish","format-standard","has-post-thumbnail","hentry","category-economia-circular","category-noticias"],"yoast_head":"<!-- This site is optimized with the Yoast SEO Premium plugin v23.0 (Yoast SEO v27.5) - https:\/\/yoast.com\/product\/yoast-seo-premium-wordpress\/ -->\n<title>5 tendencias verdes que marcar\u00e1n el consumo responsable<\/title>\n<meta name=\"description\" content=\"El consumo responsable ha dejado de ser una tendencia pasajera para convertirse en una necesidad global.\" \/>\n<meta name=\"robots\" content=\"index, follow, max-snippet:-1, max-image-preview:large, max-video-preview:-1\" \/>\n<link rel=\"canonical\" href=\"https:\/\/patagoniambiental.com.ar\/info\/cinco-tendencias\/\" \/>\n<meta property=\"og:locale\" content=\"es_ES\" \/>\n<meta property=\"og:type\" content=\"article\" \/>\n<meta property=\"og:title\" content=\"5 tendencias verdes que marcar\u00e1n el consumo responsable en 2025\" \/>\n<meta property=\"og:description\" content=\"El consumo responsable ha dejado de ser una tendencia pasajera para convertirse en una necesidad global.\" \/>\n<meta property=\"og:url\" content=\"https:\/\/patagoniambiental.com.ar\/info\/cinco-tendencias\/\" \/>\n<meta property=\"og:site_name\" content=\"Patagonia Ambiental\" \/>\n<meta property=\"article:publisher\" content=\"https:\/\/www.facebook.com\/patagonia.ambiental\" \/>\n<meta property=\"article:author\" content=\"https:\/\/www.facebook.com\/share\/1C1V8Gv9BX\/?mibextid=qi2Omg\" \/>\n<meta property=\"article:published_time\" content=\"2025-12-30T11:00:00+00:00\" \/>\n<meta property=\"og:image\" content=\"https:\/\/patagoniambiental.com.ar\/info\/wp-content\/uploads\/2025\/12\/5-tendencias-verdes-consumo-responsable.webp\" \/>\n\t<meta property=\"og:image:width\" content=\"663\" \/>\n\t<meta property=\"og:image:height\" content=\"600\" \/>\n\t<meta property=\"og:image:type\" content=\"image\/webp\" \/>\n<meta name=\"author\" content=\"Patagonia Ambiental\" \/>\n<meta name=\"twitter:card\" content=\"summary_large_image\" \/>\n<meta name=\"twitter:creator\" content=\"@PatAmb\" \/>\n<meta name=\"twitter:site\" content=\"@PatAmb\" \/>\n<script type=\"application\/ld+json\" class=\"yoast-schema-graph\">{\"@context\":\"https:\\\/\\\/schema.org\",\"@graph\":[{\"@type\":\"Article\",\"@id\":\"https:\\\/\\\/patagoniambiental.com.ar\\\/info\\\/cinco-tendencias\\\/#article\",\"isPartOf\":{\"@id\":\"https:\\\/\\\/patagoniambiental.com.ar\\\/info\\\/cinco-tendencias\\\/\"},\"author\":{\"name\":\"Patagonia Ambiental\",\"@id\":\"https:\\\/\\\/patagoniambiental.com.ar\\\/info\\\/#\\\/schema\\\/person\\\/db12bff64bbcbf6a253710bf0ea37b5d\"},\"headline\":\"5 tendencias verdes que marcar\u00e1n el consumo responsable en 2025\",\"datePublished\":\"2025-12-30T11:00:00+00:00\",\"mainEntityOfPage\":{\"@id\":\"https:\\\/\\\/patagoniambiental.com.ar\\\/info\\\/cinco-tendencias\\\/\"},\"wordCount\":1064,\"commentCount\":0,\"publisher\":{\"@id\":\"https:\\\/\\\/patagoniambiental.com.ar\\\/info\\\/#organization\"},\"image\":{\"@id\":\"https:\\\/\\\/patagoniambiental.com.ar\\\/info\\\/cinco-tendencias\\\/#primaryimage\"},\"thumbnailUrl\":\"https:\\\/\\\/patagoniambiental.com.ar\\\/info\\\/wp-content\\\/uploads\\\/2025\\\/12\\\/5-tendencias-verdes-consumo-responsable.webp\",\"articleSection\":[\"Econom\u00eda Circular\",\"Noticias\"],\"inLanguage\":\"es\",\"potentialAction\":[{\"@type\":\"CommentAction\",\"name\":\"Comment\",\"target\":[\"https:\\\/\\\/patagoniambiental.com.ar\\\/info\\\/cinco-tendencias\\\/#respond\"]}]},{\"@type\":\"WebPage\",\"@id\":\"https:\\\/\\\/patagoniambiental.com.ar\\\/info\\\/cinco-tendencias\\\/\",\"url\":\"https:\\\/\\\/patagoniambiental.com.ar\\\/info\\\/cinco-tendencias\\\/\",\"name\":\"5 tendencias verdes que marcar\u00e1n el consumo responsable\",\"isPartOf\":{\"@id\":\"https:\\\/\\\/patagoniambiental.com.ar\\\/info\\\/#website\"},\"primaryImageOfPage\":{\"@id\":\"https:\\\/\\\/patagoniambiental.com.ar\\\/info\\\/cinco-tendencias\\\/#primaryimage\"},\"image\":{\"@id\":\"https:\\\/\\\/patagoniambiental.com.ar\\\/info\\\/cinco-tendencias\\\/#primaryimage\"},\"thumbnailUrl\":\"https:\\\/\\\/patagoniambiental.com.ar\\\/info\\\/wp-content\\\/uploads\\\/2025\\\/12\\\/5-tendencias-verdes-consumo-responsable.webp\",\"datePublished\":\"2025-12-30T11:00:00+00:00\",\"description\":\"El consumo responsable ha dejado de ser una tendencia pasajera para convertirse en una necesidad global.\",\"breadcrumb\":{\"@id\":\"https:\\\/\\\/patagoniambiental.com.ar\\\/info\\\/cinco-tendencias\\\/#breadcrumb\"},\"inLanguage\":\"es\",\"potentialAction\":[{\"@type\":\"ReadAction\",\"target\":[\"https:\\\/\\\/patagoniambiental.com.ar\\\/info\\\/cinco-tendencias\\\/\"]}]},{\"@type\":\"ImageObject\",\"inLanguage\":\"es\",\"@id\":\"https:\\\/\\\/patagoniambiental.com.ar\\\/info\\\/cinco-tendencias\\\/#primaryimage\",\"url\":\"https:\\\/\\\/patagoniambiental.com.ar\\\/info\\\/wp-content\\\/uploads\\\/2025\\\/12\\\/5-tendencias-verdes-consumo-responsable.webp\",\"contentUrl\":\"https:\\\/\\\/patagoniambiental.com.ar\\\/info\\\/wp-content\\\/uploads\\\/2025\\\/12\\\/5-tendencias-verdes-consumo-responsable.webp\",\"width\":663,\"height\":600,\"caption\":\"5 Tendencias verdes que marcar\u00e1n el consumo responsable\"},{\"@type\":\"BreadcrumbList\",\"@id\":\"https:\\\/\\\/patagoniambiental.com.ar\\\/info\\\/cinco-tendencias\\\/#breadcrumb\",\"itemListElement\":[{\"@type\":\"ListItem\",\"position\":1,\"name\":\"Inicio\",\"item\":\"https:\\\/\\\/patagoniambiental.com.ar\\\/info\\\/\"},{\"@type\":\"ListItem\",\"position\":2,\"name\":\"5 tendencias verdes que marcar\u00e1n el consumo responsable en 2025\"}]},{\"@type\":\"WebSite\",\"@id\":\"https:\\\/\\\/patagoniambiental.com.ar\\\/info\\\/#website\",\"url\":\"https:\\\/\\\/patagoniambiental.com.ar\\\/info\\\/\",\"name\":\"Patagonia Ambiental\",\"description\":\"Monitoreo y an\u00e1lisis de la situaci\u00f3n geopol\u00edtica en el mundo y su implicancia en la Patagonia\",\"publisher\":{\"@id\":\"https:\\\/\\\/patagoniambiental.com.ar\\\/info\\\/#organization\"},\"potentialAction\":[{\"@type\":\"SearchAction\",\"target\":{\"@type\":\"EntryPoint\",\"urlTemplate\":\"https:\\\/\\\/patagoniambiental.com.ar\\\/info\\\/?s={search_term_string}\"},\"query-input\":{\"@type\":\"PropertyValueSpecification\",\"valueRequired\":true,\"valueName\":\"search_term_string\"}}],\"inLanguage\":\"es\"},{\"@type\":\"Organization\",\"@id\":\"https:\\\/\\\/patagoniambiental.com.ar\\\/info\\\/#organization\",\"name\":\"Patagonia Ambiental\",\"url\":\"https:\\\/\\\/patagoniambiental.com.ar\\\/info\\\/\",\"logo\":{\"@type\":\"ImageObject\",\"inLanguage\":\"es\",\"@id\":\"https:\\\/\\\/patagoniambiental.com.ar\\\/info\\\/#\\\/schema\\\/logo\\\/image\\\/\",\"url\":\"https:\\\/\\\/patagoniambiental.com.ar\\\/info\\\/wp-content\\\/uploads\\\/2025\\\/05\\\/LOGO-PATAGONIA-AMBIENTAL.png\",\"contentUrl\":\"https:\\\/\\\/patagoniambiental.com.ar\\\/info\\\/wp-content\\\/uploads\\\/2025\\\/05\\\/LOGO-PATAGONIA-AMBIENTAL.png\",\"width\":433,\"height\":250,\"caption\":\"Patagonia Ambiental\"},\"image\":{\"@id\":\"https:\\\/\\\/patagoniambiental.com.ar\\\/info\\\/#\\\/schema\\\/logo\\\/image\\\/\"},\"sameAs\":[\"https:\\\/\\\/www.facebook.com\\\/patagonia.ambiental\",\"https:\\\/\\\/x.com\\\/PatAmb\"]},{\"@type\":\"Person\",\"@id\":\"https:\\\/\\\/patagoniambiental.com.ar\\\/info\\\/#\\\/schema\\\/person\\\/db12bff64bbcbf6a253710bf0ea37b5d\",\"name\":\"Patagonia Ambiental\",\"description\":\"Andr\u00e9s Nievas T\u00e9cnico en manejo ambiental, consultor Ambiental y escritor para medios locales e internacionales sobre temas de geopolitica y medio ambiente.\",\"sameAs\":[\"http:\\\/\\\/www.patagoniambiental.com.ar\",\"https:\\\/\\\/www.facebook.com\\\/share\\\/1C1V8Gv9BX\\\/?mibextid=qi2Omg\",\"@patagoniambiental\",\"https:\\\/\\\/youtube.com\\\/@patagoniaambiental2023?si=BLt58t0wuXquxlYZ\"]}]}<\/script>\n<!-- \/ Yoast SEO Premium plugin. -->","yoast_head_json":{"title":"5 tendencias verdes que marcar\u00e1n el consumo responsable","description":"El consumo responsable ha dejado de ser una tendencia pasajera para convertirse en una necesidad global.","robots":{"index":"index","follow":"follow","max-snippet":"max-snippet:-1","max-image-preview":"max-image-preview:large","max-video-preview":"max-video-preview:-1"},"canonical":"https:\/\/patagoniambiental.com.ar\/info\/cinco-tendencias\/","og_locale":"es_ES","og_type":"article","og_title":"5 tendencias verdes que marcar\u00e1n el consumo responsable en 2025","og_description":"El consumo responsable ha dejado de ser una tendencia pasajera para convertirse en una necesidad global.","og_url":"https:\/\/patagoniambiental.com.ar\/info\/cinco-tendencias\/","og_site_name":"Patagonia Ambiental","article_publisher":"https:\/\/www.facebook.com\/patagonia.ambiental","article_author":"https:\/\/www.facebook.com\/share\/1C1V8Gv9BX\/?mibextid=qi2Omg","article_published_time":"2025-12-30T11:00:00+00:00","og_image":[{"width":663,"height":600,"url":"https:\/\/patagoniambiental.com.ar\/info\/wp-content\/uploads\/2025\/12\/5-tendencias-verdes-consumo-responsable.webp","type":"image\/webp"}],"author":"Patagonia Ambiental","twitter_card":"summary_large_image","twitter_creator":"@PatAmb","twitter_site":"@PatAmb","schema":{"@context":"https:\/\/schema.org","@graph":[{"@type":"Article","@id":"https:\/\/patagoniambiental.com.ar\/info\/cinco-tendencias\/#article","isPartOf":{"@id":"https:\/\/patagoniambiental.com.ar\/info\/cinco-tendencias\/"},"author":{"name":"Patagonia Ambiental","@id":"https:\/\/patagoniambiental.com.ar\/info\/#\/schema\/person\/db12bff64bbcbf6a253710bf0ea37b5d"},"headline":"5 tendencias verdes que marcar\u00e1n el consumo responsable en 2025","datePublished":"2025-12-30T11:00:00+00:00","mainEntityOfPage":{"@id":"https:\/\/patagoniambiental.com.ar\/info\/cinco-tendencias\/"},"wordCount":1064,"commentCount":0,"publisher":{"@id":"https:\/\/patagoniambiental.com.ar\/info\/#organization"},"image":{"@id":"https:\/\/patagoniambiental.com.ar\/info\/cinco-tendencias\/#primaryimage"},"thumbnailUrl":"https:\/\/patagoniambiental.com.ar\/info\/wp-content\/uploads\/2025\/12\/5-tendencias-verdes-consumo-responsable.webp","articleSection":["Econom\u00eda Circular","Noticias"],"inLanguage":"es","potentialAction":[{"@type":"CommentAction","name":"Comment","target":["https:\/\/patagoniambiental.com.ar\/info\/cinco-tendencias\/#respond"]}]},{"@type":"WebPage","@id":"https:\/\/patagoniambiental.com.ar\/info\/cinco-tendencias\/","url":"https:\/\/patagoniambiental.com.ar\/info\/cinco-tendencias\/","name":"5 tendencias verdes que marcar\u00e1n el consumo responsable","isPartOf":{"@id":"https:\/\/patagoniambiental.com.ar\/info\/#website"},"primaryImageOfPage":{"@id":"https:\/\/patagoniambiental.com.ar\/info\/cinco-tendencias\/#primaryimage"},"image":{"@id":"https:\/\/patagoniambiental.com.ar\/info\/cinco-tendencias\/#primaryimage"},"thumbnailUrl":"https:\/\/patagoniambiental.com.ar\/info\/wp-content\/uploads\/2025\/12\/5-tendencias-verdes-consumo-responsable.webp","datePublished":"2025-12-30T11:00:00+00:00","description":"El consumo responsable ha dejado de ser una tendencia pasajera para convertirse en una necesidad global.","breadcrumb":{"@id":"https:\/\/patagoniambiental.com.ar\/info\/cinco-tendencias\/#breadcrumb"},"inLanguage":"es","potentialAction":[{"@type":"ReadAction","target":["https:\/\/patagoniambiental.com.ar\/info\/cinco-tendencias\/"]}]},{"@type":"ImageObject","inLanguage":"es","@id":"https:\/\/patagoniambiental.com.ar\/info\/cinco-tendencias\/#primaryimage","url":"https:\/\/patagoniambiental.com.ar\/info\/wp-content\/uploads\/2025\/12\/5-tendencias-verdes-consumo-responsable.webp","contentUrl":"https:\/\/patagoniambiental.com.ar\/info\/wp-content\/uploads\/2025\/12\/5-tendencias-verdes-consumo-responsable.webp","width":663,"height":600,"caption":"5 Tendencias verdes que marcar\u00e1n el consumo responsable"},{"@type":"BreadcrumbList","@id":"https:\/\/patagoniambiental.com.ar\/info\/cinco-tendencias\/#breadcrumb","itemListElement":[{"@type":"ListItem","position":1,"name":"Inicio","item":"https:\/\/patagoniambiental.com.ar\/info\/"},{"@type":"ListItem","position":2,"name":"5 tendencias verdes que marcar\u00e1n el consumo responsable en 2025"}]},{"@type":"WebSite","@id":"https:\/\/patagoniambiental.com.ar\/info\/#website","url":"https:\/\/patagoniambiental.com.ar\/info\/","name":"Patagonia Ambiental","description":"Monitoreo y an\u00e1lisis de la situaci\u00f3n geopol\u00edtica en el mundo y su implicancia en la Patagonia","publisher":{"@id":"https:\/\/patagoniambiental.com.ar\/info\/#organization"},"potentialAction":[{"@type":"SearchAction","target":{"@type":"EntryPoint","urlTemplate":"https:\/\/patagoniambiental.com.ar\/info\/?s={search_term_string}"},"query-input":{"@type":"PropertyValueSpecification","valueRequired":true,"valueName":"search_term_string"}}],"inLanguage":"es"},{"@type":"Organization","@id":"https:\/\/patagoniambiental.com.ar\/info\/#organization","name":"Patagonia Ambiental","url":"https:\/\/patagoniambiental.com.ar\/info\/","logo":{"@type":"ImageObject","inLanguage":"es","@id":"https:\/\/patagoniambiental.com.ar\/info\/#\/schema\/logo\/image\/","url":"https:\/\/patagoniambiental.com.ar\/info\/wp-content\/uploads\/2025\/05\/LOGO-PATAGONIA-AMBIENTAL.png","contentUrl":"https:\/\/patagoniambiental.com.ar\/info\/wp-content\/uploads\/2025\/05\/LOGO-PATAGONIA-AMBIENTAL.png","width":433,"height":250,"caption":"Patagonia Ambiental"},"image":{"@id":"https:\/\/patagoniambiental.com.ar\/info\/#\/schema\/logo\/image\/"},"sameAs":["https:\/\/www.facebook.com\/patagonia.ambiental","https:\/\/x.com\/PatAmb"]},{"@type":"Person","@id":"https:\/\/patagoniambiental.com.ar\/info\/#\/schema\/person\/db12bff64bbcbf6a253710bf0ea37b5d","name":"Patagonia Ambiental","description":"Andr\u00e9s Nievas T\u00e9cnico en manejo ambiental, consultor Ambiental y escritor para medios locales e internacionales sobre temas de geopolitica y medio ambiente.","sameAs":["http:\/\/www.patagoniambiental.com.ar","https:\/\/www.facebook.com\/share\/1C1V8Gv9BX\/?mibextid=qi2Omg","@patagoniambiental","https:\/\/youtube.com\/@patagoniaambiental2023?si=BLt58t0wuXquxlYZ"]}]}},"_links":{"self":[{"href":"https:\/\/patagoniambiental.com.ar\/info\/wp-json\/wp\/v2\/posts\/99784","targetHints":{"allow":["GET"]}}],"collection":[{"href":"https:\/\/patagoniambiental.com.ar\/info\/wp-json\/wp\/v2\/posts"}],"about":[{"href":"https:\/\/patagoniambiental.com.ar\/info\/wp-json\/wp\/v2\/types\/post"}],"author":[{"embeddable":true,"href":"https:\/\/patagoniambiental.com.ar\/info\/wp-json\/wp\/v2\/users\/2"}],"replies":[{"embeddable":true,"href":"https:\/\/patagoniambiental.com.ar\/info\/wp-json\/wp\/v2\/comments?post=99784"}],"version-history":[{"count":1,"href":"https:\/\/patagoniambiental.com.ar\/info\/wp-json\/wp\/v2\/posts\/99784\/revisions"}],"predecessor-version":[{"id":99786,"href":"https:\/\/patagoniambiental.com.ar\/info\/wp-json\/wp\/v2\/posts\/99784\/revisions\/99786"}],"wp:featuredmedia":[{"embeddable":true,"href":"https:\/\/patagoniambiental.com.ar\/info\/wp-json\/wp\/v2\/media\/100025"}],"wp:attachment":[{"href":"https:\/\/patagoniambiental.com.ar\/info\/wp-json\/wp\/v2\/media?parent=99784"}],"wp:term":[{"taxonomy":"category","embeddable":true,"href":"https:\/\/patagoniambiental.com.ar\/info\/wp-json\/wp\/v2\/categories?post=99784"},{"taxonomy":"post_tag","embeddable":true,"href":"https:\/\/patagoniambiental.com.ar\/info\/wp-json\/wp\/v2\/tags?post=99784"}],"curies":[{"name":"wp","href":"https:\/\/api.w.org\/{rel}","templated":true}]}}