{"id":99797,"date":"2025-11-15T19:47:15","date_gmt":"2025-11-15T22:47:15","guid":{"rendered":"https:\/\/patagoniambiental.com.ar\/info\/?p=99797"},"modified":"2025-12-13T20:16:42","modified_gmt":"2025-12-13T23:16:42","slug":"malvinas-turismo","status":"publish","type":"post","link":"https:\/\/patagoniambiental.com.ar\/info\/malvinas-turismo\/","title":{"rendered":"Bariloche Revoluciona su Turismo: El Museo Malvinas se Convierte en el Nuevo Im\u00e1n Nacional para Viajeros e Historiadores"},"content":{"rendered":"\n<!--more-->\n\n\n\n<h2 class=\"wp-block-heading\" id=\"h-un-espacio-que-cambia-la-experiencia-turistica-en-bariloche-lo-que-nadie-esperaba-del-nuevo-museo-malvinas\">Un espacio que cambia la experiencia tur\u00edstica en Bariloche: lo que nadie esperaba del nuevo Museo Malvinas<\/h2>\n\n\n\n<p>El reciente Encuentro Nacional de la Red Federal de Turismo realizado en Bariloche dej\u00f3 una sorpresa que r\u00e1pidamente se posicion\u00f3 en la agenda p\u00fablica: el creciente impacto del Museo Malvinas, Ant\u00e1rtida y Atl\u00e1ntico Sur como nuevo hito hist\u00f3rico, cultural y tur\u00edstico de la ciudad. Lo que comenz\u00f3 como un proyecto de memoria activa hoy se est\u00e1 consolidando como uno de los atractivos m\u00e1s influyentes del sur argentino. La visita de m\u00e1s de un centenar de referentes tur\u00edsticos de todo el pa\u00eds abri\u00f3 un interrogante clave: \u00bfestamos frente a la nueva pieza estrat\u00e9gica que redefinir\u00e1 la identidad tur\u00edstica de Bariloche? Para entender esta transformaci\u00f3n, hay que sumergirse en la experiencia del Museo, su propuesta simb\u00f3lica, su aporte a la soberan\u00eda nacional y su creciente relevancia en la construcci\u00f3n del relato colectivo.<\/p>\n\n\n\n<h2 class=\"wp-block-heading\" id=\"h-por-que-el-museo-malvinas-se-esta-convirtiendo-en-el-atractivo-mas-buscado-por-los-turistas-en-bariloche\">Por qu\u00e9 el Museo Malvinas se est\u00e1 convirtiendo en el atractivo m\u00e1s buscado por los turistas en Bariloche<\/h2>\n\n\n\n<p>Desde su inauguraci\u00f3n en septiembre de 2025, el Museo Malvinas se ha posicionado como mucho m\u00e1s que un espacio expositivo. Ubicado a pocos metros del Centro C\u00edvico y frente al emblem\u00e1tico lago Nahuel Huapi, este nuevo punto de referencia combina historia, paisaje y reflexi\u00f3n en un entorno que invita tanto al aprendizaje como a la emoci\u00f3n. Los visitantes de la Red Federal de Turismo coincidieron en que su presencia en pleno coraz\u00f3n de Bariloche enriquece significativamente la experiencia del viajero, que ya no solo viene por naturaleza y aventura, sino tambi\u00e9n por cultura, identidad y memoria. El museo no solo suma un nuevo atractivo: ampl\u00eda la narrativa tur\u00edstica de la ciudad y aporta un valor simb\u00f3lico que marca una diferencia con respecto a otros destinos del pa\u00eds.<\/p>\n\n\n\n<h2 class=\"wp-block-heading\" id=\"h-un-recorrido-que-impacta-el-memorial-heroes-de-malvinas-y-el-mirage-iii-piezas-clave-del-circuito-historico\">Un recorrido que impacta: el Memorial H\u00e9roes de Malvinas y el Mirage III, piezas clave del circuito hist\u00f3rico<\/h2>\n\n\n\n<p>Uno de los momentos m\u00e1s destacados de la visita de la delegaci\u00f3n nacional fue el recorrido por el Memorial H\u00e9roes de Malvinas, un espacio dise\u00f1ado para rendir homenaje a los combatientes y transmitir un mensaje de respeto, reconocimiento y soberan\u00eda. La presencia del avi\u00f3n Mirage III, ubicado sobre la costa del Nahuel Huapi, se ha convertido en una postal ic\u00f3nica que sorprende a turistas de todas partes del mundo. Esta pieza hist\u00f3rica no solo funciona como atractivo visual, sino tambi\u00e9n como elemento pedag\u00f3gico que permite contextualizar el rol de la aviaci\u00f3n argentina durante el conflicto del Atl\u00e1ntico Sur. De esta forma, el Museo Malvinas construye una experiencia completa que combina visualidad, contenido y simbolismo, factores que los expertos tur\u00edsticos valoraron como esenciales para un destino moderno y competitivo.<\/p>\n\n\n\n<p>Un espacio de memoria activa que redefine la identidad tur\u00edstica de Bariloche<\/p>\n\n\n\n<p>Lo que diferencia al Museo Malvinas de otras instituciones similares es su enfoque en la memoria activa, es decir, la capacidad de conectar el pasado con el presente mediante actividades que involucran a la comunidad. Exposiciones, charlas, ciclos educativos y eventos culturales forman parte de una programaci\u00f3n din\u00e1mica que invita al p\u00fablico a reflexionar y participar. Seg\u00fan Rub\u00e9n Pablos, responsable del Museo y director de Veteranos de Guerra de R\u00edo Negro, cada persona que recorre este espacio \u201cse lleva una experiencia profunda, una mezcla de memoria, historia y emoci\u00f3n\u201d. Esta visi\u00f3n refuerza la idea de que el turismo actual no solo busca entretenimiento, sino tambi\u00e9n conexi\u00f3n emocional y sentido, algo que el Museo Malvinas ofrece con naturalidad y autenticidad.<\/p>\n\n\n\n<p>Bariloche como capital nacional de la memoria y la soberan\u00eda: un posicionamiento estrat\u00e9gico<\/p>\n\n\n\n<p>La visita de la Red Federal de Turismo no fue un gesto aislado, sino parte de una estrategia nacional orientada a fortalecer la presencia de la tem\u00e1tica Malvinas en el mapa tur\u00edstico argentino. Bariloche, gracias a su combinaci\u00f3n \u00fanica de paisaje, infraestructura y flujo constante de visitantes, se perfila como ciudad estrat\u00e9gica para llevar adelante este objetivo. El hecho de que el Museo est\u00e9 ubicado en una zona emblem\u00e1tica amplifica su impacto y lo posiciona como un obligado dentro del itinerario tur\u00edstico, permitiendo que miles de personas \u2014argentinos y extranjeros\u2014 se acerquen a un cap\u00edtulo fundamental de la historia argentina. Este enfoque fortalece la identidad local y coloca a la ciudad en un rol protag\u00f3nico dentro del turismo de memoria, una tendencia en crecimiento a nivel internacional.<\/p>\n\n\n\n<p>Un aporte clave al desarrollo tur\u00edstico sostenible: cultura, educaci\u00f3n y sentido de pertenencia<\/p>\n\n\n\n<p>El Gobierno de R\u00edo Negro ha impulsado el Museo Malvinas como parte de un programa integral de pol\u00edticas p\u00fablicas culturales y tur\u00edsticas. La apertura del Museo y su articulaci\u00f3n con eventos nacionales marcan un camino de desarrollo que apuesta a la diversificaci\u00f3n de la oferta tur\u00edstica y a la creaci\u00f3n de experiencias significativas. Para un destino con alt\u00edsima demanda como Bariloche, este tipo de propuestas es fundamental para garantizar sostenibilidad, desestacionalizaci\u00f3n y mejora en la calidad del turismo. El valor educativo del Museo atrae a escuelas, instituciones, familias y viajeros interesados en conocer m\u00e1s sobre la soberan\u00eda en el Atl\u00e1ntico Sur. Esta diversidad de p\u00fablicos contribuye no solo al crecimiento tur\u00edstico, sino tambi\u00e9n a la formaci\u00f3n ciudadana y al fortalecimiento del sentido de pertenencia.<\/p>\n\n\n\n<h2 class=\"wp-block-heading\" id=\"h-la-experiencia-del-museo-malvinas-lo-que-opinan-los-referentes-que-lo-visitaron\">La experiencia del Museo Malvinas: lo que opinan los referentes que lo visitaron<\/h2>\n\n\n\n<p>Los referentes tur\u00edsticos de la Red Federal destacaron la calidad del guion museogr\u00e1fico, la calidez del personal, la potencia simb\u00f3lica de los espacios y la claridad del mensaje. Para muchos, la visita super\u00f3 las expectativas y abri\u00f3 un debate sobre la importancia de integrar la historia nacional en los circuitos tur\u00edsticos. Adem\u00e1s, se resalt\u00f3 que el Museo no es solo un atractivo nuevo, sino un s\u00edmbolo que articula pasado, presente y futuro. Este tipo de experiencias, se\u00f1alaron, son claves para el turismo cultural moderno, donde los viajeros buscan autenticidad y emociones genuinas. La delegaci\u00f3n coincidi\u00f3 en que la visita deber\u00eda incorporarse como parte fija de los recorridos tur\u00edsticos organizados en Bariloche.<\/p>\n\n\n\n<h2 class=\"wp-block-heading\" id=\"h-el-crecimiento-del-turismo-historico-cultural-en-argentina-tendencias-y-oportunidades\">El crecimiento del turismo hist\u00f3rico-cultural en Argentina: tendencias y oportunidades<\/h2>\n\n\n\n<p>En los \u00faltimos a\u00f1os, el turismo hist\u00f3rico-cultural ha tenido un crecimiento notable en Argentina. Los viajeros buscan experiencias m\u00e1s profundas, contenido educativo y espacios que les permitan comprender la identidad del pa\u00eds. En este contexto, el Museo Malvinas aparece como una oportunidad excepcional para posicionar a Bariloche como destino integral. La ciudad ya era reconocida por su naturaleza y oferta recreativa, pero ahora suma un componente de alto valor simb\u00f3lico y cultural que la diferencia de otros destinos patag\u00f3nicos. En un mercado donde la competitividad depende cada vez m\u00e1s de la experiencia completa del visitante, contar con un atractivo de esta naturaleza se convierte en una ventaja clave.<\/p>\n\n\n\n<h2 class=\"wp-block-heading\" id=\"h-impacto-en-la-comunidad-local-un-espacio-para-recordar-aprender-y-participar\">Impacto en la comunidad local: un espacio para recordar, aprender y participar<\/h2>\n\n\n\n<p>El Museo Malvinas no solo atrae turistas; tambi\u00e9n cumple un rol fundamental dentro de la comunidad local. Desde charlas y actividades escolares hasta eventos culturales y propuestas participativas, su influencia trasciende el turismo y se introduce en la vida cotidiana de Bariloche. Vecinos, veteranos, j\u00f3venes y familias encuentran en este espacio un punto de encuentro que fortalece el tejido social y mantiene viva la memoria colectiva. Este impacto comunitario fue destacado por los organizadores del Encuentro Nacional, quienes subrayaron la importancia de que los destinos tur\u00edsticos integren a la comunidad en sus proyectos culturales para garantizar sostenibilidad, sentido y pertenencia.<\/p>\n\n\n\n<h2 class=\"wp-block-heading\" id=\"h-una-experiencia-que-conecta-historia-y-paisaje-de-forma-unica-en-el-pais\">Una experiencia que conecta historia y paisaje de forma \u00fanica en el pa\u00eds<\/h2>\n\n\n\n<p>La ubicaci\u00f3n del Museo Malvinas, frente a uno de los paisajes m\u00e1s emblem\u00e1ticos del pa\u00eds, le otorga un valor diferencial dif\u00edcil de replicar. El visitante no solo recorre salas y exposiciones, sino que tambi\u00e9n se encuentra con un entorno natural que potencia la experiencia emocional y sensorial. El contraste entre el relato hist\u00f3rico del conflicto y la serenidad del lago Nahuel Huapi genera una atm\u00f3sfera \u00fanica que impacta en quienes la visitan. Esta combinaci\u00f3n de naturaleza, arquitectura, memoria y simbolog\u00eda se ha convertido en uno de los principales motivos por los que el Museo gana protagonismo d\u00eda a d\u00eda.<\/p>\n\n\n\n<h2 class=\"wp-block-heading\" id=\"h-implicancias-turisticas-a-largo-plazo-hacia-una-identidad-mas-completa-y-diversa\">Implicancias tur\u00edsticas a largo plazo: hacia una identidad m\u00e1s completa y diversa<\/h2>\n\n\n\n<p>La incorporaci\u00f3n del Museo Malvinas al ecosistema tur\u00edstico de Bariloche sugiere un cambio profundo en la forma en que la ciudad se posiciona dentro del mercado nacional e internacional. A medida que crece el inter\u00e9s por el turismo cultural, hist\u00f3rico y educativo, este tipo de propuestas se vuelve cada vez m\u00e1s relevante. Con la diversificaci\u00f3n de experiencias, Bariloche puede satisfacer una mayor variedad de necesidades y motivaciones, desde quienes buscan aventura hasta quienes prefieren aprendizaje y reflexi\u00f3n. Este equilibrio fortalece la imagen de la ciudad, aumenta su competitividad y contribuye a su desarrollo sostenible a largo plazo.<\/p>\n\n\n\n<h2 class=\"wp-block-heading\" id=\"h-el-rol-del-gobierno-de-rio-negro-en-la-consolidacion-de-un-turismo-con-identidad\">El rol del Gobierno de R\u00edo Negro en la consolidaci\u00f3n de un turismo con identidad<\/h2>\n\n\n\n<p>El impulso pol\u00edtico y cultural del Gobierno de R\u00edo Negro ha sido determinante en el \u00e9xito del Museo Malvinas. La articulaci\u00f3n entre \u00e1reas de turismo, cultura, desarrollo humano y educaci\u00f3n permiti\u00f3 dise\u00f1ar un espacio integral, din\u00e1mico y coherente con las necesidades de la comunidad. La estrategia provincial apunta a fortalecer la identidad local, poner en valor la memoria hist\u00f3rica y promover experiencias tur\u00edsticas que aporten significado. Esta visi\u00f3n se alinea con las tendencias internacionales que integran patrimonio, participaci\u00f3n ciudadana, innovaci\u00f3n cultural y sostenibilidad tur\u00edstica.<\/p>\n\n\n\n<h2 class=\"wp-block-heading\" id=\"h-un-atractivo-que-seguira-creciendo-proximos-desafios-y-oportunidades\">Un atractivo que seguir\u00e1 creciendo: pr\u00f3ximos desaf\u00edos y oportunidades<\/h2>\n\n\n\n<p>El Museo Malvinas tiene por delante un escenario de expansi\u00f3n, consolidaci\u00f3n y posicionamiento. Su inclusi\u00f3n en eventos nacionales e internacionales, la ampliaci\u00f3n de su propuesta educativa y la incorporaci\u00f3n de tecnolog\u00eda interactiva son caminos posibles para incrementar su impacto tur\u00edstico. Adem\u00e1s, la articulaci\u00f3n con escuelas, universidades, centros culturales y organismos p\u00fablicos puede potenciar su rol como referente nacional en tem\u00e1ticas de memoria y soberan\u00eda. Con cada visitante que recorre sus salas, el Museo suma un nuevo testigo comprometido con la historia argentina y con la reflexi\u00f3n sobre el futuro del pa\u00eds.<\/p>\n\n\n\n<h2 class=\"wp-block-heading\" id=\"h-un-nuevo-simbolo-para-bariloche-una-nueva-experiencia-para-el-pais\">Un nuevo s\u00edmbolo para Bariloche, una nueva experiencia para el pa\u00eds<\/h2>\n\n\n\n<p>La visita de la Red Federal de Turismo no solo confirm\u00f3 la relevancia del Museo Malvinas dentro de la oferta tur\u00edstica de Bariloche, sino que tambi\u00e9n lo posicion\u00f3 como un espacio fundamental para comprender, reflexionar y sentir la identidad argentina. Este Museo no es solo una atracci\u00f3n: es un puente entre generaciones, un testimonio de soberan\u00eda y un aporte invaluable para la memoria colectiva. En un contexto donde el turismo evoluciona constantemente, Bariloche presenta un nuevo cap\u00edtulo que combina belleza natural, emoci\u00f3n, historia y cultura. El Museo Malvinas ya no es una novedad: es un nuevo \u00edcono nacional.<\/p>\n","protected":false},"excerpt":{"rendered":"","protected":false},"author":2,"featured_media":100081,"comment_status":"open","ping_status":"open","sticky":false,"template":"","format":"standard","meta":{"site-sidebar-layout":"default","site-content-layout":"","ast-site-content-layout":"default","site-content-style":"default","site-sidebar-style":"default","ast-global-header-display":"","ast-banner-title-visibility":"","ast-main-header-display":"","ast-hfb-above-header-display":"","ast-hfb-below-header-display":"","ast-hfb-mobile-header-display":"","site-post-title":"","ast-breadcrumbs-content":"","ast-featured-img":"","footer-sml-layout":"","ast-disable-related-posts":"","theme-transparent-header-meta":"","adv-header-id-meta":"","stick-header-meta":"","header-above-stick-meta":"","header-main-stick-meta":"","header-below-stick-meta":"","astra-migrate-meta-layouts":"default","ast-page-background-enabled":"default","ast-page-background-meta":{"desktop":{"background-color":"var(--ast-global-color-5)","background-image":"","background-repeat":"repeat","background-position":"center center","background-size":"auto","background-attachment":"scroll","background-type":"","background-media":"","overlay-type":"","overlay-color":"","overlay-opacity":"","overlay-gradient":""},"tablet":{"background-color":"","background-image":"","background-repeat":"repeat","background-position":"center center","background-size":"auto","background-attachment":"scroll","background-type":"","background-media":"","overlay-type":"","overlay-color":"","overlay-opacity":"","overlay-gradient":""},"mobile":{"background-color":"","background-image":"","background-repeat":"repeat","background-position":"center center","background-size":"auto","background-attachment":"scroll","background-type":"","background-media":"","overlay-type":"","overlay-color":"","overlay-opacity":"","overlay-gradient":""}},"ast-content-background-meta":{"desktop":{"background-color":"var(--ast-global-color-4)","background-image":"","background-repeat":"repeat","background-position":"center center","background-size":"auto","background-attachment":"scroll","background-type":"","background-media":"","overlay-type":"","overlay-color":"","overlay-opacity":"","overlay-gradient":""},"tablet":{"background-color":"var(--ast-global-color-4)","background-image":"","background-repeat":"repeat","background-position":"center center","background-size":"auto","background-attachment":"scroll","background-type":"","background-media":"","overlay-type":"","overlay-color":"","overlay-opacity":"","overlay-gradient":""},"mobile":{"background-color":"var(--ast-global-color-4)","background-image":"","background-repeat":"repeat","background-position":"center center","background-size":"auto","background-attachment":"scroll","background-type":"","background-media":"","overlay-type":"","overlay-color":"","overlay-opacity":"","overlay-gradient":""}},"footnotes":""},"categories":[3513,1,3452],"tags":[],"class_list":["post-99797","post","type-post","status-publish","format-standard","has-post-thumbnail","hentry","category-geopolitica","category-noticias","category-turismo-ecologico"],"yoast_head":"<!-- This site is optimized with the Yoast SEO Premium plugin v23.0 (Yoast SEO v27.5) - https:\/\/yoast.com\/product\/yoast-seo-premium-wordpress\/ -->\n<title>Bariloche Revoluciona su Turismo<\/title>\n<meta name=\"description\" content=\"El Encuentro Nacional de la Red Federal de Turismo realizado en Bariloche dej\u00f3 una sorpresa que r\u00e1pidamente se posicion\u00f3 en la agenda p\u00fablica.\" \/>\n<meta name=\"robots\" content=\"index, follow, max-snippet:-1, max-image-preview:large, max-video-preview:-1\" \/>\n<link rel=\"canonical\" href=\"https:\/\/patagoniambiental.com.ar\/info\/malvinas-turismo\/\" \/>\n<meta property=\"og:locale\" content=\"es_ES\" \/>\n<meta property=\"og:type\" content=\"article\" \/>\n<meta property=\"og:title\" content=\"Bariloche Revoluciona su Turismo: El Museo Malvinas se Convierte en el Nuevo Im\u00e1n Nacional para Viajeros e Historiadores\" \/>\n<meta property=\"og:description\" content=\"El Encuentro Nacional de la Red Federal de Turismo realizado en Bariloche dej\u00f3 una sorpresa que r\u00e1pidamente se posicion\u00f3 en la agenda p\u00fablica.\" \/>\n<meta property=\"og:url\" content=\"https:\/\/patagoniambiental.com.ar\/info\/malvinas-turismo\/\" \/>\n<meta property=\"og:site_name\" content=\"Patagonia Ambiental\" \/>\n<meta property=\"article:publisher\" content=\"https:\/\/www.facebook.com\/patagonia.ambiental\" \/>\n<meta property=\"article:author\" content=\"https:\/\/www.facebook.com\/share\/1C1V8Gv9BX\/?mibextid=qi2Omg\" \/>\n<meta property=\"article:published_time\" content=\"2025-11-15T22:47:15+00:00\" \/>\n<meta property=\"article:modified_time\" content=\"2025-12-13T23:16:42+00:00\" \/>\n<meta property=\"og:image\" content=\"https:\/\/patagoniambiental.com.ar\/info\/wp-content\/uploads\/2025\/11\/Bariloche-revoluciona-su-turismo.webp\" \/>\n\t<meta property=\"og:image:width\" content=\"1080\" \/>\n\t<meta property=\"og:image:height\" content=\"607\" \/>\n\t<meta property=\"og:image:type\" content=\"image\/webp\" \/>\n<meta name=\"author\" content=\"Patagonia Ambiental\" \/>\n<meta name=\"twitter:card\" content=\"summary_large_image\" \/>\n<meta name=\"twitter:creator\" content=\"@PatAmb\" \/>\n<meta name=\"twitter:site\" content=\"@PatAmb\" \/>\n<script type=\"application\/ld+json\" class=\"yoast-schema-graph\">{\"@context\":\"https:\\\/\\\/schema.org\",\"@graph\":[{\"@type\":\"Article\",\"@id\":\"https:\\\/\\\/patagoniambiental.com.ar\\\/info\\\/malvinas-turismo\\\/#article\",\"isPartOf\":{\"@id\":\"https:\\\/\\\/patagoniambiental.com.ar\\\/info\\\/malvinas-turismo\\\/\"},\"author\":{\"name\":\"Patagonia Ambiental\",\"@id\":\"https:\\\/\\\/patagoniambiental.com.ar\\\/info\\\/#\\\/schema\\\/person\\\/db12bff64bbcbf6a253710bf0ea37b5d\"},\"headline\":\"Bariloche Revoluciona su Turismo: El Museo Malvinas se Convierte en el Nuevo Im\u00e1n Nacional para Viajeros e Historiadores\",\"datePublished\":\"2025-11-15T22:47:15+00:00\",\"dateModified\":\"2025-12-13T23:16:42+00:00\",\"mainEntityOfPage\":{\"@id\":\"https:\\\/\\\/patagoniambiental.com.ar\\\/info\\\/malvinas-turismo\\\/\"},\"wordCount\":1913,\"commentCount\":0,\"publisher\":{\"@id\":\"https:\\\/\\\/patagoniambiental.com.ar\\\/info\\\/#organization\"},\"image\":{\"@id\":\"https:\\\/\\\/patagoniambiental.com.ar\\\/info\\\/malvinas-turismo\\\/#primaryimage\"},\"thumbnailUrl\":\"https:\\\/\\\/patagoniambiental.com.ar\\\/info\\\/wp-content\\\/uploads\\\/2025\\\/11\\\/Bariloche-revoluciona-su-turismo.webp\",\"articleSection\":[\"Geopol\u00edtica\",\"Noticias\",\"Turismo Ecol\u00f3gico\"],\"inLanguage\":\"es\",\"potentialAction\":[{\"@type\":\"CommentAction\",\"name\":\"Comment\",\"target\":[\"https:\\\/\\\/patagoniambiental.com.ar\\\/info\\\/malvinas-turismo\\\/#respond\"]}]},{\"@type\":\"WebPage\",\"@id\":\"https:\\\/\\\/patagoniambiental.com.ar\\\/info\\\/malvinas-turismo\\\/\",\"url\":\"https:\\\/\\\/patagoniambiental.com.ar\\\/info\\\/malvinas-turismo\\\/\",\"name\":\"Bariloche Revoluciona su Turismo\",\"isPartOf\":{\"@id\":\"https:\\\/\\\/patagoniambiental.com.ar\\\/info\\\/#website\"},\"primaryImageOfPage\":{\"@id\":\"https:\\\/\\\/patagoniambiental.com.ar\\\/info\\\/malvinas-turismo\\\/#primaryimage\"},\"image\":{\"@id\":\"https:\\\/\\\/patagoniambiental.com.ar\\\/info\\\/malvinas-turismo\\\/#primaryimage\"},\"thumbnailUrl\":\"https:\\\/\\\/patagoniambiental.com.ar\\\/info\\\/wp-content\\\/uploads\\\/2025\\\/11\\\/Bariloche-revoluciona-su-turismo.webp\",\"datePublished\":\"2025-11-15T22:47:15+00:00\",\"dateModified\":\"2025-12-13T23:16:42+00:00\",\"description\":\"El Encuentro Nacional de la Red Federal de Turismo realizado en Bariloche dej\u00f3 una sorpresa que r\u00e1pidamente se posicion\u00f3 en la agenda p\u00fablica.\",\"breadcrumb\":{\"@id\":\"https:\\\/\\\/patagoniambiental.com.ar\\\/info\\\/malvinas-turismo\\\/#breadcrumb\"},\"inLanguage\":\"es\",\"potentialAction\":[{\"@type\":\"ReadAction\",\"target\":[\"https:\\\/\\\/patagoniambiental.com.ar\\\/info\\\/malvinas-turismo\\\/\"]}]},{\"@type\":\"ImageObject\",\"inLanguage\":\"es\",\"@id\":\"https:\\\/\\\/patagoniambiental.com.ar\\\/info\\\/malvinas-turismo\\\/#primaryimage\",\"url\":\"https:\\\/\\\/patagoniambiental.com.ar\\\/info\\\/wp-content\\\/uploads\\\/2025\\\/11\\\/Bariloche-revoluciona-su-turismo.webp\",\"contentUrl\":\"https:\\\/\\\/patagoniambiental.com.ar\\\/info\\\/wp-content\\\/uploads\\\/2025\\\/11\\\/Bariloche-revoluciona-su-turismo.webp\",\"width\":1080,\"height\":607,\"caption\":\"Bariloche revoluciona su turismo\"},{\"@type\":\"BreadcrumbList\",\"@id\":\"https:\\\/\\\/patagoniambiental.com.ar\\\/info\\\/malvinas-turismo\\\/#breadcrumb\",\"itemListElement\":[{\"@type\":\"ListItem\",\"position\":1,\"name\":\"Inicio\",\"item\":\"https:\\\/\\\/patagoniambiental.com.ar\\\/info\\\/\"},{\"@type\":\"ListItem\",\"position\":2,\"name\":\"Bariloche Revoluciona su Turismo: El Museo Malvinas se Convierte en el Nuevo Im\u00e1n Nacional para Viajeros e Historiadores\"}]},{\"@type\":\"WebSite\",\"@id\":\"https:\\\/\\\/patagoniambiental.com.ar\\\/info\\\/#website\",\"url\":\"https:\\\/\\\/patagoniambiental.com.ar\\\/info\\\/\",\"name\":\"Patagonia Ambiental\",\"description\":\"Monitoreo y an\u00e1lisis de la situaci\u00f3n geopol\u00edtica en el mundo y su implicancia en la Patagonia\",\"publisher\":{\"@id\":\"https:\\\/\\\/patagoniambiental.com.ar\\\/info\\\/#organization\"},\"potentialAction\":[{\"@type\":\"SearchAction\",\"target\":{\"@type\":\"EntryPoint\",\"urlTemplate\":\"https:\\\/\\\/patagoniambiental.com.ar\\\/info\\\/?s={search_term_string}\"},\"query-input\":{\"@type\":\"PropertyValueSpecification\",\"valueRequired\":true,\"valueName\":\"search_term_string\"}}],\"inLanguage\":\"es\"},{\"@type\":\"Organization\",\"@id\":\"https:\\\/\\\/patagoniambiental.com.ar\\\/info\\\/#organization\",\"name\":\"Patagonia Ambiental\",\"url\":\"https:\\\/\\\/patagoniambiental.com.ar\\\/info\\\/\",\"logo\":{\"@type\":\"ImageObject\",\"inLanguage\":\"es\",\"@id\":\"https:\\\/\\\/patagoniambiental.com.ar\\\/info\\\/#\\\/schema\\\/logo\\\/image\\\/\",\"url\":\"https:\\\/\\\/patagoniambiental.com.ar\\\/info\\\/wp-content\\\/uploads\\\/2025\\\/05\\\/LOGO-PATAGONIA-AMBIENTAL.png\",\"contentUrl\":\"https:\\\/\\\/patagoniambiental.com.ar\\\/info\\\/wp-content\\\/uploads\\\/2025\\\/05\\\/LOGO-PATAGONIA-AMBIENTAL.png\",\"width\":433,\"height\":250,\"caption\":\"Patagonia Ambiental\"},\"image\":{\"@id\":\"https:\\\/\\\/patagoniambiental.com.ar\\\/info\\\/#\\\/schema\\\/logo\\\/image\\\/\"},\"sameAs\":[\"https:\\\/\\\/www.facebook.com\\\/patagonia.ambiental\",\"https:\\\/\\\/x.com\\\/PatAmb\"]},{\"@type\":\"Person\",\"@id\":\"https:\\\/\\\/patagoniambiental.com.ar\\\/info\\\/#\\\/schema\\\/person\\\/db12bff64bbcbf6a253710bf0ea37b5d\",\"name\":\"Patagonia Ambiental\",\"description\":\"Andr\u00e9s Nievas T\u00e9cnico en manejo ambiental, consultor Ambiental y escritor para medios locales e internacionales sobre temas de geopolitica y medio ambiente.\",\"sameAs\":[\"http:\\\/\\\/www.patagoniambiental.com.ar\",\"https:\\\/\\\/www.facebook.com\\\/share\\\/1C1V8Gv9BX\\\/?mibextid=qi2Omg\",\"@patagoniambiental\",\"https:\\\/\\\/youtube.com\\\/@patagoniaambiental2023?si=BLt58t0wuXquxlYZ\"]}]}<\/script>\n<!-- \/ Yoast SEO Premium plugin. -->","yoast_head_json":{"title":"Bariloche Revoluciona su Turismo","description":"El Encuentro Nacional de la Red Federal de Turismo realizado en Bariloche dej\u00f3 una sorpresa que r\u00e1pidamente se posicion\u00f3 en la agenda p\u00fablica.","robots":{"index":"index","follow":"follow","max-snippet":"max-snippet:-1","max-image-preview":"max-image-preview:large","max-video-preview":"max-video-preview:-1"},"canonical":"https:\/\/patagoniambiental.com.ar\/info\/malvinas-turismo\/","og_locale":"es_ES","og_type":"article","og_title":"Bariloche Revoluciona su Turismo: El Museo Malvinas se Convierte en el Nuevo Im\u00e1n Nacional para Viajeros e Historiadores","og_description":"El Encuentro Nacional de la Red Federal de Turismo realizado en Bariloche dej\u00f3 una sorpresa que r\u00e1pidamente se posicion\u00f3 en la agenda p\u00fablica.","og_url":"https:\/\/patagoniambiental.com.ar\/info\/malvinas-turismo\/","og_site_name":"Patagonia Ambiental","article_publisher":"https:\/\/www.facebook.com\/patagonia.ambiental","article_author":"https:\/\/www.facebook.com\/share\/1C1V8Gv9BX\/?mibextid=qi2Omg","article_published_time":"2025-11-15T22:47:15+00:00","article_modified_time":"2025-12-13T23:16:42+00:00","og_image":[{"width":1080,"height":607,"url":"https:\/\/patagoniambiental.com.ar\/info\/wp-content\/uploads\/2025\/11\/Bariloche-revoluciona-su-turismo.webp","type":"image\/webp"}],"author":"Patagonia Ambiental","twitter_card":"summary_large_image","twitter_creator":"@PatAmb","twitter_site":"@PatAmb","schema":{"@context":"https:\/\/schema.org","@graph":[{"@type":"Article","@id":"https:\/\/patagoniambiental.com.ar\/info\/malvinas-turismo\/#article","isPartOf":{"@id":"https:\/\/patagoniambiental.com.ar\/info\/malvinas-turismo\/"},"author":{"name":"Patagonia Ambiental","@id":"https:\/\/patagoniambiental.com.ar\/info\/#\/schema\/person\/db12bff64bbcbf6a253710bf0ea37b5d"},"headline":"Bariloche Revoluciona su Turismo: El Museo Malvinas se Convierte en el Nuevo Im\u00e1n Nacional para Viajeros e Historiadores","datePublished":"2025-11-15T22:47:15+00:00","dateModified":"2025-12-13T23:16:42+00:00","mainEntityOfPage":{"@id":"https:\/\/patagoniambiental.com.ar\/info\/malvinas-turismo\/"},"wordCount":1913,"commentCount":0,"publisher":{"@id":"https:\/\/patagoniambiental.com.ar\/info\/#organization"},"image":{"@id":"https:\/\/patagoniambiental.com.ar\/info\/malvinas-turismo\/#primaryimage"},"thumbnailUrl":"https:\/\/patagoniambiental.com.ar\/info\/wp-content\/uploads\/2025\/11\/Bariloche-revoluciona-su-turismo.webp","articleSection":["Geopol\u00edtica","Noticias","Turismo Ecol\u00f3gico"],"inLanguage":"es","potentialAction":[{"@type":"CommentAction","name":"Comment","target":["https:\/\/patagoniambiental.com.ar\/info\/malvinas-turismo\/#respond"]}]},{"@type":"WebPage","@id":"https:\/\/patagoniambiental.com.ar\/info\/malvinas-turismo\/","url":"https:\/\/patagoniambiental.com.ar\/info\/malvinas-turismo\/","name":"Bariloche Revoluciona su Turismo","isPartOf":{"@id":"https:\/\/patagoniambiental.com.ar\/info\/#website"},"primaryImageOfPage":{"@id":"https:\/\/patagoniambiental.com.ar\/info\/malvinas-turismo\/#primaryimage"},"image":{"@id":"https:\/\/patagoniambiental.com.ar\/info\/malvinas-turismo\/#primaryimage"},"thumbnailUrl":"https:\/\/patagoniambiental.com.ar\/info\/wp-content\/uploads\/2025\/11\/Bariloche-revoluciona-su-turismo.webp","datePublished":"2025-11-15T22:47:15+00:00","dateModified":"2025-12-13T23:16:42+00:00","description":"El Encuentro Nacional de la Red Federal de Turismo realizado en Bariloche dej\u00f3 una sorpresa que r\u00e1pidamente se posicion\u00f3 en la agenda p\u00fablica.","breadcrumb":{"@id":"https:\/\/patagoniambiental.com.ar\/info\/malvinas-turismo\/#breadcrumb"},"inLanguage":"es","potentialAction":[{"@type":"ReadAction","target":["https:\/\/patagoniambiental.com.ar\/info\/malvinas-turismo\/"]}]},{"@type":"ImageObject","inLanguage":"es","@id":"https:\/\/patagoniambiental.com.ar\/info\/malvinas-turismo\/#primaryimage","url":"https:\/\/patagoniambiental.com.ar\/info\/wp-content\/uploads\/2025\/11\/Bariloche-revoluciona-su-turismo.webp","contentUrl":"https:\/\/patagoniambiental.com.ar\/info\/wp-content\/uploads\/2025\/11\/Bariloche-revoluciona-su-turismo.webp","width":1080,"height":607,"caption":"Bariloche revoluciona su turismo"},{"@type":"BreadcrumbList","@id":"https:\/\/patagoniambiental.com.ar\/info\/malvinas-turismo\/#breadcrumb","itemListElement":[{"@type":"ListItem","position":1,"name":"Inicio","item":"https:\/\/patagoniambiental.com.ar\/info\/"},{"@type":"ListItem","position":2,"name":"Bariloche Revoluciona su Turismo: El Museo Malvinas se Convierte en el Nuevo Im\u00e1n Nacional para Viajeros e Historiadores"}]},{"@type":"WebSite","@id":"https:\/\/patagoniambiental.com.ar\/info\/#website","url":"https:\/\/patagoniambiental.com.ar\/info\/","name":"Patagonia Ambiental","description":"Monitoreo y an\u00e1lisis de la situaci\u00f3n geopol\u00edtica en el mundo y su implicancia en la Patagonia","publisher":{"@id":"https:\/\/patagoniambiental.com.ar\/info\/#organization"},"potentialAction":[{"@type":"SearchAction","target":{"@type":"EntryPoint","urlTemplate":"https:\/\/patagoniambiental.com.ar\/info\/?s={search_term_string}"},"query-input":{"@type":"PropertyValueSpecification","valueRequired":true,"valueName":"search_term_string"}}],"inLanguage":"es"},{"@type":"Organization","@id":"https:\/\/patagoniambiental.com.ar\/info\/#organization","name":"Patagonia Ambiental","url":"https:\/\/patagoniambiental.com.ar\/info\/","logo":{"@type":"ImageObject","inLanguage":"es","@id":"https:\/\/patagoniambiental.com.ar\/info\/#\/schema\/logo\/image\/","url":"https:\/\/patagoniambiental.com.ar\/info\/wp-content\/uploads\/2025\/05\/LOGO-PATAGONIA-AMBIENTAL.png","contentUrl":"https:\/\/patagoniambiental.com.ar\/info\/wp-content\/uploads\/2025\/05\/LOGO-PATAGONIA-AMBIENTAL.png","width":433,"height":250,"caption":"Patagonia Ambiental"},"image":{"@id":"https:\/\/patagoniambiental.com.ar\/info\/#\/schema\/logo\/image\/"},"sameAs":["https:\/\/www.facebook.com\/patagonia.ambiental","https:\/\/x.com\/PatAmb"]},{"@type":"Person","@id":"https:\/\/patagoniambiental.com.ar\/info\/#\/schema\/person\/db12bff64bbcbf6a253710bf0ea37b5d","name":"Patagonia Ambiental","description":"Andr\u00e9s Nievas T\u00e9cnico en manejo ambiental, consultor Ambiental y escritor para medios locales e internacionales sobre temas de geopolitica y medio ambiente.","sameAs":["http:\/\/www.patagoniambiental.com.ar","https:\/\/www.facebook.com\/share\/1C1V8Gv9BX\/?mibextid=qi2Omg","@patagoniambiental","https:\/\/youtube.com\/@patagoniaambiental2023?si=BLt58t0wuXquxlYZ"]}]}},"_links":{"self":[{"href":"https:\/\/patagoniambiental.com.ar\/info\/wp-json\/wp\/v2\/posts\/99797","targetHints":{"allow":["GET"]}}],"collection":[{"href":"https:\/\/patagoniambiental.com.ar\/info\/wp-json\/wp\/v2\/posts"}],"about":[{"href":"https:\/\/patagoniambiental.com.ar\/info\/wp-json\/wp\/v2\/types\/post"}],"author":[{"embeddable":true,"href":"https:\/\/patagoniambiental.com.ar\/info\/wp-json\/wp\/v2\/users\/2"}],"replies":[{"embeddable":true,"href":"https:\/\/patagoniambiental.com.ar\/info\/wp-json\/wp\/v2\/comments?post=99797"}],"version-history":[{"count":1,"href":"https:\/\/patagoniambiental.com.ar\/info\/wp-json\/wp\/v2\/posts\/99797\/revisions"}],"predecessor-version":[{"id":99799,"href":"https:\/\/patagoniambiental.com.ar\/info\/wp-json\/wp\/v2\/posts\/99797\/revisions\/99799"}],"wp:featuredmedia":[{"embeddable":true,"href":"https:\/\/patagoniambiental.com.ar\/info\/wp-json\/wp\/v2\/media\/100081"}],"wp:attachment":[{"href":"https:\/\/patagoniambiental.com.ar\/info\/wp-json\/wp\/v2\/media?parent=99797"}],"wp:term":[{"taxonomy":"category","embeddable":true,"href":"https:\/\/patagoniambiental.com.ar\/info\/wp-json\/wp\/v2\/categories?post=99797"},{"taxonomy":"post_tag","embeddable":true,"href":"https:\/\/patagoniambiental.com.ar\/info\/wp-json\/wp\/v2\/tags?post=99797"}],"curies":[{"name":"wp","href":"https:\/\/api.w.org\/{rel}","templated":true}]}}