{"id":99830,"date":"2025-11-20T08:00:00","date_gmt":"2025-11-20T11:00:00","guid":{"rendered":"https:\/\/patagoniambiental.com.ar\/info\/?p=99830"},"modified":"2025-12-13T19:13:39","modified_gmt":"2025-12-13T22:13:39","slug":"fundacion-temaiken","status":"publish","type":"post","link":"https:\/\/patagoniambiental.com.ar\/info\/fundacion-temaiken\/","title":{"rendered":"Temaik\u00e9n en alerta: secretos del principal centro de rescate animal de Argentina y la urgente misi\u00f3n de proteger su biodiversidad"},"content":{"rendered":"\n<!--more-->\n\n\n\n<p>Escobar, Provincia de Buenos Aires, 20 de noviembre de 2025. \u00bfSab\u00edas que cientos de animales silvestres heridos, traficados o al borde de la muerte est\u00e1n siendo rescatados cada semana en un predio que permanece cerrado al p\u00fablico y que funciona como un verdadero \u201chospital secreto\u201d de la fauna argentina? Muy pocos conocen lo que ocurre all\u00ed adentro, pero hoy el trabajo silencioso de los equipos de Temaik\u00e8n se vuelve m\u00e1s urgente que nunca. Mientras avanza el tr\u00e1fico ilegal de especies, los incendios arrasan ecosistemas completos y el h\u00e1bitat natural desaparece a una velocidad alarmante, la Fundaci\u00f3n lanza un llamado que podr\u00eda cambiar el destino de miles de animales en los pr\u00f3ximos a\u00f1os. Esta historia no es solo sobre conservaci\u00f3n: es sobre compromiso, sobre humanidad y sobre las decisiones que podemos tomar hoy para proteger el futuro de la vida en nuestro pa\u00eds.<\/p>\n\n\n\n<h2 class=\"wp-block-heading\" id=\"h-el-centro-de-recuperacion-de-especies-temaiken-donde-comienza-la-esperanza\">\ud83d\udc3e El Centro de Recuperaci\u00f3n de Especies Temaik\u00e8n: donde comienza la esperanza<\/h2>\n\n\n\n<p>En el coraz\u00f3n de la misi\u00f3n de Temaik\u00e8n existe un espacio que no aparece en las fotos tur\u00edsticas ni en las recorridas habituales: el Centro de Recuperaci\u00f3n de Especies, una enorme \u00e1rea de 18 hect\u00e1reas donde especialistas veterinarios, bi\u00f3logos, cuidadores y t\u00e9cnicos trabajan d\u00eda y noche para rescatar, rehabilitar y reinsertar animales afectados por el tr\u00e1fico ilegal, los atropellamientos, la caza furtiva, los incendios y la p\u00e9rdida de h\u00e1bitat. Dentro del CRET, cada animal es recibido con la misma importancia: desde un peque\u00f1o pich\u00f3n v\u00edctima de mascotismo hasta un majestuoso yaguaret\u00e9 herido por cazadores. El proceso comienza con una evaluaci\u00f3n m\u00e9dica exhaustiva, contin\u00faa con semanas o meses de cuidados, y finaliza con la etapa m\u00e1s emocionante de todas: la liberaci\u00f3n. Cada reinserci\u00f3n en la naturaleza es un triunfo silencioso que pocas veces llega a los titulares medi\u00e1ticos.<\/p>\n\n\n\n<p>\ud83e\udd8a M\u00e1s de 4.200 vidas salvadas: un historial que revela la magnitud del problema<\/p>\n\n\n\n<p>Lo que ocurre dentro del CRET no es anecd\u00f3tico: es un reflejo del drama ambiental que atraviesa Argentina. En los \u00faltimos a\u00f1os, el centro ha recibido miles de ejemplares de especies aut\u00f3ctonas en situaci\u00f3n cr\u00edtica: aguar\u00e1 guaz\u00fa desorientados por la destrucci\u00f3n del humedal, ciervos de los pantanos heridos por alambrados, aves rapaces capturadas ilegalmente para ser vendidas como mascotas y tortugas tra\u00eddas desde cientos de kil\u00f3metros para abastecer mercados clandestinos. Cada caso evidencia una misma problem\u00e1tica: la biodiversidad argentina est\u00e1 siendo empujada al l\u00edmite. Que Temaik\u00e8n haya logrado recuperar y devolver a la naturaleza m\u00e1s de 4.200 animales no solo demuestra un trabajo extraordinario; tambi\u00e9n evidencia cu\u00e1n necesario es fortalecer programas de rescate y c\u00f3mo la colaboraci\u00f3n social se vuelve indispensable para sostenerlos.<\/p>\n\n\n\n<p>\ud83d\udc05 \u00bfQu\u00e9 pasa durante la rehabilitaci\u00f3n? El proceso que pocos conocen<\/p>\n\n\n\n<p>La mayor\u00eda de las personas cree que rescatar un animal es simplemente curarlo y devolverlo a su h\u00e1bitat, pero la realidad es mucho m\u00e1s compleja. En el CRET, cada especie pasa por un protocolo especializado: algunos requieren cirug\u00edas, otros necesitan cuidados de nutrici\u00f3n espec\u00edfica, muchos deben atravesar sesiones de reentrenamiento para aprender a cazar o reconocer peligros, y casi todos necesitan ser aislados de la interacci\u00f3n humana para mantener sus conductas naturales. Uno de los puntos clave del proceso es evitar la \u201cimpronta humana\u201d: si un animal se acostumbra demasiado a las personas, no podr\u00e1 sobrevivir en libertad. Por eso los cuidadores trabajan desde la distancia, utilizan barreras visuales y dise\u00f1an ambientes que imitan fielmente el ecosistema donde el animal ser\u00e1 liberado. Es un trabajo tan delicado como emocionante.<\/p>\n\n\n\n<p>\ud83e\udd85 Aves, mam\u00edferos y reptiles: cada rescate es una historia distinta<\/p>\n\n\n\n<p>Entre los casos m\u00e1s conmovedores se encuentran los rescates de aves rapaces y especies emblem\u00e1ticas amenazadas. Halcones, caranchos, \u00e1guilas y b\u00fahos llegan frecuentemente tras colisiones con autos o ataques de mascotas dom\u00e9sticas. Los mam\u00edferos, por su parte, suelen ser v\u00edctimas del avance urbano: zorros atropellados, quirquinchos heridos y coat\u00edes atrapados por cazadores ilegales. Y los reptiles ocupan un cap\u00edtulo aparte, ya que son las principales v\u00edctimas del tr\u00e1fico: tortugas, iguanas, lagartos y serpientes se encuentran entre los animales m\u00e1s decomisados del pa\u00eds. Cada uno de ellos requiere un plan de rehabilitaci\u00f3n diferente, y cada liberaci\u00f3n representa una peque\u00f1a pero significativa recuperaci\u00f3n para la naturaleza.<\/p>\n\n\n\n<p>\ud83c\udf3f Bioparque Temaik\u00e8n: un puente entre las personas y la conservaci\u00f3n real<\/p>\n\n\n\n<p>Mientras el CRET trabaja detr\u00e1s de escena, el Bioparque Temaik\u00e8n es el espacio visible donde miles de personas se conectan con la biodiversidad y aprenden sobre los desaf\u00edos que enfrenta. A diferencia de un zool\u00f3gico tradicional, el Bioparque est\u00e1 dise\u00f1ado bajo estrictos est\u00e1ndares de bienestar animal: ambientes amplios, recreaci\u00f3n ambiental constante, programas de reproducci\u00f3n controlada y un equipo especializado que observa minuciosamente la salud f\u00edsica y emocional de cada ejemplar. Lo que ocurre all\u00ed va mucho m\u00e1s all\u00e1 de la exhibici\u00f3n: cada visita es una oportunidad para despertar conciencia, especialmente en ni\u00f1os y j\u00f3venes que descubren por primera vez la delicada relaci\u00f3n entre la humanidad y la naturaleza.<\/p>\n\n\n\n<p>\ud83c\udf93 Educaci\u00f3n ambiental activa: una apuesta a largo plazo<\/p>\n\n\n\n<p>Uno de los pilares m\u00e1s importantes de Temaik\u00e8n es la educaci\u00f3n, que se materializa a trav\u00e9s de cursos, capacitaciones, talleres y experiencias pr\u00e1cticas para escuelas, docentes, familias y profesionales de \u00e1reas ambientales. La fundaci\u00f3n trabaja bajo la idea de que la conservaci\u00f3n no se logra solo rescatando animales, sino formando ciudadanos informados y comprometidos. Por eso sus programas incluyen tem\u00e1ticas como tr\u00e1fico de fauna, restauraci\u00f3n ecol\u00f3gica, dise\u00f1o de ambientes nativos, impacto del cambio clim\u00e1tico y manejo responsable de especies. En los \u00faltimos a\u00f1os, miles de estudiantes han pasado por estas capacitaciones, lo que refuerza la misi\u00f3n de construir una sociedad m\u00e1s consciente y respetuosa con el ambiente.<\/p>\n\n\n\n<p>\ud83d\udd25 Los incendios, el tr\u00e1fico y la caza furtiva: amenazas que no dan tregua<\/p>\n\n\n\n<p>Lo que hace al trabajo de Temaik\u00e8n particularmente urgente es el contexto ambiental argentino: incendios forestales cada vez m\u00e1s frecuentes, desmontes que destruyen h\u00e1bitats completos, autom\u00f3viles que atraviesan zonas naturales a toda velocidad y un crecimiento urbano descontrolado que invade territorios antes dominados por la fauna. A eso se suma el avance del tr\u00e1fico ilegal de animales, una actividad clandestina que mueve millones y que afecta especialmente a aves, reptiles y cr\u00edas de mam\u00edferos que nunca llegan a desarrollarse. Frente a estas amenazas, instituciones como Temaik\u00e8n cumplen un rol esencial, porque all\u00ed llegan los heridos invisibles de esas tragedias: animales que de otro modo no tendr\u00edan ninguna oportunidad.<\/p>\n\n\n\n<p>\ud83d\udc9a Donar para conservar: la campa\u00f1a que podr\u00eda cambiarlo todo<\/p>\n\n\n\n<p>En este escenario cr\u00edtico, Temaik\u00e8n lanz\u00f3 una nueva campa\u00f1a de donaci\u00f3n que busca sumar recursos para sostener y expandir el trabajo del CRET, fortalecer programas educativos y mejorar los procesos de reintroducci\u00f3n de animales. Donar no es simplemente entregar dinero: es formar parte activa de un proyecto que se traduce directamente en vidas salvadas. Las donaciones permiten comprar equipamiento veterinario, mejorar los recintos de rehabilitaci\u00f3n, ampliar la capacidad de recepci\u00f3n y financiar tratamientos complejos que, de otro modo, ser\u00edan inaccesibles. Adem\u00e1s, la fundaci\u00f3n reconoce el aporte de sus donantes con beneficios que fortalecen el v\u00ednculo entre cada persona y la misi\u00f3n de conservaci\u00f3n.<\/p>\n\n\n\n<p>\ud83d\udc65 Voluntariado y empleo: c\u00f3mo sumarse m\u00e1s all\u00e1 del aporte econ\u00f3mico<\/p>\n\n\n\n<p>Para quienes desean involucrarse de forma m\u00e1s directa, Temaik\u00e8n tambi\u00e9n ofrece programas de voluntariado y oportunidades de trabajo. Los voluntarios participan en actividades de educaci\u00f3n, apoyo en campa\u00f1as de concientizaci\u00f3n, tareas de mantenimiento ambiental y acompa\u00f1amiento en experiencias del bioparque. El empleo, por su parte, permite que profesionales de diversas \u00e1reas \u2014desde veterinaria hasta comunicaci\u00f3n\u2014 aporten su conocimiento para potenciar la misi\u00f3n institucional. Sumarse al equipo de Temaik\u00e8n significa comprometerse con un proyecto de impacto que transforma realidades todos los d\u00edas.<\/p>\n\n\n\n<p>\ud83c\udf31 \u00bfPor qu\u00e9 importa? El impacto en los ecosistemas y en nuestro futuro<\/p>\n\n\n\n<p>Cuidar una sola especie tiene repercusiones ecol\u00f3gicas profundas. Cada animal reinsertado cumple un rol fundamental: controla poblaciones, dispersa semillas, mantiene la cadena alimentaria y contribuye al equilibrio del ecosistema. La desaparici\u00f3n de una especie afecta directamente a las dem\u00e1s, y la p\u00e9rdida de biodiversidad es una amenaza directa para la vida humana. El trabajo de Temaik\u00e8n, entonces, es mucho m\u00e1s que un gesto de amor por los animales: es una apuesta por la salud del planeta, por la sostenibilidad y por el futuro de las generaciones que vendr\u00e1n. La conservaci\u00f3n es, en \u00faltima instancia, una responsabilidad compartida.<\/p>\n\n\n\n<h2 class=\"wp-block-heading\" id=\"h-un-modelo-que-inspira-de-argentina-al-mundo\">\ud83c\udf0d Un modelo que inspira: de Argentina al mundo<\/h2>\n\n\n\n<p>El enfoque integral de Temaik\u00e8n \u2014que combina rescate, rehabilitaci\u00f3n, investigaci\u00f3n cient\u00edfica, educaci\u00f3n y participaci\u00f3n ciudadana\u2014 es observado y valorado por instituciones de conservaci\u00f3n en todo el mundo. Su modelo demuestra que la protecci\u00f3n de la biodiversidad es posible cuando se trabaja con seriedad, profesionalismo y compromiso emocional. La experiencia acumulada en el pa\u00eds sirve como ejemplo para que otros centros puedan replicar pr\u00e1cticas de manejo, protocolos veterinarios y programas de educaci\u00f3n que han demostrado resultados concretos a lo largo del tiempo.<\/p>\n\n\n\n<h2 class=\"wp-block-heading\" id=\"h-un-llamado-que-interpela-a-todos\">\u2764\ufe0f Un llamado que interpela a todos<\/h2>\n\n\n\n<p>La historia de Temaik\u00e8n es mucho m\u00e1s que la historia de una fundaci\u00f3n: es un testimonio del esfuerzo humano para reparar los da\u00f1os que nosotros mismos hemos causado. Cada animal salvado, cada especie protegida y cada ni\u00f1o que se va del bioparque comprendiendo un poco mejor la importancia de cuidar la naturaleza representan pasos gigantes hacia un futuro m\u00e1s equilibrado. Hoy, ese futuro necesita de todos nosotros. Donar, participar, compartir y educar son acciones peque\u00f1as que, sumadas, pueden transformar la realidad de la fauna argentina. Y esa transformaci\u00f3n empieza ahora.<\/p>\n","protected":false},"excerpt":{"rendered":"","protected":false},"author":2,"featured_media":100078,"comment_status":"open","ping_status":"open","sticky":false,"template":"","format":"standard","meta":{"site-sidebar-layout":"default","site-content-layout":"","ast-site-content-layout":"default","site-content-style":"default","site-sidebar-style":"default","ast-global-header-display":"","ast-banner-title-visibility":"","ast-main-header-display":"","ast-hfb-above-header-display":"","ast-hfb-below-header-display":"","ast-hfb-mobile-header-display":"","site-post-title":"","ast-breadcrumbs-content":"","ast-featured-img":"","footer-sml-layout":"","ast-disable-related-posts":"","theme-transparent-header-meta":"","adv-header-id-meta":"","stick-header-meta":"","header-above-stick-meta":"","header-main-stick-meta":"","header-below-stick-meta":"","astra-migrate-meta-layouts":"default","ast-page-background-enabled":"default","ast-page-background-meta":{"desktop":{"background-color":"var(--ast-global-color-5)","background-image":"","background-repeat":"repeat","background-position":"center center","background-size":"auto","background-attachment":"scroll","background-type":"","background-media":"","overlay-type":"","overlay-color":"","overlay-opacity":"","overlay-gradient":""},"tablet":{"background-color":"","background-image":"","background-repeat":"repeat","background-position":"center center","background-size":"auto","background-attachment":"scroll","background-type":"","background-media":"","overlay-type":"","overlay-color":"","overlay-opacity":"","overlay-gradient":""},"mobile":{"background-color":"","background-image":"","background-repeat":"repeat","background-position":"center center","background-size":"auto","background-attachment":"scroll","background-type":"","background-media":"","overlay-type":"","overlay-color":"","overlay-opacity":"","overlay-gradient":""}},"ast-content-background-meta":{"desktop":{"background-color":"var(--ast-global-color-4)","background-image":"","background-repeat":"repeat","background-position":"center center","background-size":"auto","background-attachment":"scroll","background-type":"","background-media":"","overlay-type":"","overlay-color":"","overlay-opacity":"","overlay-gradient":""},"tablet":{"background-color":"var(--ast-global-color-4)","background-image":"","background-repeat":"repeat","background-position":"center center","background-size":"auto","background-attachment":"scroll","background-type":"","background-media":"","overlay-type":"","overlay-color":"","overlay-opacity":"","overlay-gradient":""},"mobile":{"background-color":"var(--ast-global-color-4)","background-image":"","background-repeat":"repeat","background-position":"center center","background-size":"auto","background-attachment":"scroll","background-type":"","background-media":"","overlay-type":"","overlay-color":"","overlay-opacity":"","overlay-gradient":""}},"footnotes":""},"categories":[1,3],"tags":[],"class_list":["post-99830","post","type-post","status-publish","format-standard","has-post-thumbnail","hentry","category-noticias","category-ong"],"yoast_head":"<!-- This site is optimized with the Yoast SEO Premium plugin v23.0 (Yoast SEO v27.4) - https:\/\/yoast.com\/product\/yoast-seo-premium-wordpress\/ -->\n<title>Temaiken en alerta<\/title>\n<meta name=\"description\" content=\"Sab\u00edas que cientos de animales silvestres heridos, traficados o al borde de la muerte est\u00e1n siendo rescatados cada semana.\" \/>\n<meta name=\"robots\" content=\"index, follow, max-snippet:-1, max-image-preview:large, max-video-preview:-1\" \/>\n<link rel=\"canonical\" href=\"https:\/\/patagoniambiental.com.ar\/info\/fundacion-temaiken\/\" \/>\n<meta property=\"og:locale\" content=\"es_ES\" \/>\n<meta property=\"og:type\" content=\"article\" \/>\n<meta property=\"og:title\" content=\"Temaik\u00e9n en alerta: secretos del principal centro de rescate animal de Argentina y la urgente misi\u00f3n de proteger su biodiversidad\" \/>\n<meta property=\"og:description\" content=\"Sab\u00edas que cientos de animales silvestres heridos, traficados o al borde de la muerte est\u00e1n siendo rescatados cada semana.\" \/>\n<meta property=\"og:url\" content=\"https:\/\/patagoniambiental.com.ar\/info\/fundacion-temaiken\/\" \/>\n<meta property=\"og:site_name\" content=\"Patagonia Ambiental\" \/>\n<meta property=\"article:publisher\" content=\"https:\/\/www.facebook.com\/patagonia.ambiental\" \/>\n<meta property=\"article:author\" content=\"https:\/\/www.facebook.com\/share\/1C1V8Gv9BX\/?mibextid=qi2Omg\" \/>\n<meta property=\"article:published_time\" content=\"2025-11-20T11:00:00+00:00\" \/>\n<meta property=\"article:modified_time\" content=\"2025-12-13T22:13:39+00:00\" \/>\n<meta property=\"og:image\" content=\"https:\/\/patagoniambiental.com.ar\/info\/wp-content\/uploads\/2025\/11\/Temaiken-en-alerta.webp\" \/>\n\t<meta property=\"og:image:width\" content=\"850\" \/>\n\t<meta property=\"og:image:height\" content=\"298\" \/>\n\t<meta property=\"og:image:type\" content=\"image\/webp\" \/>\n<meta name=\"author\" content=\"Patagonia Ambiental\" \/>\n<meta name=\"twitter:card\" content=\"summary_large_image\" \/>\n<meta name=\"twitter:creator\" content=\"@PatAmb\" \/>\n<meta name=\"twitter:site\" content=\"@PatAmb\" \/>\n<script type=\"application\/ld+json\" class=\"yoast-schema-graph\">{\"@context\":\"https:\\\/\\\/schema.org\",\"@graph\":[{\"@type\":\"Article\",\"@id\":\"https:\\\/\\\/patagoniambiental.com.ar\\\/info\\\/fundacion-temaiken\\\/#article\",\"isPartOf\":{\"@id\":\"https:\\\/\\\/patagoniambiental.com.ar\\\/info\\\/fundacion-temaiken\\\/\"},\"author\":{\"name\":\"Patagonia Ambiental\",\"@id\":\"https:\\\/\\\/patagoniambiental.com.ar\\\/info\\\/#\\\/schema\\\/person\\\/db12bff64bbcbf6a253710bf0ea37b5d\"},\"headline\":\"Temaik\u00e9n en alerta: secretos del principal centro de rescate animal de Argentina y la urgente misi\u00f3n de proteger su biodiversidad\",\"datePublished\":\"2025-11-20T11:00:00+00:00\",\"dateModified\":\"2025-12-13T22:13:39+00:00\",\"mainEntityOfPage\":{\"@id\":\"https:\\\/\\\/patagoniambiental.com.ar\\\/info\\\/fundacion-temaiken\\\/\"},\"wordCount\":1727,\"commentCount\":0,\"publisher\":{\"@id\":\"https:\\\/\\\/patagoniambiental.com.ar\\\/info\\\/#organization\"},\"image\":{\"@id\":\"https:\\\/\\\/patagoniambiental.com.ar\\\/info\\\/fundacion-temaiken\\\/#primaryimage\"},\"thumbnailUrl\":\"https:\\\/\\\/patagoniambiental.com.ar\\\/info\\\/wp-content\\\/uploads\\\/2025\\\/11\\\/Temaiken-en-alerta.webp\",\"articleSection\":[\"Noticias\",\"ONG\"],\"inLanguage\":\"es\",\"potentialAction\":[{\"@type\":\"CommentAction\",\"name\":\"Comment\",\"target\":[\"https:\\\/\\\/patagoniambiental.com.ar\\\/info\\\/fundacion-temaiken\\\/#respond\"]}]},{\"@type\":\"WebPage\",\"@id\":\"https:\\\/\\\/patagoniambiental.com.ar\\\/info\\\/fundacion-temaiken\\\/\",\"url\":\"https:\\\/\\\/patagoniambiental.com.ar\\\/info\\\/fundacion-temaiken\\\/\",\"name\":\"Temaiken en alerta\",\"isPartOf\":{\"@id\":\"https:\\\/\\\/patagoniambiental.com.ar\\\/info\\\/#website\"},\"primaryImageOfPage\":{\"@id\":\"https:\\\/\\\/patagoniambiental.com.ar\\\/info\\\/fundacion-temaiken\\\/#primaryimage\"},\"image\":{\"@id\":\"https:\\\/\\\/patagoniambiental.com.ar\\\/info\\\/fundacion-temaiken\\\/#primaryimage\"},\"thumbnailUrl\":\"https:\\\/\\\/patagoniambiental.com.ar\\\/info\\\/wp-content\\\/uploads\\\/2025\\\/11\\\/Temaiken-en-alerta.webp\",\"datePublished\":\"2025-11-20T11:00:00+00:00\",\"dateModified\":\"2025-12-13T22:13:39+00:00\",\"description\":\"Sab\u00edas que cientos de animales silvestres heridos, traficados o al borde de la muerte est\u00e1n siendo rescatados cada semana.\",\"breadcrumb\":{\"@id\":\"https:\\\/\\\/patagoniambiental.com.ar\\\/info\\\/fundacion-temaiken\\\/#breadcrumb\"},\"inLanguage\":\"es\",\"potentialAction\":[{\"@type\":\"ReadAction\",\"target\":[\"https:\\\/\\\/patagoniambiental.com.ar\\\/info\\\/fundacion-temaiken\\\/\"]}]},{\"@type\":\"ImageObject\",\"inLanguage\":\"es\",\"@id\":\"https:\\\/\\\/patagoniambiental.com.ar\\\/info\\\/fundacion-temaiken\\\/#primaryimage\",\"url\":\"https:\\\/\\\/patagoniambiental.com.ar\\\/info\\\/wp-content\\\/uploads\\\/2025\\\/11\\\/Temaiken-en-alerta.webp\",\"contentUrl\":\"https:\\\/\\\/patagoniambiental.com.ar\\\/info\\\/wp-content\\\/uploads\\\/2025\\\/11\\\/Temaiken-en-alerta.webp\",\"width\":850,\"height\":298,\"caption\":\"Temaiken en alerta\"},{\"@type\":\"BreadcrumbList\",\"@id\":\"https:\\\/\\\/patagoniambiental.com.ar\\\/info\\\/fundacion-temaiken\\\/#breadcrumb\",\"itemListElement\":[{\"@type\":\"ListItem\",\"position\":1,\"name\":\"Inicio\",\"item\":\"https:\\\/\\\/patagoniambiental.com.ar\\\/info\\\/\"},{\"@type\":\"ListItem\",\"position\":2,\"name\":\"Temaik\u00e9n en alerta: secretos del principal centro de rescate animal de Argentina y la urgente misi\u00f3n de proteger su biodiversidad\"}]},{\"@type\":\"WebSite\",\"@id\":\"https:\\\/\\\/patagoniambiental.com.ar\\\/info\\\/#website\",\"url\":\"https:\\\/\\\/patagoniambiental.com.ar\\\/info\\\/\",\"name\":\"Patagonia Ambiental\",\"description\":\"Monitoreo y an\u00e1lisis de la situaci\u00f3n geopol\u00edtica en el mundo y su implicancia en la Patagonia\",\"publisher\":{\"@id\":\"https:\\\/\\\/patagoniambiental.com.ar\\\/info\\\/#organization\"},\"potentialAction\":[{\"@type\":\"SearchAction\",\"target\":{\"@type\":\"EntryPoint\",\"urlTemplate\":\"https:\\\/\\\/patagoniambiental.com.ar\\\/info\\\/?s={search_term_string}\"},\"query-input\":{\"@type\":\"PropertyValueSpecification\",\"valueRequired\":true,\"valueName\":\"search_term_string\"}}],\"inLanguage\":\"es\"},{\"@type\":\"Organization\",\"@id\":\"https:\\\/\\\/patagoniambiental.com.ar\\\/info\\\/#organization\",\"name\":\"Patagonia Ambiental\",\"url\":\"https:\\\/\\\/patagoniambiental.com.ar\\\/info\\\/\",\"logo\":{\"@type\":\"ImageObject\",\"inLanguage\":\"es\",\"@id\":\"https:\\\/\\\/patagoniambiental.com.ar\\\/info\\\/#\\\/schema\\\/logo\\\/image\\\/\",\"url\":\"https:\\\/\\\/patagoniambiental.com.ar\\\/info\\\/wp-content\\\/uploads\\\/2025\\\/05\\\/LOGO-PATAGONIA-AMBIENTAL.png\",\"contentUrl\":\"https:\\\/\\\/patagoniambiental.com.ar\\\/info\\\/wp-content\\\/uploads\\\/2025\\\/05\\\/LOGO-PATAGONIA-AMBIENTAL.png\",\"width\":433,\"height\":250,\"caption\":\"Patagonia Ambiental\"},\"image\":{\"@id\":\"https:\\\/\\\/patagoniambiental.com.ar\\\/info\\\/#\\\/schema\\\/logo\\\/image\\\/\"},\"sameAs\":[\"https:\\\/\\\/www.facebook.com\\\/patagonia.ambiental\",\"https:\\\/\\\/x.com\\\/PatAmb\"]},{\"@type\":\"Person\",\"@id\":\"https:\\\/\\\/patagoniambiental.com.ar\\\/info\\\/#\\\/schema\\\/person\\\/db12bff64bbcbf6a253710bf0ea37b5d\",\"name\":\"Patagonia Ambiental\",\"description\":\"Andr\u00e9s Nievas T\u00e9cnico en manejo ambiental, consultor Ambiental y escritor para medios locales e internacionales sobre temas de geopolitica y medio ambiente.\",\"sameAs\":[\"http:\\\/\\\/www.patagoniambiental.com.ar\",\"https:\\\/\\\/www.facebook.com\\\/share\\\/1C1V8Gv9BX\\\/?mibextid=qi2Omg\",\"@patagoniambiental\",\"https:\\\/\\\/youtube.com\\\/@patagoniaambiental2023?si=BLt58t0wuXquxlYZ\"]}]}<\/script>\n<!-- \/ Yoast SEO Premium plugin. -->","yoast_head_json":{"title":"Temaiken en alerta","description":"Sab\u00edas que cientos de animales silvestres heridos, traficados o al borde de la muerte est\u00e1n siendo rescatados cada semana.","robots":{"index":"index","follow":"follow","max-snippet":"max-snippet:-1","max-image-preview":"max-image-preview:large","max-video-preview":"max-video-preview:-1"},"canonical":"https:\/\/patagoniambiental.com.ar\/info\/fundacion-temaiken\/","og_locale":"es_ES","og_type":"article","og_title":"Temaik\u00e9n en alerta: secretos del principal centro de rescate animal de Argentina y la urgente misi\u00f3n de proteger su biodiversidad","og_description":"Sab\u00edas que cientos de animales silvestres heridos, traficados o al borde de la muerte est\u00e1n siendo rescatados cada semana.","og_url":"https:\/\/patagoniambiental.com.ar\/info\/fundacion-temaiken\/","og_site_name":"Patagonia Ambiental","article_publisher":"https:\/\/www.facebook.com\/patagonia.ambiental","article_author":"https:\/\/www.facebook.com\/share\/1C1V8Gv9BX\/?mibextid=qi2Omg","article_published_time":"2025-11-20T11:00:00+00:00","article_modified_time":"2025-12-13T22:13:39+00:00","og_image":[{"width":850,"height":298,"url":"https:\/\/patagoniambiental.com.ar\/info\/wp-content\/uploads\/2025\/11\/Temaiken-en-alerta.webp","type":"image\/webp"}],"author":"Patagonia Ambiental","twitter_card":"summary_large_image","twitter_creator":"@PatAmb","twitter_site":"@PatAmb","schema":{"@context":"https:\/\/schema.org","@graph":[{"@type":"Article","@id":"https:\/\/patagoniambiental.com.ar\/info\/fundacion-temaiken\/#article","isPartOf":{"@id":"https:\/\/patagoniambiental.com.ar\/info\/fundacion-temaiken\/"},"author":{"name":"Patagonia Ambiental","@id":"https:\/\/patagoniambiental.com.ar\/info\/#\/schema\/person\/db12bff64bbcbf6a253710bf0ea37b5d"},"headline":"Temaik\u00e9n en alerta: secretos del principal centro de rescate animal de Argentina y la urgente misi\u00f3n de proteger su biodiversidad","datePublished":"2025-11-20T11:00:00+00:00","dateModified":"2025-12-13T22:13:39+00:00","mainEntityOfPage":{"@id":"https:\/\/patagoniambiental.com.ar\/info\/fundacion-temaiken\/"},"wordCount":1727,"commentCount":0,"publisher":{"@id":"https:\/\/patagoniambiental.com.ar\/info\/#organization"},"image":{"@id":"https:\/\/patagoniambiental.com.ar\/info\/fundacion-temaiken\/#primaryimage"},"thumbnailUrl":"https:\/\/patagoniambiental.com.ar\/info\/wp-content\/uploads\/2025\/11\/Temaiken-en-alerta.webp","articleSection":["Noticias","ONG"],"inLanguage":"es","potentialAction":[{"@type":"CommentAction","name":"Comment","target":["https:\/\/patagoniambiental.com.ar\/info\/fundacion-temaiken\/#respond"]}]},{"@type":"WebPage","@id":"https:\/\/patagoniambiental.com.ar\/info\/fundacion-temaiken\/","url":"https:\/\/patagoniambiental.com.ar\/info\/fundacion-temaiken\/","name":"Temaiken en alerta","isPartOf":{"@id":"https:\/\/patagoniambiental.com.ar\/info\/#website"},"primaryImageOfPage":{"@id":"https:\/\/patagoniambiental.com.ar\/info\/fundacion-temaiken\/#primaryimage"},"image":{"@id":"https:\/\/patagoniambiental.com.ar\/info\/fundacion-temaiken\/#primaryimage"},"thumbnailUrl":"https:\/\/patagoniambiental.com.ar\/info\/wp-content\/uploads\/2025\/11\/Temaiken-en-alerta.webp","datePublished":"2025-11-20T11:00:00+00:00","dateModified":"2025-12-13T22:13:39+00:00","description":"Sab\u00edas que cientos de animales silvestres heridos, traficados o al borde de la muerte est\u00e1n siendo rescatados cada semana.","breadcrumb":{"@id":"https:\/\/patagoniambiental.com.ar\/info\/fundacion-temaiken\/#breadcrumb"},"inLanguage":"es","potentialAction":[{"@type":"ReadAction","target":["https:\/\/patagoniambiental.com.ar\/info\/fundacion-temaiken\/"]}]},{"@type":"ImageObject","inLanguage":"es","@id":"https:\/\/patagoniambiental.com.ar\/info\/fundacion-temaiken\/#primaryimage","url":"https:\/\/patagoniambiental.com.ar\/info\/wp-content\/uploads\/2025\/11\/Temaiken-en-alerta.webp","contentUrl":"https:\/\/patagoniambiental.com.ar\/info\/wp-content\/uploads\/2025\/11\/Temaiken-en-alerta.webp","width":850,"height":298,"caption":"Temaiken en alerta"},{"@type":"BreadcrumbList","@id":"https:\/\/patagoniambiental.com.ar\/info\/fundacion-temaiken\/#breadcrumb","itemListElement":[{"@type":"ListItem","position":1,"name":"Inicio","item":"https:\/\/patagoniambiental.com.ar\/info\/"},{"@type":"ListItem","position":2,"name":"Temaik\u00e9n en alerta: secretos del principal centro de rescate animal de Argentina y la urgente misi\u00f3n de proteger su biodiversidad"}]},{"@type":"WebSite","@id":"https:\/\/patagoniambiental.com.ar\/info\/#website","url":"https:\/\/patagoniambiental.com.ar\/info\/","name":"Patagonia Ambiental","description":"Monitoreo y an\u00e1lisis de la situaci\u00f3n geopol\u00edtica en el mundo y su implicancia en la Patagonia","publisher":{"@id":"https:\/\/patagoniambiental.com.ar\/info\/#organization"},"potentialAction":[{"@type":"SearchAction","target":{"@type":"EntryPoint","urlTemplate":"https:\/\/patagoniambiental.com.ar\/info\/?s={search_term_string}"},"query-input":{"@type":"PropertyValueSpecification","valueRequired":true,"valueName":"search_term_string"}}],"inLanguage":"es"},{"@type":"Organization","@id":"https:\/\/patagoniambiental.com.ar\/info\/#organization","name":"Patagonia Ambiental","url":"https:\/\/patagoniambiental.com.ar\/info\/","logo":{"@type":"ImageObject","inLanguage":"es","@id":"https:\/\/patagoniambiental.com.ar\/info\/#\/schema\/logo\/image\/","url":"https:\/\/patagoniambiental.com.ar\/info\/wp-content\/uploads\/2025\/05\/LOGO-PATAGONIA-AMBIENTAL.png","contentUrl":"https:\/\/patagoniambiental.com.ar\/info\/wp-content\/uploads\/2025\/05\/LOGO-PATAGONIA-AMBIENTAL.png","width":433,"height":250,"caption":"Patagonia Ambiental"},"image":{"@id":"https:\/\/patagoniambiental.com.ar\/info\/#\/schema\/logo\/image\/"},"sameAs":["https:\/\/www.facebook.com\/patagonia.ambiental","https:\/\/x.com\/PatAmb"]},{"@type":"Person","@id":"https:\/\/patagoniambiental.com.ar\/info\/#\/schema\/person\/db12bff64bbcbf6a253710bf0ea37b5d","name":"Patagonia Ambiental","description":"Andr\u00e9s Nievas T\u00e9cnico en manejo ambiental, consultor Ambiental y escritor para medios locales e internacionales sobre temas de geopolitica y medio ambiente.","sameAs":["http:\/\/www.patagoniambiental.com.ar","https:\/\/www.facebook.com\/share\/1C1V8Gv9BX\/?mibextid=qi2Omg","@patagoniambiental","https:\/\/youtube.com\/@patagoniaambiental2023?si=BLt58t0wuXquxlYZ"]}]}},"_links":{"self":[{"href":"https:\/\/patagoniambiental.com.ar\/info\/wp-json\/wp\/v2\/posts\/99830","targetHints":{"allow":["GET"]}}],"collection":[{"href":"https:\/\/patagoniambiental.com.ar\/info\/wp-json\/wp\/v2\/posts"}],"about":[{"href":"https:\/\/patagoniambiental.com.ar\/info\/wp-json\/wp\/v2\/types\/post"}],"author":[{"embeddable":true,"href":"https:\/\/patagoniambiental.com.ar\/info\/wp-json\/wp\/v2\/users\/2"}],"replies":[{"embeddable":true,"href":"https:\/\/patagoniambiental.com.ar\/info\/wp-json\/wp\/v2\/comments?post=99830"}],"version-history":[{"count":3,"href":"https:\/\/patagoniambiental.com.ar\/info\/wp-json\/wp\/v2\/posts\/99830\/revisions"}],"predecessor-version":[{"id":100080,"href":"https:\/\/patagoniambiental.com.ar\/info\/wp-json\/wp\/v2\/posts\/99830\/revisions\/100080"}],"wp:featuredmedia":[{"embeddable":true,"href":"https:\/\/patagoniambiental.com.ar\/info\/wp-json\/wp\/v2\/media\/100078"}],"wp:attachment":[{"href":"https:\/\/patagoniambiental.com.ar\/info\/wp-json\/wp\/v2\/media?parent=99830"}],"wp:term":[{"taxonomy":"category","embeddable":true,"href":"https:\/\/patagoniambiental.com.ar\/info\/wp-json\/wp\/v2\/categories?post=99830"},{"taxonomy":"post_tag","embeddable":true,"href":"https:\/\/patagoniambiental.com.ar\/info\/wp-json\/wp\/v2\/tags?post=99830"}],"curies":[{"name":"wp","href":"https:\/\/api.w.org\/{rel}","templated":true}]}}