{"id":99838,"date":"2025-11-25T20:51:48","date_gmt":"2025-11-25T23:51:48","guid":{"rendered":"https:\/\/patagoniambiental.com.ar\/info\/?p=99838"},"modified":"2025-12-13T18:32:48","modified_gmt":"2025-12-13T21:32:48","slug":"99838-2","status":"publish","type":"post","link":"https:\/\/patagoniambiental.com.ar\/info\/99838-2\/","title":{"rendered":"Rio Negro revela un avance clave para frenar la contaminaci\u00f3n por pl\u00e1sticos en alta monta\u00f1a"},"content":{"rendered":"\n<p><strong> <\/strong><\/p>\n\n\n\n<!--more-->\n\n\n\n<p><strong>Investigaci\u00f3n in\u00e9dita expone la dimensi\u00f3n real del impacto de los desechos pl\u00e1sticos en ambientes de altura<\/strong><\/p>\n\n\n\n<p>Bariloche, R\u00edo Negro, 25 de noviembre de 2025. En medio de un contexto global donde la contaminaci\u00f3n pl\u00e1stica amenaza ecosistemas cada vez m\u00e1s remotos, la provincia de R\u00edo Negro dio un paso trascendental al avanzar en uno de los proyectos ambientales m\u00e1s importantes de la regi\u00f3n: la investigaci\u00f3n integral sobre <strong>micropl\u00e1sticos y residuos pl\u00e1sticos en alta monta\u00f1a<\/strong>, con foco en el emblem\u00e1tico <strong>Cerro Catedral<\/strong>, uno de los destinos tur\u00edsticos m\u00e1s visitados del pa\u00eds. El proyecto, impulsado por la <strong>Secretar\u00eda de Ambiente y Cambio Clim\u00e1tico<\/strong>, convoc\u00f3 a organismos nacionales, equipos t\u00e9cnicos multidisciplinarios y actores del sector privado para obtener datos cient\u00edficos capaces de transformar la gesti\u00f3n de residuos en \u00e1reas naturales fr\u00e1giles. Sorprendentemente, los primeros an\u00e1lisis ya anticipan hallazgos que podr\u00edan cambiar la forma en que entendemos la contaminaci\u00f3n en entornos cordilleranos, generando interrogantes clave sobre el impacto humano en zonas que hist\u00f3ricamente se cre\u00edan intactas.<\/p>\n\n\n\n<p><strong>Contaminaci\u00f3n en la alta monta\u00f1a: por qu\u00e9 los pl\u00e1sticos representan una amenaza creciente<\/strong><\/p>\n\n\n\n<p>El avance de residuos pl\u00e1sticos hacia zonas remotas ha sido identificado como una de las problem\u00e1ticas ambientales m\u00e1s urgentes de los \u00faltimos a\u00f1os. Aunque la sociedad suele asociar este tipo de contaminaci\u00f3n con \u00e1reas urbanas o costeras, las investigaciones recientes han demostrado que los <strong>micropl\u00e1sticos<\/strong> pueden viajar grandes distancias a trav\u00e9s del viento, el agua e incluso actividades recreativas de monta\u00f1a. En este contexto, R\u00edo Negro decidi\u00f3 abordar de manera integral la problem\u00e1tica que afecta al <strong>Cerro Catedral<\/strong>, un espacio donde confluyen turismo masivo, actividades deportivas, servicios y ecosistemas extremadamente vulnerables. La preocupaci\u00f3n se incrementa debido a que los pl\u00e1sticos, al fragmentarse, liberan sustancias qu\u00edmicas y se integran al ciclo natural del agua, afectando flora, fauna y potencialmente a las comunidades humanas que dependen de estos recursos.<\/p>\n\n\n\n<p><strong>Una jornada t\u00e9cnica sin precedentes reuni\u00f3 a especialistas nacionales e internacionales<\/strong><\/p>\n\n\n\n<p>El encuentro t\u00e9cnico liderado por la Secretar\u00eda de Ambiente tuvo una particularidad destacada: la presencia de expertos vinculados a los <strong>Convenios de Basilea y Estocolmo<\/strong>, normativas internacionales clave para la gesti\u00f3n y eliminaci\u00f3n de residuos peligrosos y contaminantes org\u00e1nicos persistentes. A estos aportes se sumaron investigadores del <strong>INTI (Instituto Nacional de Tecnolog\u00eda Industrial)<\/strong>, quienes ofrecieron una exposici\u00f3n detallada sobre el comportamiento de los pl\u00e1sticos en condiciones de altura, su degradaci\u00f3n acelerada por factores clim\u00e1ticos extremos y su impacto acumulativo en la biodiversidad. La combinaci\u00f3n de estas perspectivas permiti\u00f3 construir un diagn\u00f3stico integral que no solo analiza el estado actual de la contaminaci\u00f3n en la monta\u00f1a, sino que tambi\u00e9n anticipa riesgos futuros si no se implementan estrategias preventivas efectivas.<\/p>\n\n\n\n<p><strong>El sector privado se suma a la recuperaci\u00f3n: la experiencia de reciclaje de Finor<\/strong><\/p>\n\n\n\n<p>Uno de los aspectos m\u00e1s innovadores del proyecto fue la participaci\u00f3n activa de <strong>Finor<\/strong>, una empresa regional especializada en recuperaci\u00f3n y reciclaje de materiales. Su intervenci\u00f3n permiti\u00f3 comprender las oportunidades reales de valorizaci\u00f3n de residuos pl\u00e1sticos generados incluso en zonas dif\u00edciles de acceder. La firma comparti\u00f3 experiencias sobre log\u00edstica de recolecci\u00f3n, clasificaci\u00f3n, tratamiento y reinserci\u00f3n de los materiales en cadenas productivas locales. Este aporte agreg\u00f3 una dimensi\u00f3n fundamental al debate: la posibilidad de dise\u00f1ar <strong>circuitos circulares de reciclaje<\/strong> que permitan reducir significativamente la presi\u00f3n del turismo sobre el entorno. Adem\u00e1s, Finor destac\u00f3 que la recuperaci\u00f3n efectiva en alta monta\u00f1a requiere soluciones log\u00edsticas complejas que pueden optimizarse mediante cooperaci\u00f3n p\u00fablico-privada.<\/p>\n\n\n\n<p><strong>Intercambio interinstitucional: un paso decisivo hacia una gesti\u00f3n coordinada<\/strong><\/p>\n\n\n\n<p>Durante la jornada se realiz\u00f3 tambi\u00e9n un espacio de intercambio entre m\u00faltiples organismos: la <strong>Autoridad de Aguas (DPA)<\/strong>, la administraci\u00f3n del <strong>Cerro Catedral<\/strong>, el <strong>Municipio de Bariloche<\/strong>, equipos del <strong>INTI<\/strong>, Finor y la Secretar\u00eda de Ambiente. Cada instituci\u00f3n aport\u00f3 diagn\u00f3sticos, informaci\u00f3n y experiencias para identificar los principales desaf\u00edos en la gesti\u00f3n de residuos en zonas de uso tur\u00edstico intensivo. Entre los temas abordados se destacaron la falta de infraestructura en ciertos sectores del cerro, el aumento exponencial de visitantes durante temporadas altas y la necesidad urgente de implementar programas de educaci\u00f3n ambiental dirigidos a turistas y prestadores. Se discutieron, adem\u00e1s, posibles regulaciones que permitir\u00edan reducir el ingreso de pl\u00e1sticos al \u00e1rea protegida.<\/p>\n\n\n\n<p><strong>Por qu\u00e9 el Cerro Catedral es una zona cr\u00edtica para el estudio de micropl\u00e1sticos<\/strong><\/p>\n\n\n\n<p>El Cerro Catedral combina caracter\u00edsticas que lo convierten en un laboratorio natural ideal para estudiar la presencia de micropl\u00e1sticos en altura. Su gran afluencia tur\u00edstica, la variedad de actividades recreativas y la presencia de servicios e infraestructura generan un flujo constante de residuos. Sin embargo, los fuertes vientos, la erosi\u00f3n, el deshielo y las precipitaciones facilitan la fragmentaci\u00f3n del pl\u00e1stico y su incorporaci\u00f3n al ambiente. Los t\u00e9cnicos se\u00f1alaron que incluso peque\u00f1as part\u00edculas pueden recorrer kil\u00f3metros y depositarse en lagos, arroyos o zonas de nieve perpetua. Esto convierte al problema en un desaf\u00edo transfronterizo y multidimensional que requiere an\u00e1lisis complejos y un sistema de monitoreo permanente.<\/p>\n\n\n\n<p><strong>Toma de muestras: un operativo cient\u00edfico detallado para identificar micropl\u00e1sticos<\/strong><\/p>\n\n\n\n<p>El trabajo en territorio incluy\u00f3 dos actividades centrales: la <strong>toma de muestras de agua<\/strong> para analizar la presencia de micropl\u00e1sticos y la <strong>recolecci\u00f3n, clasificaci\u00f3n y pesaje de residuos<\/strong> en diversas \u00e1reas del cerro. Mientras un grupo recorri\u00f3 arroyos y cuerpos de agua estrat\u00e9gicos, otro equipo subi\u00f3 por zonas de senderos, sectores de esqu\u00ed y \u00e1reas recreativas. Estos procedimientos, realizados bajo protocolos cient\u00edficos, permitir\u00e1n al INTI evaluar no solo la cantidad de micropl\u00e1sticos presentes, sino tambi\u00e9n su composici\u00f3n, origen probable, tama\u00f1o y nivel de degradaci\u00f3n. Los resultados ser\u00e1n fundamentales para definir l\u00edneas de base, identificar puntos cr\u00edticos y dise\u00f1ar estrategias de mitigaci\u00f3n.<\/p>\n\n\n\n<p><strong>Los resultados preliminares prometen datos clave para el futuro ambiental de la provincia<\/strong><\/p>\n\n\n\n<p>Aunque los valores oficiales a\u00fan no fueron publicados, las autoridades adelantaron que el an\u00e1lisis permitir\u00e1 comprender con precisi\u00f3n el nivel de contaminaci\u00f3n actual, detectar tendencias emergentes y orientar pol\u00edticas p\u00fablicas de largo plazo. Esto incluye la posibilidad de crear programas de remediaci\u00f3n ambiental, campa\u00f1as educativas espec\u00edficas, normas de transporte y consumo de pl\u00e1sticos en zonas de monta\u00f1a y protocolos de manejo de residuos adaptados al turismo. La futura publicaci\u00f3n del informe del INTI generar\u00e1 gran inter\u00e9s entre ambientalistas, investigadores y organismos reguladores.<\/p>\n\n\n\n<p><strong>Turismo sostenible: una necesidad urgente en entornos de alta sensibilidad<\/strong><\/p>\n\n\n\n<p>Uno de los puntos m\u00e1s debatidos durante la jornada fue la relaci\u00f3n entre turismo y gesti\u00f3n de residuos. El Cerro Catedral recibe cada a\u00f1o a miles de visitantes, lo que genera desaf\u00edos significativos en materia de infraestructura ambiental. La contaminaci\u00f3n por pl\u00e1sticos no solo afecta al paisaje, sino tambi\u00e9n al bienestar de las especies que habitan la zona. Las autoridades insistieron en la importancia de implementar pr\u00e1cticas sostenibles que incluyan reducci\u00f3n de pl\u00e1sticos de un solo uso, sistemas de recolecci\u00f3n eficientes, campa\u00f1as preventivas y programas de capacitaci\u00f3n para operadores tur\u00edsticos. La construcci\u00f3n de un turismo verdaderamente sustentable es esencial para preservar la monta\u00f1a para futuras generaciones.<\/p>\n\n\n\n<p><strong>El rol de la ciencia en la protecci\u00f3n de ecosistemas cordilleranos<\/strong><\/p>\n\n\n\n<p>La generaci\u00f3n de informaci\u00f3n cient\u00edfica s\u00f3lida es uno de los grandes objetivos del proyecto \u201cDesechos Pl\u00e1sticos en Alta Monta\u00f1a\u201d. Esta investigaci\u00f3n no solo permitir\u00e1 conocer el estado real del problema, sino que tambi\u00e9n puede posicionar a R\u00edo Negro como referente nacional en la gesti\u00f3n de residuos en ambientes remotos. Los expertos destacan que la presencia de micropl\u00e1sticos en zonas de altura es una preocupaci\u00f3n creciente en todo el mundo, por lo que el aporte local podr\u00eda convertirse en una herramienta valiosa para estudios internacionales comparativos. La ciencia, en este caso, se convierte en un actor central para impulsar decisiones pol\u00edticas informadas.<\/p>\n\n\n\n<p><strong>La importancia de fortalecer la educaci\u00f3n ambiental ante este nuevo desaf\u00edo<\/strong><\/p>\n\n\n\n<p>El proyecto tambi\u00e9n resalta la necesidad de incorporar la tem\u00e1tica de micropl\u00e1sticos y contaminaci\u00f3n en monta\u00f1a dentro de las iniciativas de educaci\u00f3n ambiental, tanto en escuelas como en programas comunitarios. Los especialistas remarcaron que el cambio cultural es una de las herramientas m\u00e1s efectivas para reducir la presi\u00f3n humana sobre el medio ambiente. Promover el consumo responsable, evitar el abandono de residuos, disminuir el uso de pl\u00e1sticos innecesarios y comprender el impacto de las actividades recreativas son pasos clave para lograr una monta\u00f1a m\u00e1s limpia y protegida.<\/p>\n\n\n\n<p><strong>Infraestructura y pol\u00edticas p\u00fablicas: claves para una gesti\u00f3n eficiente<\/strong><\/p>\n\n\n\n<p>A lo largo del encuentro surgieron m\u00faltiples propuestas para mejorar la infraestructura de gesti\u00f3n de residuos en el Cerro Catedral. Entre ellas se mencionaron nuevos puntos de recolecci\u00f3n diferenciada, sistemas de compactaci\u00f3n remota, acuerdos con concesionarios para reducir la generaci\u00f3n de pl\u00e1sticos y mejoras log\u00edsticas para retirar residuos durante temporadas de climas adversos. Adem\u00e1s, las autoridades evaluaron la posibilidad de incorporar ordenanzas municipales o normativas provinciales que regulen el uso de determinados materiales pl\u00e1sticos en zonas sensibles.<\/p>\n\n\n\n<p><strong>El aporte del sector privado en la construcci\u00f3n de una econom\u00eda circular de monta\u00f1a<\/strong><\/p>\n\n\n\n<p>La participaci\u00f3n de Finor dej\u00f3 en claro que el sector privado puede ser un aliado estrat\u00e9gico en la creaci\u00f3n de un modelo de econom\u00eda circular que reduzca significativamente el impacto ambiental. Este enfoque incluye recuperar, reciclar y reintegrar materiales a procesos productivos, generando valor econ\u00f3mico y reduciendo los residuos enviados a disposici\u00f3n final. La articulaci\u00f3n entre empresas, municipio y provincia podr\u00eda convertirse en un ejemplo nacional de gesti\u00f3n de residuos en zonas tur\u00edsticas de monta\u00f1a.<\/p>\n\n\n\n<p><strong>El futuro del proyecto: hacia una pol\u00edtica integral de protecci\u00f3n de la alta monta\u00f1a<\/strong><\/p>\n\n\n\n<p>El proyecto \u201cDesechos Pl\u00e1sticos en Alta Monta\u00f1a\u201d representa solo el inicio de un plan m\u00e1s amplio destinado a fortalecer la gesti\u00f3n ambiental en todo R\u00edo Negro. Las autoridades anunciaron que los pr\u00f3ximos pasos incluir\u00e1n la instalaci\u00f3n de estaciones de monitoreo, nuevos relevamientos participativos, campa\u00f1as de sensibilizaci\u00f3n y acuerdos interinstitucionales permanentes. A medida que se publiquen los resultados del INTI, se podr\u00e1 ajustar y perfeccionar la estrategia provincial para frenar el avance de los pl\u00e1sticos en ecosistemas de alta sensibilidad.<\/p>\n","protected":false},"excerpt":{"rendered":"","protected":false},"author":2,"featured_media":100056,"comment_status":"open","ping_status":"open","sticky":false,"template":"","format":"standard","meta":{"site-sidebar-layout":"default","site-content-layout":"","ast-site-content-layout":"default","site-content-style":"default","site-sidebar-style":"default","ast-global-header-display":"","ast-banner-title-visibility":"","ast-main-header-display":"","ast-hfb-above-header-display":"","ast-hfb-below-header-display":"","ast-hfb-mobile-header-display":"","site-post-title":"","ast-breadcrumbs-content":"","ast-featured-img":"","footer-sml-layout":"","ast-disable-related-posts":"","theme-transparent-header-meta":"","adv-header-id-meta":"","stick-header-meta":"","header-above-stick-meta":"","header-main-stick-meta":"","header-below-stick-meta":"","astra-migrate-meta-layouts":"default","ast-page-background-enabled":"default","ast-page-background-meta":{"desktop":{"background-color":"var(--ast-global-color-5)","background-image":"","background-repeat":"repeat","background-position":"center center","background-size":"auto","background-attachment":"scroll","background-type":"","background-media":"","overlay-type":"","overlay-color":"","overlay-opacity":"","overlay-gradient":""},"tablet":{"background-color":"","background-image":"","background-repeat":"repeat","background-position":"center center","background-size":"auto","background-attachment":"scroll","background-type":"","background-media":"","overlay-type":"","overlay-color":"","overlay-opacity":"","overlay-gradient":""},"mobile":{"background-color":"","background-image":"","background-repeat":"repeat","background-position":"center center","background-size":"auto","background-attachment":"scroll","background-type":"","background-media":"","overlay-type":"","overlay-color":"","overlay-opacity":"","overlay-gradient":""}},"ast-content-background-meta":{"desktop":{"background-color":"var(--ast-global-color-4)","background-image":"","background-repeat":"repeat","background-position":"center center","background-size":"auto","background-attachment":"scroll","background-type":"","background-media":"","overlay-type":"","overlay-color":"","overlay-opacity":"","overlay-gradient":""},"tablet":{"background-color":"var(--ast-global-color-4)","background-image":"","background-repeat":"repeat","background-position":"center center","background-size":"auto","background-attachment":"scroll","background-type":"","background-media":"","overlay-type":"","overlay-color":"","overlay-opacity":"","overlay-gradient":""},"mobile":{"background-color":"var(--ast-global-color-4)","background-image":"","background-repeat":"repeat","background-position":"center center","background-size":"auto","background-attachment":"scroll","background-type":"","background-media":"","overlay-type":"","overlay-color":"","overlay-opacity":"","overlay-gradient":""}},"footnotes":""},"categories":[3386,3512,1],"tags":[],"class_list":["post-99838","post","type-post","status-publish","format-standard","has-post-thumbnail","hentry","category-destacadas","category-economia-circular","category-noticias"],"yoast_head":"<!-- This site is optimized with the Yoast SEO Premium plugin v23.0 (Yoast SEO v27.5) - https:\/\/yoast.com\/product\/yoast-seo-premium-wordpress\/ -->\n<title>frenar la contaminaci\u00f3n por pl\u00e1sticos en alta monta\u00f1a<\/title>\n<meta name=\"description\" content=\"En medio de un contexto donde la contaminaci\u00f3n pl\u00e1stica amenaza ecosistemas, la provincia de R\u00edo Negro dio un paso trascendental.\" \/>\n<meta name=\"robots\" content=\"index, follow, max-snippet:-1, max-image-preview:large, max-video-preview:-1\" \/>\n<link rel=\"canonical\" href=\"https:\/\/patagoniambiental.com.ar\/info\/99838-2\/\" \/>\n<meta property=\"og:locale\" content=\"es_ES\" \/>\n<meta property=\"og:type\" content=\"article\" \/>\n<meta property=\"og:title\" content=\"Rio Negro revela un avance clave para frenar la contaminaci\u00f3n por pl\u00e1sticos en alta monta\u00f1a\" \/>\n<meta property=\"og:description\" content=\"En medio de un contexto donde la contaminaci\u00f3n pl\u00e1stica amenaza ecosistemas, la provincia de R\u00edo Negro dio un paso trascendental.\" \/>\n<meta property=\"og:url\" content=\"https:\/\/patagoniambiental.com.ar\/info\/99838-2\/\" \/>\n<meta property=\"og:site_name\" content=\"Patagonia Ambiental\" \/>\n<meta property=\"article:publisher\" content=\"https:\/\/www.facebook.com\/patagonia.ambiental\" \/>\n<meta property=\"article:author\" content=\"https:\/\/www.facebook.com\/share\/1C1V8Gv9BX\/?mibextid=qi2Omg\" \/>\n<meta property=\"article:published_time\" content=\"2025-11-25T23:51:48+00:00\" \/>\n<meta property=\"article:modified_time\" content=\"2025-12-13T21:32:48+00:00\" \/>\n<meta property=\"og:image\" content=\"https:\/\/patagoniambiental.com.ar\/info\/wp-content\/uploads\/2025\/11\/contaminacion-de-plasticos-en-alta-montana.webp\" \/>\n\t<meta property=\"og:image:width\" content=\"1068\" \/>\n\t<meta property=\"og:image:height\" content=\"600\" \/>\n\t<meta property=\"og:image:type\" content=\"image\/webp\" \/>\n<meta name=\"author\" content=\"Patagonia Ambiental\" \/>\n<meta name=\"twitter:card\" content=\"summary_large_image\" \/>\n<meta name=\"twitter:creator\" content=\"@PatAmb\" \/>\n<meta name=\"twitter:site\" content=\"@PatAmb\" \/>\n<script type=\"application\/ld+json\" class=\"yoast-schema-graph\">{\"@context\":\"https:\\\/\\\/schema.org\",\"@graph\":[{\"@type\":\"Article\",\"@id\":\"https:\\\/\\\/patagoniambiental.com.ar\\\/info\\\/99838-2\\\/#article\",\"isPartOf\":{\"@id\":\"https:\\\/\\\/patagoniambiental.com.ar\\\/info\\\/99838-2\\\/\"},\"author\":{\"name\":\"Patagonia Ambiental\",\"@id\":\"https:\\\/\\\/patagoniambiental.com.ar\\\/info\\\/#\\\/schema\\\/person\\\/db12bff64bbcbf6a253710bf0ea37b5d\"},\"headline\":\"Rio Negro revela un avance clave para frenar la contaminaci\u00f3n por pl\u00e1sticos en alta monta\u00f1a\",\"datePublished\":\"2025-11-25T23:51:48+00:00\",\"dateModified\":\"2025-12-13T21:32:48+00:00\",\"mainEntityOfPage\":{\"@id\":\"https:\\\/\\\/patagoniambiental.com.ar\\\/info\\\/99838-2\\\/\"},\"wordCount\":1839,\"commentCount\":0,\"publisher\":{\"@id\":\"https:\\\/\\\/patagoniambiental.com.ar\\\/info\\\/#organization\"},\"image\":{\"@id\":\"https:\\\/\\\/patagoniambiental.com.ar\\\/info\\\/99838-2\\\/#primaryimage\"},\"thumbnailUrl\":\"https:\\\/\\\/patagoniambiental.com.ar\\\/info\\\/wp-content\\\/uploads\\\/2025\\\/11\\\/contaminacion-de-plasticos-en-alta-montana.webp\",\"articleSection\":[\"Destacadas\",\"Econom\u00eda Circular\",\"Noticias\"],\"inLanguage\":\"es\",\"potentialAction\":[{\"@type\":\"CommentAction\",\"name\":\"Comment\",\"target\":[\"https:\\\/\\\/patagoniambiental.com.ar\\\/info\\\/99838-2\\\/#respond\"]}]},{\"@type\":\"WebPage\",\"@id\":\"https:\\\/\\\/patagoniambiental.com.ar\\\/info\\\/99838-2\\\/\",\"url\":\"https:\\\/\\\/patagoniambiental.com.ar\\\/info\\\/99838-2\\\/\",\"name\":\"frenar la contaminaci\u00f3n por pl\u00e1sticos en alta monta\u00f1a\",\"isPartOf\":{\"@id\":\"https:\\\/\\\/patagoniambiental.com.ar\\\/info\\\/#website\"},\"primaryImageOfPage\":{\"@id\":\"https:\\\/\\\/patagoniambiental.com.ar\\\/info\\\/99838-2\\\/#primaryimage\"},\"image\":{\"@id\":\"https:\\\/\\\/patagoniambiental.com.ar\\\/info\\\/99838-2\\\/#primaryimage\"},\"thumbnailUrl\":\"https:\\\/\\\/patagoniambiental.com.ar\\\/info\\\/wp-content\\\/uploads\\\/2025\\\/11\\\/contaminacion-de-plasticos-en-alta-montana.webp\",\"datePublished\":\"2025-11-25T23:51:48+00:00\",\"dateModified\":\"2025-12-13T21:32:48+00:00\",\"description\":\"En medio de un contexto donde la contaminaci\u00f3n pl\u00e1stica amenaza ecosistemas, la provincia de R\u00edo Negro dio un paso trascendental.\",\"breadcrumb\":{\"@id\":\"https:\\\/\\\/patagoniambiental.com.ar\\\/info\\\/99838-2\\\/#breadcrumb\"},\"inLanguage\":\"es\",\"potentialAction\":[{\"@type\":\"ReadAction\",\"target\":[\"https:\\\/\\\/patagoniambiental.com.ar\\\/info\\\/99838-2\\\/\"]}]},{\"@type\":\"ImageObject\",\"inLanguage\":\"es\",\"@id\":\"https:\\\/\\\/patagoniambiental.com.ar\\\/info\\\/99838-2\\\/#primaryimage\",\"url\":\"https:\\\/\\\/patagoniambiental.com.ar\\\/info\\\/wp-content\\\/uploads\\\/2025\\\/11\\\/contaminacion-de-plasticos-en-alta-montana.webp\",\"contentUrl\":\"https:\\\/\\\/patagoniambiental.com.ar\\\/info\\\/wp-content\\\/uploads\\\/2025\\\/11\\\/contaminacion-de-plasticos-en-alta-montana.webp\",\"width\":1068,\"height\":600,\"caption\":\"Contaminaci\u00f3n de Pl\u00e1sticos en Altas Monta\u00f1as\"},{\"@type\":\"BreadcrumbList\",\"@id\":\"https:\\\/\\\/patagoniambiental.com.ar\\\/info\\\/99838-2\\\/#breadcrumb\",\"itemListElement\":[{\"@type\":\"ListItem\",\"position\":1,\"name\":\"Inicio\",\"item\":\"https:\\\/\\\/patagoniambiental.com.ar\\\/info\\\/\"},{\"@type\":\"ListItem\",\"position\":2,\"name\":\"Rio Negro revela un avance clave para frenar la contaminaci\u00f3n por pl\u00e1sticos en alta monta\u00f1a\"}]},{\"@type\":\"WebSite\",\"@id\":\"https:\\\/\\\/patagoniambiental.com.ar\\\/info\\\/#website\",\"url\":\"https:\\\/\\\/patagoniambiental.com.ar\\\/info\\\/\",\"name\":\"Patagonia Ambiental\",\"description\":\"Monitoreo y an\u00e1lisis de la situaci\u00f3n geopol\u00edtica en el mundo y su implicancia en la Patagonia\",\"publisher\":{\"@id\":\"https:\\\/\\\/patagoniambiental.com.ar\\\/info\\\/#organization\"},\"potentialAction\":[{\"@type\":\"SearchAction\",\"target\":{\"@type\":\"EntryPoint\",\"urlTemplate\":\"https:\\\/\\\/patagoniambiental.com.ar\\\/info\\\/?s={search_term_string}\"},\"query-input\":{\"@type\":\"PropertyValueSpecification\",\"valueRequired\":true,\"valueName\":\"search_term_string\"}}],\"inLanguage\":\"es\"},{\"@type\":\"Organization\",\"@id\":\"https:\\\/\\\/patagoniambiental.com.ar\\\/info\\\/#organization\",\"name\":\"Patagonia Ambiental\",\"url\":\"https:\\\/\\\/patagoniambiental.com.ar\\\/info\\\/\",\"logo\":{\"@type\":\"ImageObject\",\"inLanguage\":\"es\",\"@id\":\"https:\\\/\\\/patagoniambiental.com.ar\\\/info\\\/#\\\/schema\\\/logo\\\/image\\\/\",\"url\":\"https:\\\/\\\/patagoniambiental.com.ar\\\/info\\\/wp-content\\\/uploads\\\/2025\\\/05\\\/LOGO-PATAGONIA-AMBIENTAL.png\",\"contentUrl\":\"https:\\\/\\\/patagoniambiental.com.ar\\\/info\\\/wp-content\\\/uploads\\\/2025\\\/05\\\/LOGO-PATAGONIA-AMBIENTAL.png\",\"width\":433,\"height\":250,\"caption\":\"Patagonia Ambiental\"},\"image\":{\"@id\":\"https:\\\/\\\/patagoniambiental.com.ar\\\/info\\\/#\\\/schema\\\/logo\\\/image\\\/\"},\"sameAs\":[\"https:\\\/\\\/www.facebook.com\\\/patagonia.ambiental\",\"https:\\\/\\\/x.com\\\/PatAmb\"]},{\"@type\":\"Person\",\"@id\":\"https:\\\/\\\/patagoniambiental.com.ar\\\/info\\\/#\\\/schema\\\/person\\\/db12bff64bbcbf6a253710bf0ea37b5d\",\"name\":\"Patagonia Ambiental\",\"description\":\"Andr\u00e9s Nievas T\u00e9cnico en manejo ambiental, consultor Ambiental y escritor para medios locales e internacionales sobre temas de geopolitica y medio ambiente.\",\"sameAs\":[\"http:\\\/\\\/www.patagoniambiental.com.ar\",\"https:\\\/\\\/www.facebook.com\\\/share\\\/1C1V8Gv9BX\\\/?mibextid=qi2Omg\",\"@patagoniambiental\",\"https:\\\/\\\/youtube.com\\\/@patagoniaambiental2023?si=BLt58t0wuXquxlYZ\"]}]}<\/script>\n<!-- \/ Yoast SEO Premium plugin. -->","yoast_head_json":{"title":"frenar la contaminaci\u00f3n por pl\u00e1sticos en alta monta\u00f1a","description":"En medio de un contexto donde la contaminaci\u00f3n pl\u00e1stica amenaza ecosistemas, la provincia de R\u00edo Negro dio un paso trascendental.","robots":{"index":"index","follow":"follow","max-snippet":"max-snippet:-1","max-image-preview":"max-image-preview:large","max-video-preview":"max-video-preview:-1"},"canonical":"https:\/\/patagoniambiental.com.ar\/info\/99838-2\/","og_locale":"es_ES","og_type":"article","og_title":"Rio Negro revela un avance clave para frenar la contaminaci\u00f3n por pl\u00e1sticos en alta monta\u00f1a","og_description":"En medio de un contexto donde la contaminaci\u00f3n pl\u00e1stica amenaza ecosistemas, la provincia de R\u00edo Negro dio un paso trascendental.","og_url":"https:\/\/patagoniambiental.com.ar\/info\/99838-2\/","og_site_name":"Patagonia Ambiental","article_publisher":"https:\/\/www.facebook.com\/patagonia.ambiental","article_author":"https:\/\/www.facebook.com\/share\/1C1V8Gv9BX\/?mibextid=qi2Omg","article_published_time":"2025-11-25T23:51:48+00:00","article_modified_time":"2025-12-13T21:32:48+00:00","og_image":[{"width":1068,"height":600,"url":"https:\/\/patagoniambiental.com.ar\/info\/wp-content\/uploads\/2025\/11\/contaminacion-de-plasticos-en-alta-montana.webp","type":"image\/webp"}],"author":"Patagonia Ambiental","twitter_card":"summary_large_image","twitter_creator":"@PatAmb","twitter_site":"@PatAmb","schema":{"@context":"https:\/\/schema.org","@graph":[{"@type":"Article","@id":"https:\/\/patagoniambiental.com.ar\/info\/99838-2\/#article","isPartOf":{"@id":"https:\/\/patagoniambiental.com.ar\/info\/99838-2\/"},"author":{"name":"Patagonia Ambiental","@id":"https:\/\/patagoniambiental.com.ar\/info\/#\/schema\/person\/db12bff64bbcbf6a253710bf0ea37b5d"},"headline":"Rio Negro revela un avance clave para frenar la contaminaci\u00f3n por pl\u00e1sticos en alta monta\u00f1a","datePublished":"2025-11-25T23:51:48+00:00","dateModified":"2025-12-13T21:32:48+00:00","mainEntityOfPage":{"@id":"https:\/\/patagoniambiental.com.ar\/info\/99838-2\/"},"wordCount":1839,"commentCount":0,"publisher":{"@id":"https:\/\/patagoniambiental.com.ar\/info\/#organization"},"image":{"@id":"https:\/\/patagoniambiental.com.ar\/info\/99838-2\/#primaryimage"},"thumbnailUrl":"https:\/\/patagoniambiental.com.ar\/info\/wp-content\/uploads\/2025\/11\/contaminacion-de-plasticos-en-alta-montana.webp","articleSection":["Destacadas","Econom\u00eda Circular","Noticias"],"inLanguage":"es","potentialAction":[{"@type":"CommentAction","name":"Comment","target":["https:\/\/patagoniambiental.com.ar\/info\/99838-2\/#respond"]}]},{"@type":"WebPage","@id":"https:\/\/patagoniambiental.com.ar\/info\/99838-2\/","url":"https:\/\/patagoniambiental.com.ar\/info\/99838-2\/","name":"frenar la contaminaci\u00f3n por pl\u00e1sticos en alta monta\u00f1a","isPartOf":{"@id":"https:\/\/patagoniambiental.com.ar\/info\/#website"},"primaryImageOfPage":{"@id":"https:\/\/patagoniambiental.com.ar\/info\/99838-2\/#primaryimage"},"image":{"@id":"https:\/\/patagoniambiental.com.ar\/info\/99838-2\/#primaryimage"},"thumbnailUrl":"https:\/\/patagoniambiental.com.ar\/info\/wp-content\/uploads\/2025\/11\/contaminacion-de-plasticos-en-alta-montana.webp","datePublished":"2025-11-25T23:51:48+00:00","dateModified":"2025-12-13T21:32:48+00:00","description":"En medio de un contexto donde la contaminaci\u00f3n pl\u00e1stica amenaza ecosistemas, la provincia de R\u00edo Negro dio un paso trascendental.","breadcrumb":{"@id":"https:\/\/patagoniambiental.com.ar\/info\/99838-2\/#breadcrumb"},"inLanguage":"es","potentialAction":[{"@type":"ReadAction","target":["https:\/\/patagoniambiental.com.ar\/info\/99838-2\/"]}]},{"@type":"ImageObject","inLanguage":"es","@id":"https:\/\/patagoniambiental.com.ar\/info\/99838-2\/#primaryimage","url":"https:\/\/patagoniambiental.com.ar\/info\/wp-content\/uploads\/2025\/11\/contaminacion-de-plasticos-en-alta-montana.webp","contentUrl":"https:\/\/patagoniambiental.com.ar\/info\/wp-content\/uploads\/2025\/11\/contaminacion-de-plasticos-en-alta-montana.webp","width":1068,"height":600,"caption":"Contaminaci\u00f3n de Pl\u00e1sticos en Altas Monta\u00f1as"},{"@type":"BreadcrumbList","@id":"https:\/\/patagoniambiental.com.ar\/info\/99838-2\/#breadcrumb","itemListElement":[{"@type":"ListItem","position":1,"name":"Inicio","item":"https:\/\/patagoniambiental.com.ar\/info\/"},{"@type":"ListItem","position":2,"name":"Rio Negro revela un avance clave para frenar la contaminaci\u00f3n por pl\u00e1sticos en alta monta\u00f1a"}]},{"@type":"WebSite","@id":"https:\/\/patagoniambiental.com.ar\/info\/#website","url":"https:\/\/patagoniambiental.com.ar\/info\/","name":"Patagonia Ambiental","description":"Monitoreo y an\u00e1lisis de la situaci\u00f3n geopol\u00edtica en el mundo y su implicancia en la Patagonia","publisher":{"@id":"https:\/\/patagoniambiental.com.ar\/info\/#organization"},"potentialAction":[{"@type":"SearchAction","target":{"@type":"EntryPoint","urlTemplate":"https:\/\/patagoniambiental.com.ar\/info\/?s={search_term_string}"},"query-input":{"@type":"PropertyValueSpecification","valueRequired":true,"valueName":"search_term_string"}}],"inLanguage":"es"},{"@type":"Organization","@id":"https:\/\/patagoniambiental.com.ar\/info\/#organization","name":"Patagonia Ambiental","url":"https:\/\/patagoniambiental.com.ar\/info\/","logo":{"@type":"ImageObject","inLanguage":"es","@id":"https:\/\/patagoniambiental.com.ar\/info\/#\/schema\/logo\/image\/","url":"https:\/\/patagoniambiental.com.ar\/info\/wp-content\/uploads\/2025\/05\/LOGO-PATAGONIA-AMBIENTAL.png","contentUrl":"https:\/\/patagoniambiental.com.ar\/info\/wp-content\/uploads\/2025\/05\/LOGO-PATAGONIA-AMBIENTAL.png","width":433,"height":250,"caption":"Patagonia Ambiental"},"image":{"@id":"https:\/\/patagoniambiental.com.ar\/info\/#\/schema\/logo\/image\/"},"sameAs":["https:\/\/www.facebook.com\/patagonia.ambiental","https:\/\/x.com\/PatAmb"]},{"@type":"Person","@id":"https:\/\/patagoniambiental.com.ar\/info\/#\/schema\/person\/db12bff64bbcbf6a253710bf0ea37b5d","name":"Patagonia Ambiental","description":"Andr\u00e9s Nievas T\u00e9cnico en manejo ambiental, consultor Ambiental y escritor para medios locales e internacionales sobre temas de geopolitica y medio ambiente.","sameAs":["http:\/\/www.patagoniambiental.com.ar","https:\/\/www.facebook.com\/share\/1C1V8Gv9BX\/?mibextid=qi2Omg","@patagoniambiental","https:\/\/youtube.com\/@patagoniaambiental2023?si=BLt58t0wuXquxlYZ"]}]}},"_links":{"self":[{"href":"https:\/\/patagoniambiental.com.ar\/info\/wp-json\/wp\/v2\/posts\/99838","targetHints":{"allow":["GET"]}}],"collection":[{"href":"https:\/\/patagoniambiental.com.ar\/info\/wp-json\/wp\/v2\/posts"}],"about":[{"href":"https:\/\/patagoniambiental.com.ar\/info\/wp-json\/wp\/v2\/types\/post"}],"author":[{"embeddable":true,"href":"https:\/\/patagoniambiental.com.ar\/info\/wp-json\/wp\/v2\/users\/2"}],"replies":[{"embeddable":true,"href":"https:\/\/patagoniambiental.com.ar\/info\/wp-json\/wp\/v2\/comments?post=99838"}],"version-history":[{"count":2,"href":"https:\/\/patagoniambiental.com.ar\/info\/wp-json\/wp\/v2\/posts\/99838\/revisions"}],"predecessor-version":[{"id":99841,"href":"https:\/\/patagoniambiental.com.ar\/info\/wp-json\/wp\/v2\/posts\/99838\/revisions\/99841"}],"wp:featuredmedia":[{"embeddable":true,"href":"https:\/\/patagoniambiental.com.ar\/info\/wp-json\/wp\/v2\/media\/100056"}],"wp:attachment":[{"href":"https:\/\/patagoniambiental.com.ar\/info\/wp-json\/wp\/v2\/media?parent=99838"}],"wp:term":[{"taxonomy":"category","embeddable":true,"href":"https:\/\/patagoniambiental.com.ar\/info\/wp-json\/wp\/v2\/categories?post=99838"},{"taxonomy":"post_tag","embeddable":true,"href":"https:\/\/patagoniambiental.com.ar\/info\/wp-json\/wp\/v2\/tags?post=99838"}],"curies":[{"name":"wp","href":"https:\/\/api.w.org\/{rel}","templated":true}]}}